{"id":987,"date":"2023-04-26T14:05:54","date_gmt":"2023-04-26T14:05:54","guid":{"rendered":"https:\/\/stcmedios.com\/?p=987"},"modified":"2023-04-26T14:06:03","modified_gmt":"2023-04-26T14:06:03","slug":"se-activa-la-mesa-departamental-de-participacion-de-ninos-ninas-y-adolescentes","status":"publish","type":"post","link":"https:\/\/stcmedios.com\/index.php\/2023\/04\/26\/se-activa-la-mesa-departamental-de-participacion-de-ninos-ninas-y-adolescentes\/","title":{"rendered":"Se activa la Mesa Departamental de Participaci\u00f3n de Ni\u00f1os, Ni\u00f1as y Adolescentes"},"content":{"rendered":"<div>\n<p dir=\"ltr\"><span lang=\"ES\">M\u00e1s de 50 menores de diferentes municipios del territorio se dieron cita en la Gobernaci\u00f3n de Cundinamarca para activar la Mesa Departamental de Participaci\u00f3n de Ni\u00f1os, Ni\u00f1as y Adolescentes.<\/span><\/p>\n<p dir=\"ltr\"><span lang=\"ES\">\u00abEl prop\u00f3sito es que ustedes se integren y disfruten de todo lo que tienen como beneficio y derecho en sus municipios. Es muy importante que estas mesas permanezcan activas. Cuenten con el apoyo de la Secretar\u00eda de Desarrollo e Inclusi\u00f3n Social y todo el equipo de trabajo que la componen\u00bb, dijo la secretaria de Desarrollo e Inclusi\u00f3n Social, Lucy Adriana Hern\u00e1ndez, al instalar el encuentro y dar la bienvenida a los asistentes.<\/span><\/p>\n<p dir=\"ltr\"><span lang=\"ES\">Fue as\u00ed como representantes de las mesas de participaci\u00f3n de ni\u00f1os, ni\u00f1as y adolescentes de Gama, Tenjo, Cajic\u00e1\u00a0 Madrid, Cachipay, Ubat\u00e9, Alb\u00e1n, Facatativ\u00e1, El Colegio, Ricaurte, Ubaque, Sop\u00f3, Fusagasug\u00e1, Cota y Silvania, entre otros municipios se reunieron por primera vez con miras a activar esta instancia de participaci\u00f3n y elegir democr\u00e1ticamente a Sharon Rodriguez (15 a\u00f1os), del municipio de Tenjo, como presidente y a Mariana Mclein (16 a\u00f1os), de Sop\u00f3, como\u00a0<\/span><span lang=\"ES\">Secretar\u00eda.<\/span><\/p>\n<p dir=\"ltr\"><span lang=\"ES\">En desarrollo de la agenda, se abordaron temas como la socializaci\u00f3n de las mesas de participaci\u00f3n de ni\u00f1os, ni\u00f1as y adolescentes por parte del ICBF; la Rendici\u00f3n de Cuentas de Ni\u00f1os, Ni\u00f1as y Adolescentes; y el reconocimiento de las entidades de participaci\u00f3n de la Gobernaci\u00f3n de Cundinamarca, entre otros.<\/span><\/p>\n<p dir=\"ltr\"><span lang=\"ES\">\u201cLa idea es que ustedes incidan en las decisiones de los gobernantes territoriales y se van hoy de ac\u00e1 con una tarea fundamental y es compartirles a sus pares todo lo que sucedi\u00f3 hoy para que en la pr\u00f3xima reuni\u00f3n lleguen con temas prioritarios entre los que elegiremos 4 o 5 para tratar\u00a0 durante el resto del a\u00f1o y continuar as\u00ed fortaleciendo esta Mesa\u201d, propuso el delegado del Instituto Colombiano de Bienestar Familiar (ICBF), Jorge Morales.<\/span><\/p>\n<\/div>\n","protected":false},"excerpt":{"rendered":"<p>M\u00e1s de 50 menores de diferentes municipios del territorio se dieron cita en la Gobernaci\u00f3n de Cundinamarca para activar la Mesa Departamental de Participaci\u00f3n de Ni\u00f1os, Ni\u00f1as y Adolescentes. \u00abEl prop\u00f3sito es que ustedes se integren y disfruten de todo lo que tienen como beneficio y derecho en sus municipios. Es muy importante que estas [&hellip;]<\/p>\n","protected":false},"author":1,"featured_media":988,"comment_status":"open","ping_status":"open","sticky":false,"template":"","format":"standard","meta":{"rop_custom_images_group":[],"rop_custom_messages_group":[],"rop_publish_now":"initial","rop_publish_now_accounts":{"facebook_1821922728178256_102311254498371":""},"rop_publish_now_history":[],"rop_publish_now_status":"pending","footnotes":""},"categories":[4],"tags":[],"class_list":["post-987","post","type-post","status-publish","format-standard","has-post-thumbnail","hentry","category-prensa"],"_links":{"self":[{"href":"https:\/\/stcmedios.com\/index.php\/wp-json\/wp\/v2\/posts\/987","targetHints":{"allow":["GET"]}}],"collection":[{"href":"https:\/\/stcmedios.com\/index.php\/wp-json\/wp\/v2\/posts"}],"about":[{"href":"https:\/\/stcmedios.com\/index.php\/wp-json\/wp\/v2\/types\/post"}],"author":[{"embeddable":true,"href":"https:\/\/stcmedios.com\/index.php\/wp-json\/wp\/v2\/users\/1"}],"replies":[{"embeddable":true,"href":"https:\/\/stcmedios.com\/index.php\/wp-json\/wp\/v2\/comments?post=987"}],"version-history":[{"count":0,"href":"https:\/\/stcmedios.com\/index.php\/wp-json\/wp\/v2\/posts\/987\/revisions"}],"wp:featuredmedia":[{"embeddable":true,"href":"https:\/\/stcmedios.com\/index.php\/wp-json\/wp\/v2\/media\/988"}],"wp:attachment":[{"href":"https:\/\/stcmedios.com\/index.php\/wp-json\/wp\/v2\/media?parent=987"}],"wp:term":[{"taxonomy":"category","embeddable":true,"href":"https:\/\/stcmedios.com\/index.php\/wp-json\/wp\/v2\/categories?post=987"},{"taxonomy":"post_tag","embeddable":true,"href":"https:\/\/stcmedios.com\/index.php\/wp-json\/wp\/v2\/tags?post=987"}],"curies":[{"name":"wp","href":"https:\/\/api.w.org\/{rel}","templated":true}]}}