{"id":979,"date":"2023-04-21T12:00:33","date_gmt":"2023-04-21T12:00:33","guid":{"rendered":"https:\/\/stcmedios.com\/?p=979"},"modified":"2023-04-21T12:00:33","modified_gmt":"2023-04-21T12:00:33","slug":"24-000-millones-adicionales-para-la-troncal-del-guavio","status":"publish","type":"post","link":"https:\/\/stcmedios.com\/index.php\/2023\/04\/21\/24-000-millones-adicionales-para-la-troncal-del-guavio\/","title":{"rendered":"$24.000 millones adicionales para la Troncal del Guavio"},"content":{"rendered":"<div>\n<p dir=\"ltr\">La Gobernaci\u00f3n de Cundinamarca y el Ministerio de Transporte realizaron la formalizaci\u00f3n del convenio interadministrativo 1093 de 2023, el cual tiene el objetivo de aunar esfuerzos para el mejoramiento de la v\u00eda Troncal del Guavio mediante una inversi\u00f3n adicional de $24.000 millones.<\/p>\n<p dir=\"ltr\">\u201cEstamos muy felices de ver c\u00f3mo honramos la palabra, trabajamos en equipo haciendo mesas de trabajo y demostrando c\u00f3mo ha avanzado el Plan 500, con una inversi\u00f3n inicial de $50 mil millones de la Gobernaci\u00f3n de Cundinamarca. El se\u00f1or ministro ahora nos permite estar ac\u00e1 con una adici\u00f3n de $24.000 millones, que representa un gran avance para toda la provincia\u201d, expres\u00f3 en mandatario Nicol\u00e1s Garc\u00eda.<\/p>\n<p dir=\"ltr\">Por su parte, el ministro de transporte Guillermo Reyes Gonz\u00e1lez declar\u00f3 que: \u201cNos hemos sumado como Gobierno Nacional a esta inversi\u00f3n que viene realizando la Gobernaci\u00f3n de Cundinamarca. Este aporte se hace con satisfacci\u00f3n, reivindicando la conectividad en aquellos lugares donde hay tantas dificultades en cuanto a v\u00edas se refiere\u201d.<\/p>\n<p dir=\"ltr\">En la firma protocolaria participaron tambi\u00e9n Nancy Valbuena Ramos, Gerente General del Instituto de Infraestructura y Concesiones de Cundinamarca (ICCU), y Juan Alfonso Latorre Uriza, Director General del Instituto Nacional de V\u00edas (INVIAS).<\/p>\n<p dir=\"ltr\">Recordemos que la Troncal del Guavio unir\u00e1 a los municipios de Guasca, Sueva, Gachet\u00e1 y Ubal\u00e1, mediante la construcci\u00f3n e intervenci\u00f3n del corredor vial, beneficiando a los m\u00e1s de 80 mil habitantes de esta importante provincia del departamento. Igualmente, esta v\u00eda se considera de relevancia para la entrada y salida de productos agr\u00edcolas y ganaderos, e insumos, los cuales garantizan el abastecimiento alimentario y de energ\u00eda, no \u00fanicamente de parte de Cundinamarca, sino tambi\u00e9n de Meta y Boyac\u00e1.<\/p>\n<\/div>\n","protected":false},"excerpt":{"rendered":"<p>La Gobernaci\u00f3n de Cundinamarca y el Ministerio de Transporte realizaron la formalizaci\u00f3n del convenio interadministrativo 1093 de 2023, el cual tiene el objetivo de aunar esfuerzos para el mejoramiento de la v\u00eda Troncal del Guavio mediante una inversi\u00f3n adicional de $24.000 millones. \u201cEstamos muy felices de ver c\u00f3mo honramos la palabra, trabajamos en equipo haciendo [&hellip;]<\/p>\n","protected":false},"author":1,"featured_media":980,"comment_status":"open","ping_status":"open","sticky":false,"template":"","format":"standard","meta":{"rop_custom_images_group":[],"rop_custom_messages_group":[],"rop_publish_now":"initial","rop_publish_now_accounts":{"facebook_1821922728178256_102311254498371":""},"rop_publish_now_history":[],"rop_publish_now_status":"pending","footnotes":""},"categories":[4],"tags":[86,58,30,25],"class_list":["post-979","post","type-post","status-publish","format-standard","has-post-thumbnail","hentry","category-prensa","tag-gobernacion-de-cundinamarca","tag-guavio","tag-periodismo","tag-stcregion"],"_links":{"self":[{"href":"https:\/\/stcmedios.com\/index.php\/wp-json\/wp\/v2\/posts\/979","targetHints":{"allow":["GET"]}}],"collection":[{"href":"https:\/\/stcmedios.com\/index.php\/wp-json\/wp\/v2\/posts"}],"about":[{"href":"https:\/\/stcmedios.com\/index.php\/wp-json\/wp\/v2\/types\/post"}],"author":[{"embeddable":true,"href":"https:\/\/stcmedios.com\/index.php\/wp-json\/wp\/v2\/users\/1"}],"replies":[{"embeddable":true,"href":"https:\/\/stcmedios.com\/index.php\/wp-json\/wp\/v2\/comments?post=979"}],"version-history":[{"count":0,"href":"https:\/\/stcmedios.com\/index.php\/wp-json\/wp\/v2\/posts\/979\/revisions"}],"wp:featuredmedia":[{"embeddable":true,"href":"https:\/\/stcmedios.com\/index.php\/wp-json\/wp\/v2\/media\/980"}],"wp:attachment":[{"href":"https:\/\/stcmedios.com\/index.php\/wp-json\/wp\/v2\/media?parent=979"}],"wp:term":[{"taxonomy":"category","embeddable":true,"href":"https:\/\/stcmedios.com\/index.php\/wp-json\/wp\/v2\/categories?post=979"},{"taxonomy":"post_tag","embeddable":true,"href":"https:\/\/stcmedios.com\/index.php\/wp-json\/wp\/v2\/tags?post=979"}],"curies":[{"name":"wp","href":"https:\/\/api.w.org\/{rel}","templated":true}]}}