{"id":956,"date":"2023-04-18T11:58:59","date_gmt":"2023-04-18T11:58:59","guid":{"rendered":"https:\/\/stcmedios.com\/?p=956"},"modified":"2023-04-18T11:58:59","modified_gmt":"2023-04-18T11:58:59","slug":"salud-mental-en-calidad-de-vida","status":"publish","type":"post","link":"https:\/\/stcmedios.com\/index.php\/2023\/04\/18\/salud-mental-en-calidad-de-vida\/","title":{"rendered":"\u2018Salud mental en calidad de vida\u2019"},"content":{"rendered":"<p>Hasta el 21 de abril\u00a0hay plazo para inscribirse al curso en\u00a0<a href=\"https:\/\/forms.gle\/gRd136\/qmv6iWhgLU8\">https:\/\/forms.gle\/gRd136\/qmv6iWhgLU8<\/a><\/p>\n<p>&nbsp;<\/p>\n<p dir=\"ltr\">La Alta Consejer\u00eda para la Felicidad y\u00a0el Bienestar abri\u00f3\u00a0convocatoria para realizar el curso \u2018Salud mental en calidad de vida\u2019, con el objetivo de impactar conocimiento saludable en la vida de las personas dela \u00a0provincia\u00a0de Oriente y\u00a0dar continuidad a la socializaci\u00f3n de la Pol\u00edtica P\u00fablica en Felicidad y Bienestar Subjetivo del departamento.<\/p>\n<p dir=\"ltr\">El curso, dividido en varios m\u00f3dulos:\u00a0salud, econom\u00eda, familia, p\u00fablico y ambiental. Durante el desarrollo del curso,\u00a0brindar\u00e1 capacitaci\u00f3n a los cundinamarqueses en salud mental y autocuidado, manejo de las emociones, el conflicto y la relaci\u00f3n con la empat\u00eda, finanzas sostenibles en el hogar, productividad y felicidad.<\/p>\n<p dir=\"ltr\">Este espacio educativo, dirigido a\u00a0los residentes de los municipios de\u00a0C\u00e1queza, Une,\u00a0Chipaque, Ubaque,\u00a0Choach\u00ed,\u00a0F\u00f3meque, Fosca, Guti\u00e9rrez,\u00a0Quetame\u00a0y\u00a0Guayabetal,\u00a0tiene una duraci\u00f3n de 120 horas:\u00a060 horas de estudio virtual y 60\u00a0de estudio aut\u00f3nomo..<\/p>\n<p dir=\"ltr\">Las inscripciones para participar est\u00e1n abiertas desde el 14 de abril\u00a0y\u00a0hasta el 21 de abril\u00a0de\u00a02023, diligenciando este formulario\u00a0<a href=\"https:\/\/forms.gle\/gRd136\/qmv6iWhgLU8\">https:\/\/forms.gle\/gRd136\/qmv6iWhgLU8<\/a>\u00a0 o escaneando el c\u00f3digo QR\u00a0para\u00a0formalizar\u00a0la inscripci\u00f3n.<\/p>\n","protected":false},"excerpt":{"rendered":"<p>Hasta el 21 de abril\u00a0hay plazo para inscribirse al curso en\u00a0https:\/\/forms.gle\/gRd136\/qmv6iWhgLU8 &nbsp; La Alta Consejer\u00eda para la Felicidad y\u00a0el Bienestar abri\u00f3\u00a0convocatoria para realizar el curso \u2018Salud mental en calidad de vida\u2019, con el objetivo de impactar conocimiento saludable en la vida de las personas dela \u00a0provincia\u00a0de Oriente y\u00a0dar continuidad a la socializaci\u00f3n de la Pol\u00edtica [&hellip;]<\/p>\n","protected":false},"author":1,"featured_media":957,"comment_status":"open","ping_status":"open","sticky":false,"template":"","format":"standard","meta":{"rop_custom_images_group":[],"rop_custom_messages_group":[],"rop_publish_now":"initial","rop_publish_now_accounts":{"facebook_1821922728178256_102311254498371":""},"rop_publish_now_history":[],"rop_publish_now_status":"pending","footnotes":""},"categories":[4],"tags":[17,38,30,117],"class_list":["post-956","post","type-post","status-publish","format-standard","has-post-thumbnail","hentry","category-prensa","tag-cundinamarca","tag-gobernacion","tag-periodismo","tag-salud"],"_links":{"self":[{"href":"https:\/\/stcmedios.com\/index.php\/wp-json\/wp\/v2\/posts\/956","targetHints":{"allow":["GET"]}}],"collection":[{"href":"https:\/\/stcmedios.com\/index.php\/wp-json\/wp\/v2\/posts"}],"about":[{"href":"https:\/\/stcmedios.com\/index.php\/wp-json\/wp\/v2\/types\/post"}],"author":[{"embeddable":true,"href":"https:\/\/stcmedios.com\/index.php\/wp-json\/wp\/v2\/users\/1"}],"replies":[{"embeddable":true,"href":"https:\/\/stcmedios.com\/index.php\/wp-json\/wp\/v2\/comments?post=956"}],"version-history":[{"count":0,"href":"https:\/\/stcmedios.com\/index.php\/wp-json\/wp\/v2\/posts\/956\/revisions"}],"wp:featuredmedia":[{"embeddable":true,"href":"https:\/\/stcmedios.com\/index.php\/wp-json\/wp\/v2\/media\/957"}],"wp:attachment":[{"href":"https:\/\/stcmedios.com\/index.php\/wp-json\/wp\/v2\/media?parent=956"}],"wp:term":[{"taxonomy":"category","embeddable":true,"href":"https:\/\/stcmedios.com\/index.php\/wp-json\/wp\/v2\/categories?post=956"},{"taxonomy":"post_tag","embeddable":true,"href":"https:\/\/stcmedios.com\/index.php\/wp-json\/wp\/v2\/tags?post=956"}],"curies":[{"name":"wp","href":"https:\/\/api.w.org\/{rel}","templated":true}]}}