{"id":852,"date":"2023-03-30T12:46:51","date_gmt":"2023-03-30T12:46:51","guid":{"rendered":"https:\/\/stcmedios.com\/?p=852"},"modified":"2023-03-30T12:46:51","modified_gmt":"2023-03-30T12:46:51","slug":"los-derechos-del-nino-y-por-que-son-importantes","status":"publish","type":"post","link":"https:\/\/stcmedios.com\/index.php\/2023\/03\/30\/los-derechos-del-nino-y-por-que-son-importantes\/","title":{"rendered":"Los derechos del ni\u00f1o y por qu\u00e9 son importantes"},"content":{"rendered":"<p><img loading=\"lazy\" decoding=\"async\" class=\"alignleft size-medium wp-image-853 lazyload\" src=\"data:image\/gif;base64,R0lGODlhAQABAAAAACH5BAEKAAEALAAAAAABAAEAAAICTAEAOw==\" alt=\"\" width=\"300\" height=\"200\" sizes=\"auto, (max-width: 300px) 100vw, 300px\" data-src=\"https:\/\/stcmedios.com\/wp-content\/uploads\/2023\/03\/UN0268749-300x200.jpg\" data-srcset=\"https:\/\/stcmedios.com\/wp-content\/uploads\/2023\/03\/UN0268749-300x200.jpg 300w, https:\/\/stcmedios.com\/wp-content\/uploads\/2023\/03\/UN0268749-1024x683.jpg 1024w, https:\/\/stcmedios.com\/wp-content\/uploads\/2023\/03\/UN0268749-768x512.jpg 768w, https:\/\/stcmedios.com\/wp-content\/uploads\/2023\/03\/UN0268749-1536x1024.jpg 1536w, https:\/\/stcmedios.com\/wp-content\/uploads\/2023\/03\/UN0268749.jpg 1920w\">Los ni\u00f1os y los j\u00f3venes tienen los mismos derechos humanos generales que los adultos, y tambi\u00e9n derechos espec\u00edficos derivados de sus necesidades especiales. Los ni\u00f1os no son propiedad de sus padres ni beneficiarios indefensos de una obra de caridad. Son seres humanos y titulares de sus propios derechos.<\/p>\n<p>La Convenci\u00f3n sobre los Derechos del Ni\u00f1o establece los derechos que es preciso convertir en realidad para que los ni\u00f1os puedan desarrollar todo su potencial.<\/p>\n<p>La Convenci\u00f3n ofrece una visi\u00f3n del ni\u00f1o como individuo y como miembro de una familia y una comunidad, con derechos y responsabilidades apropiados para su edad y su etapa de desarrollo. Al reconocer los derechos de la infancia de esta manera, la Convenci\u00f3n concibe al ni\u00f1o como un ser integral.<\/p>\n<p>La Convenci\u00f3n reconoce la dignidad humana fundamental de todos los ni\u00f1os y la urgente necesidad de velar por su bienestar y su desarrollo. Deja clara la idea de que todos los ni\u00f1os deben tener derecho a una calidad de vida b\u00e1sica, en lugar de ser un privilegio que pocos disfrutan.<\/p>\n","protected":false},"excerpt":{"rendered":"<p>Los ni\u00f1os y los j\u00f3venes tienen los mismos derechos humanos generales que los adultos, y tambi\u00e9n derechos espec\u00edficos derivados de sus necesidades especiales. Los ni\u00f1os no son propiedad de sus padres ni beneficiarios indefensos de una obra de caridad. Son seres humanos y titulares de sus propios derechos. La Convenci\u00f3n sobre los Derechos del Ni\u00f1o [&hellip;]<\/p>\n","protected":false},"author":1,"featured_media":853,"comment_status":"open","ping_status":"open","sticky":false,"template":"","format":"standard","meta":{"rop_custom_images_group":[],"rop_custom_messages_group":[],"rop_publish_now":"initial","rop_publish_now_accounts":{"facebook_1821922728178256_102311254498371":""},"rop_publish_now_history":[],"rop_publish_now_status":"pending","footnotes":""},"categories":[4],"tags":[],"class_list":["post-852","post","type-post","status-publish","format-standard","has-post-thumbnail","hentry","category-prensa"],"_links":{"self":[{"href":"https:\/\/stcmedios.com\/index.php\/wp-json\/wp\/v2\/posts\/852","targetHints":{"allow":["GET"]}}],"collection":[{"href":"https:\/\/stcmedios.com\/index.php\/wp-json\/wp\/v2\/posts"}],"about":[{"href":"https:\/\/stcmedios.com\/index.php\/wp-json\/wp\/v2\/types\/post"}],"author":[{"embeddable":true,"href":"https:\/\/stcmedios.com\/index.php\/wp-json\/wp\/v2\/users\/1"}],"replies":[{"embeddable":true,"href":"https:\/\/stcmedios.com\/index.php\/wp-json\/wp\/v2\/comments?post=852"}],"version-history":[{"count":0,"href":"https:\/\/stcmedios.com\/index.php\/wp-json\/wp\/v2\/posts\/852\/revisions"}],"wp:featuredmedia":[{"embeddable":true,"href":"https:\/\/stcmedios.com\/index.php\/wp-json\/wp\/v2\/media\/853"}],"wp:attachment":[{"href":"https:\/\/stcmedios.com\/index.php\/wp-json\/wp\/v2\/media?parent=852"}],"wp:term":[{"taxonomy":"category","embeddable":true,"href":"https:\/\/stcmedios.com\/index.php\/wp-json\/wp\/v2\/categories?post=852"},{"taxonomy":"post_tag","embeddable":true,"href":"https:\/\/stcmedios.com\/index.php\/wp-json\/wp\/v2\/tags?post=852"}],"curies":[{"name":"wp","href":"https:\/\/api.w.org\/{rel}","templated":true}]}}