{"id":715,"date":"2023-02-24T15:29:12","date_gmt":"2023-02-24T15:29:12","guid":{"rendered":"https:\/\/stcmedios.com\/?p=715"},"modified":"2023-04-18T12:17:24","modified_gmt":"2023-04-18T12:17:24","slug":"gran-zona-de-desarrollo-cinematografico-con-enfoque-turistico-en-cund","status":"publish","type":"post","link":"https:\/\/stcmedios.com\/index.php\/2023\/02\/24\/gran-zona-de-desarrollo-cinematografico-con-enfoque-turistico-en-cund\/","title":{"rendered":"Gran Zona de Desarrollo Cinematogr\u00e1fico con Enfoque Tur\u00edstico en Cund."},"content":{"rendered":"<p>Gobernaci\u00f3n de Cundinamarca propondr\u00e1 convertir al Departamento en una Gran Zona de Desarrollo Cinematogr\u00e1fico con Enfoque Tur\u00edstico<\/p>\n<p><div class='wpo_youtube_preview_container'><img src=\"https:\/\/stcmedios.com\/wp-content\/cache\/wpo-youtube-thumbnails\/Qb-2NYpO3yE-maxresdefault.jpg\" class=\"wpo_youtube_preview\" data-video-url=\"https:\/\/www.youtube.com\/embed\/Qb-2NYpO3yE?feature=oembed\" alt=\"YouTube thumbnail\" data-iframe-attr=\"{&quot;loading&quot;:&quot;lazy&quot;,&quot;title&quot;:&quot;Gran Zona de Desarrollo Cinematogr\\u00e1fico con Enfoque Tur\\u00edstico en Cundinamarca&quot;,&quot;width&quot;:&quot;640&quot;,&quot;height&quot;:&quot;360&quot;,&quot;src&quot;:&quot;https:\\\/\\\/www.youtube.com\\\/embed\\\/Qb-2NYpO3yE?feature=oembed&quot;,&quot;frameborder&quot;:&quot;0&quot;,&quot;allow&quot;:&quot;accelerometer; autoplay; clipboard-write; encrypted-media; gyroscope; picture-in-picture; web-share&quot;,&quot;referrerpolicy&quot;:&quot;strict-origin-when-cross-origin&quot;,&quot;allowfullscreen&quot;:&quot;&quot;}\"\/><span class=\"wpo_youtube_preview_overlay\"><img src=\"https:\/\/stcmedios.com\/wp-content\/plugins\/wp-optimize-premium\/images\/icon\/icons8-youtube-96.svg\" alt=\"YouTube icon\"\/><\/span><\/div><\/p>\n<p><div class='wpo_youtube_preview_container'><img src=\"https:\/\/stcmedios.com\/wp-content\/cache\/wpo-youtube-thumbnails\/Qb-2NYpO3yE-maxresdefault.jpg\" class=\"wpo_youtube_preview\" data-video-url=\"https:\/\/www.youtube.com\/embed\/Qb-2NYpO3yE?feature=oembed\" alt=\"YouTube thumbnail\" data-iframe-attr=\"{&quot;loading&quot;:&quot;lazy&quot;,&quot;title&quot;:&quot;Gran Zona de Desarrollo Cinematogr\\u00e1fico con Enfoque Tur\\u00edstico en Cundinamarca&quot;,&quot;width&quot;:&quot;640&quot;,&quot;height&quot;:&quot;360&quot;,&quot;src&quot;:&quot;https:\\\/\\\/www.youtube.com\\\/embed\\\/Qb-2NYpO3yE?feature=oembed&quot;,&quot;frameborder&quot;:&quot;0&quot;,&quot;allow&quot;:&quot;accelerometer; autoplay; clipboard-write; encrypted-media; gyroscope; picture-in-picture; web-share&quot;,&quot;referrerpolicy&quot;:&quot;strict-origin-when-cross-origin&quot;,&quot;allowfullscreen&quot;:&quot;&quot;}\"\/><span class=\"wpo_youtube_preview_overlay\"><img src=\"https:\/\/stcmedios.com\/wp-content\/plugins\/wp-optimize-premium\/images\/icon\/icons8-youtube-96.svg\" alt=\"YouTube icon\"\/><\/span><\/div><\/p>\n<p>&#8211; El Gobernador buscar\u00e1 a trav\u00e9s de diferentes iniciativas que productoras de cine y televisi\u00f3n, actores e influenciadores usen al departamento para sus producciones y la generaci\u00f3n de contenido.<\/p>\n<p>&#8211; Reconocidos actores e influenciadores quienes gozar\u00edan de incentivos ser\u00edan embajadores de Cundinamarca y Colombia, ante el mundo.<\/p>\n<p>En el marco de una de las vitrinas m\u00e1s importantes del sector tur\u00edstico a nivel Nacional e Internacional: la feria de ANATO, el Gobernador de, Cundinamarca anunci\u00f3 este jueves desde el stand del Departamento, que la Gobernaci\u00f3n presentar\u00e1 a la Asamblea departamental y al Ministerio de Cultura la estructuraci\u00f3n de un proyecto que convertir\u00eda al departamento en la primera Zona de Desarrollo Cinematogr\u00e1fico con Enfoque Tur\u00edstico de esta parte del continente. Dicha zona estar\u00eda impulsada a trav\u00e9s de proyectos que ser\u00edan financiados por el departamento y la naci\u00f3n a trav\u00e9s de un fondo especial el cual buscar\u00eda incentivar que grandes productoras, plataformas, actores e influenciadores se trasladen al departamento para desarrollar sus series, pel\u00edculas y contenido para redes sociales.<\/p>\n<p>Para Nicolas Garc\u00eda, Gobernador de Cundinamarca el proyecto en el que trabaja la gobernaci\u00f3n considera un triple impacto en el departamento y el pa\u00eds, el primero gracias a los ingresos econ\u00f3micos directos e indirectos que se generar\u00edan por las producciones, el segundo al convertir al departamento en el destino tur\u00edstico que alberga las locaciones de las grandes producciones de cine y televisi\u00f3n y hospeda a los famosos, y el tercero al promocionar a trav\u00e9s del cine y la televisi\u00f3n, el territorio y la diversidad de sus paisajes los cuales aparecer\u00edan en millones de pantallas alrededor del mundo en series, pel\u00edculas y contenido de redes sociales. En este sentido recientemente en el departamento se han grabado dos realitys: Master Chef y el Desaf\u00edo; varias pel\u00edculas entre las que se destacan: Los 33 protagonizada por Antonio Banderas, Jungla protagonizada por Daniel Radcliffe y Blunt Force Trauma protagonizada por Mickey Rourke entre otras; y muchos de los m\u00e1s importantes influenciadores del pa\u00eds est\u00e1n generando contenido en los 116 municipios. \u201cQue el cine, la televisi\u00f3n y las redes sociales generan millones de d\u00f3lares no es un secreto y el IDECUT muy h\u00e1bilmente ha venido estudiando este fen\u00f3meno y el impacto que est\u00e1 teniendo. Impulsar que estas producciones y este contenido se generen en el departamento resulta estrat\u00e9gico m\u00e1s a\u00fan si logramos ligarlo al turismo\u201d Afirm\u00f3 el Gobernador.<\/p>\n<p>Al evento en el que se present\u00f3 a los primeros dos embajadores de esta gran iniciativa Flora Martinez, y Christian Byfield cuyo contenido rodar\u00e1 los pr\u00f3ximos meses en radio, televisi\u00f3n, salas de cine e internet, asistieron tambi\u00e9n otros reconocidos actores e influenciadores y j\u00f3venes talentos, entre ellos Mat\u00edas Valderrama el ni\u00f1o de diez a\u00f1os que gan\u00f3 un concurso ambientalista por su registro del \u00e1guila crestada con una c\u00e1mara prestada y a quien la gobernaci\u00f3n le hizo entrega en Anato de una c\u00e1mara profesional con la cual podr\u00e1 seguir produciendo contenido sobre todo el ecosistema del cual se ha venido convirtiendo en guardi\u00e1n.<\/p>\n","protected":false},"excerpt":{"rendered":"<p>Gobernaci\u00f3n de Cundinamarca propondr\u00e1 convertir al Departamento en una Gran Zona de Desarrollo Cinematogr\u00e1fico con Enfoque Tur\u00edstico &#8211; El Gobernador buscar\u00e1 a trav\u00e9s de diferentes iniciativas que productoras de cine y televisi\u00f3n, actores e influenciadores usen al departamento para sus producciones y la generaci\u00f3n de contenido. &#8211; Reconocidos actores e influenciadores quienes gozar\u00edan de incentivos [&hellip;]<\/p>\n","protected":false},"author":1,"featured_media":0,"comment_status":"open","ping_status":"open","sticky":false,"template":"","format":"standard","meta":{"rop_custom_images_group":[],"rop_custom_messages_group":[],"rop_publish_now":"initial","rop_publish_now_accounts":{"facebook_1821922728178256_102311254498371":""},"rop_publish_now_history":[],"rop_publish_now_status":"pending","footnotes":""},"categories":[5],"tags":[],"class_list":["post-715","post","type-post","status-publish","format-standard","hentry","category-cultura"],"_links":{"self":[{"href":"https:\/\/stcmedios.com\/index.php\/wp-json\/wp\/v2\/posts\/715","targetHints":{"allow":["GET"]}}],"collection":[{"href":"https:\/\/stcmedios.com\/index.php\/wp-json\/wp\/v2\/posts"}],"about":[{"href":"https:\/\/stcmedios.com\/index.php\/wp-json\/wp\/v2\/types\/post"}],"author":[{"embeddable":true,"href":"https:\/\/stcmedios.com\/index.php\/wp-json\/wp\/v2\/users\/1"}],"replies":[{"embeddable":true,"href":"https:\/\/stcmedios.com\/index.php\/wp-json\/wp\/v2\/comments?post=715"}],"version-history":[{"count":0,"href":"https:\/\/stcmedios.com\/index.php\/wp-json\/wp\/v2\/posts\/715\/revisions"}],"wp:attachment":[{"href":"https:\/\/stcmedios.com\/index.php\/wp-json\/wp\/v2\/media?parent=715"}],"wp:term":[{"taxonomy":"category","embeddable":true,"href":"https:\/\/stcmedios.com\/index.php\/wp-json\/wp\/v2\/categories?post=715"},{"taxonomy":"post_tag","embeddable":true,"href":"https:\/\/stcmedios.com\/index.php\/wp-json\/wp\/v2\/tags?post=715"}],"curies":[{"name":"wp","href":"https:\/\/api.w.org\/{rel}","templated":true}]}}