{"id":5614,"date":"2026-04-24T18:00:21","date_gmt":"2026-04-24T18:00:21","guid":{"rendered":"https:\/\/stcmedios.com\/?p=5614"},"modified":"2026-04-25T23:43:21","modified_gmt":"2026-04-25T23:43:21","slug":"fin-de-semana-artbo-celebro-su-decima-edicion-con-86-386-visitantes","status":"publish","type":"post","link":"https:\/\/stcmedios.com\/index.php\/2026\/04\/24\/fin-de-semana-artbo-celebro-su-decima-edicion-con-86-386-visitantes\/","title":{"rendered":"Fin de Semana ARTBO celebr\u00f3 su d\u00e9cima edici\u00f3n con 86.386 visitantes"},"content":{"rendered":"<ul style=\"font-weight: 400;\">\n<li>Durante los cuatro d\u00edas, los asistentes disfrutaron de m\u00e1s de 160 actividades sin costo, entre las que se incluyen exposiciones, visitas guiadas, talleres,\u00a0<em>performances<\/em>, conversatorios, lanzamientos editoriales y eventos musicales y audiovisuales.<\/li>\n<li>La programaci\u00f3n en galer\u00edas, museos, espacios independientes, librer\u00edas y espacios de dise\u00f1o se llev\u00f3 a cabo en ocho circuitos art\u00edsticos incluyendo Kennedy, Nogal y Chic\u00f3.<strong>\u00a0<\/strong><\/li>\n<\/ul>\n<p style=\"font-weight: 400;\">Del 16 al 19 de abril, Fin de semana ARTBO celebr\u00f3 su primera d\u00e9cada con 86.386 visitantes consolid\u00e1ndose como uno de los eventos culturales m\u00e1s importantes de la ciudad.<\/p>\n<p style=\"font-weight: 400;\">Esta edici\u00f3n cont\u00f3 con la participaci\u00f3n de 22 museos e instituciones, 34 galer\u00edas, 15 espacios autogestionados, 6 librer\u00edas y 9 espacios de dise\u00f1o. En total, participaron 280 artistas (231 nacionales y 49 internacionales) provenientes de 27 pa\u00edses, con una amplia presencia de pr\u00e1cticas como cer\u00e1mica,\u00a0<em>performance<\/em>, fotograf\u00eda, pintura y bordado.<\/p>\n<p><img loading=\"lazy\" decoding=\"async\" class=\"aligncenter size-medium wp-image-5616 lazyload\" src=\"data:image\/gif;base64,R0lGODlhAQABAAAAACH5BAEKAAEALAAAAAABAAEAAAICTAEAOw==\" alt=\"\" width=\"300\" height=\"200\" sizes=\"auto, (max-width: 300px) 100vw, 300px\" data-src=\"https:\/\/stcmedios.com\/wp-content\/uploads\/2026\/04\/Cortesia-de-la-CCB-FDS-ARTBO-2026-3-300x200.jpeg\" data-srcset=\"https:\/\/stcmedios.com\/wp-content\/uploads\/2026\/04\/Cortesia-de-la-CCB-FDS-ARTBO-2026-3-300x200.jpeg 300w, https:\/\/stcmedios.com\/wp-content\/uploads\/2026\/04\/Cortesia-de-la-CCB-FDS-ARTBO-2026-3-1024x683.jpeg 1024w, https:\/\/stcmedios.com\/wp-content\/uploads\/2026\/04\/Cortesia-de-la-CCB-FDS-ARTBO-2026-3-768x512.jpeg 768w, https:\/\/stcmedios.com\/wp-content\/uploads\/2026\/04\/Cortesia-de-la-CCB-FDS-ARTBO-2026-3.jpeg 1280w\"><\/p>\n<p style=\"font-weight: 400;\">\u201cEn estos diez a\u00f1os, Fin de semana ARTBO se ha consolidado como una plataforma clave para acercar el arte a la ciudadan\u00eda, dinamizar el ecosistema cultural y generar oportunidades para artistas y espacios culturales en Bogot\u00e1 y la regi\u00f3n. Desde la C\u00e1mara de Comercio de Bogot\u00e1 seguimos comprometidos con impulsar las industrias culturales y creativas como motor de desarrollo econ\u00f3mico y social\u201d, afirm\u00f3 Ovidio Claros, Presidente Ejecutivo de la C\u00e1mara de Comercio de Bogot\u00e1.<\/p>\n<p style=\"font-weight: 400;\">Por su parte, Jaime Mart\u00ednez, Director del Programa ARTBO, afirm\u00f3 que \u201cFin de semana ARTBO ha ampliado el impacto del arte en la ciudad a trav\u00e9s de su apuesta a\u00f1o a a\u00f1o, que ha promovido la formaci\u00f3n de nuevos p\u00fablicos,\u00a0la difusi\u00f3n, circulaci\u00f3n y comercializaci\u00f3n del arte en la ciudad, as\u00ed como\u00a0el fortalecimiento de la industria cultural y creativa en torno a las artes pl\u00e1sticas.\u00a0En 2026 ofrecimos m\u00e1s d\u00edas de programaci\u00f3n, m\u00e1s espacios culturales por explorar, m\u00e1s circuitos art\u00edsticos por recorrer.\u201d<\/p>\n<p style=\"font-weight: 400;\"><strong>Siete conversaciones curadas por\u00a0<\/strong><strong>Raphael Fonseca<\/strong><strong>\u00a0<\/strong><\/p>\n<p style=\"font-weight: 400;\">Para la d\u00e9cima edici\u00f3n, la curadur\u00eda de las conversaciones estuvo a cargo del brasile\u00f1o\u00a0Raphael Fonseca, Jefe del Departamento de Arte Moderno y Contempor\u00e1neo Latinoamericano del Denver Art Museum.<\/p>\n<p style=\"font-weight: 400;\">La programaci\u00f3n incluy\u00f3 una conversaci\u00f3n especial con el artista argentino Gabriel Chaile, adem\u00e1s de espacios con curadores y acad\u00e9micos de talla internacional como Erin Christovale, curadora en el Hammer Museum; Rafael Tamayo, director del Museo de Arte Moderno de Medell\u00edn; Nancy Rojas, curadora en el Museo de Arte Latinoamericano de Buenos Aires y Ellie Buttrose, curadora en el Queensland Art Gallery | GoMA, entre otros.<\/p>\n<p style=\"font-weight: 400;\">En siete paneles, se discutieron temas como la relaci\u00f3n entre arte contempor\u00e1neo y espacio p\u00fablico,\u00a0<strong>el archivo como espacio de creaci\u00f3n curatorial y la educaci\u00f3n en el arte.<\/strong><\/p>\n<p style=\"font-weight: 400;\"><strong>Encuentro Editorial<\/strong><strong>\u00a0<\/strong><\/p>\n<p style=\"font-weight: 400;\">El Encuentro Editorial reuni\u00f3 a m\u00e1s de 30 editoriales nacionales e internacionales, artistas y colectivos que abordan publicaciones \u2014fanzines, libros de artistas y cat\u00e1logos experimentales\u2014 como objeto art\u00edstico y medio de expresi\u00f3n.<\/p>\n<p style=\"font-weight: 400;\">La curadur\u00eda de esta edici\u00f3n estuvo a cargo de Rel\u00e1mpago, proyecto de Andr\u00e9s Fresneda y Valeria Giraldo. Bajo la propuesta \u2018El reflejo fue primero\u2019, el espacio reuni\u00f3 iniciativas editoriales que exploran la transformaci\u00f3n del libro y convoc\u00f3 a los asistentes a participar activamente en talleres de intervenci\u00f3n de publicaciones.<\/p>\n<p><img loading=\"lazy\" decoding=\"async\" class=\"aligncenter size-medium wp-image-5617 lazyload\" src=\"data:image\/gif;base64,R0lGODlhAQABAAAAACH5BAEKAAEALAAAAAABAAEAAAICTAEAOw==\" alt=\"\" width=\"300\" height=\"200\" sizes=\"auto, (max-width: 300px) 100vw, 300px\" data-src=\"https:\/\/stcmedios.com\/wp-content\/uploads\/2026\/04\/Cortesia-de-la-CCB-FDS-ARTBO-2026-5-300x200.jpeg\" data-srcset=\"https:\/\/stcmedios.com\/wp-content\/uploads\/2026\/04\/Cortesia-de-la-CCB-FDS-ARTBO-2026-5-300x200.jpeg 300w, https:\/\/stcmedios.com\/wp-content\/uploads\/2026\/04\/Cortesia-de-la-CCB-FDS-ARTBO-2026-5-1024x683.jpeg 1024w, https:\/\/stcmedios.com\/wp-content\/uploads\/2026\/04\/Cortesia-de-la-CCB-FDS-ARTBO-2026-5-768x512.jpeg 768w, https:\/\/stcmedios.com\/wp-content\/uploads\/2026\/04\/Cortesia-de-la-CCB-FDS-ARTBO-2026-5.jpeg 1280w\"><\/p>\n<p style=\"font-weight: 400;\">El espacio se realiz\u00f3 en la Sala de Exposiciones de la C\u00e1mara de Comercio de Bogot\u00e1, sede Chapinero, consolid\u00e1ndose como un punto de encuentro entre arte contempor\u00e1neo y edici\u00f3n.<\/p>\n<p style=\"font-weight: 400;\"><strong>El arte no se detiene<\/strong><\/p>\n<p style=\"font-weight: 400;\">Los espacios culturales que participaron en la d\u00e9cima edici\u00f3n de Fin de semana ARTBO contin\u00faan activos durante todo el a\u00f1o con sus horarios habituales y una programaci\u00f3n dedicada a los amantes del arte en Bogot\u00e1. Cada visita es una forma de apoyar y hacer crecer el ecosistema cultural de la ciudad.<\/p>\n<p style=\"font-weight: 400;\"><strong>Notas para editores<\/strong><\/p>\n<p style=\"font-weight: 400;\"><strong>\u00a0<\/strong>ARTBO es el programa de artes de la C\u00e1mara de Comercio de Bogot\u00e1, creado en 2004 con el prop\u00f3sito de posicionar a la ciudad como un referente cultural y de negocios en Am\u00e9rica Latina. A trav\u00e9s de sus distintas l\u00edneas de trabajo, ARTBO Feria Internacional de Arte de Bogot\u00e1, Fin de semana ARTBO y Salas y Tutor, promueve la circulaci\u00f3n, formaci\u00f3n y comercializaci\u00f3n de las artes pl\u00e1sticas y visuales.<\/p>\n<p style=\"font-weight: 400;\">La C\u00e1mara de Comercio de Bogot\u00e1 es una entidad privada que trabaja por una sociedad m\u00e1s pr\u00f3spera y equitativa, acompa\u00f1ando a empresarios y emprendedores y fortaleciendo el entorno competitivo de la ciudad y la regi\u00f3n.<\/p>\n","protected":false},"excerpt":{"rendered":"<p>Durante los cuatro d\u00edas, los asistentes disfrutaron de m\u00e1s de 160 actividades sin costo, entre las que se incluyen exposiciones, visitas guiadas, talleres,\u00a0performances, conversatorios, lanzamientos editoriales y eventos musicales y audiovisuales. La programaci\u00f3n en galer\u00edas, museos, espacios independientes, librer\u00edas y espacios de dise\u00f1o se llev\u00f3 a cabo en ocho circuitos art\u00edsticos incluyendo Kennedy, Nogal y [&hellip;]<\/p>\n","protected":false},"author":1,"featured_media":5615,"comment_status":"open","ping_status":"open","sticky":false,"template":"","format":"standard","meta":{"rop_custom_images_group":[],"rop_custom_messages_group":[],"rop_publish_now":"initial","rop_publish_now_accounts":{"facebook_1821922728178256_102311254498371":""},"rop_publish_now_history":[],"rop_publish_now_status":"pending","footnotes":""},"categories":[5],"tags":[],"class_list":["post-5614","post","type-post","status-publish","format-standard","has-post-thumbnail","hentry","category-cultura"],"_links":{"self":[{"href":"https:\/\/stcmedios.com\/index.php\/wp-json\/wp\/v2\/posts\/5614","targetHints":{"allow":["GET"]}}],"collection":[{"href":"https:\/\/stcmedios.com\/index.php\/wp-json\/wp\/v2\/posts"}],"about":[{"href":"https:\/\/stcmedios.com\/index.php\/wp-json\/wp\/v2\/types\/post"}],"author":[{"embeddable":true,"href":"https:\/\/stcmedios.com\/index.php\/wp-json\/wp\/v2\/users\/1"}],"replies":[{"embeddable":true,"href":"https:\/\/stcmedios.com\/index.php\/wp-json\/wp\/v2\/comments?post=5614"}],"version-history":[{"count":1,"href":"https:\/\/stcmedios.com\/index.php\/wp-json\/wp\/v2\/posts\/5614\/revisions"}],"predecessor-version":[{"id":5618,"href":"https:\/\/stcmedios.com\/index.php\/wp-json\/wp\/v2\/posts\/5614\/revisions\/5618"}],"wp:featuredmedia":[{"embeddable":true,"href":"https:\/\/stcmedios.com\/index.php\/wp-json\/wp\/v2\/media\/5615"}],"wp:attachment":[{"href":"https:\/\/stcmedios.com\/index.php\/wp-json\/wp\/v2\/media?parent=5614"}],"wp:term":[{"taxonomy":"category","embeddable":true,"href":"https:\/\/stcmedios.com\/index.php\/wp-json\/wp\/v2\/categories?post=5614"},{"taxonomy":"post_tag","embeddable":true,"href":"https:\/\/stcmedios.com\/index.php\/wp-json\/wp\/v2\/tags?post=5614"}],"curies":[{"name":"wp","href":"https:\/\/api.w.org\/{rel}","templated":true}]}}