{"id":5370,"date":"2026-01-27T19:38:49","date_gmt":"2026-01-27T19:38:49","guid":{"rendered":"https:\/\/stcmedios.com\/?p=5370"},"modified":"2026-01-27T19:38:49","modified_gmt":"2026-01-27T19:38:49","slug":"depresion-una-enfermedad-de-alta-prevalencia-que-sigue-creciendo-y-permanece-subdiagnosticada","status":"publish","type":"post","link":"https:\/\/stcmedios.com\/index.php\/2026\/01\/27\/depresion-una-enfermedad-de-alta-prevalencia-que-sigue-creciendo-y-permanece-subdiagnosticada\/","title":{"rendered":"Depresi\u00f3n: una enfermedad de alta prevalencia que sigue creciendo y permanece subdiagnosticada"},"content":{"rendered":"<ul>\n<li>La depresi\u00f3n es un trastorno mental frecuente, grave y tratable que afecta a millones de personas y representa una de las principales causas de discapacidad a nivel mundial.<\/li>\n<li>En Colombia, la depresi\u00f3n genera una carga creciente para el sistema de salud, con impacto directo en la calidad de vida, el entorno familiar y la productividad laboral.<\/li>\n<\/ul>\n<p>La depresi\u00f3n es una enfermedad mental caracterizada por un estado persistente de tristeza, p\u00e9rdida de inter\u00e9s o placer, alteraciones del sue\u00f1o y del apetito, fatiga y dificultades cognitivas, que puede afectar a personas de cualquier edad. A pesar de su alta prevalencia y de contar con alternativas efectivas de manejo, contin\u00faa siendo ampliamente subdiagnosticada y subtratada, en gran parte debido al estigma, la normalizaci\u00f3n de los s\u00edntomas y las barreras de acceso a la atenci\u00f3n en salud mental.<\/p>\n<p>De acuerdo con la Organizaci\u00f3n Mundial de la Salud (OMS), m\u00e1s de 280 millones de personas en el mundo viven con depresi\u00f3n, lo que la convierte en una de las principales causas de discapacidad a nivel global\u00b9. Estudios epidemiol\u00f3gicos globales han demostrado que la depresi\u00f3n se ubica de forma consistente entre los trastornos mentales con mayor carga de enfermedad, medida en a\u00f1os vividos con discapacidad, tanto en hombres como en mujeres\u00b2.<\/p>\n<p>Adicionalmente, la Organizaci\u00f3n Panamericana de la Salud (OPS) advierte que cerca del 75 % de las personas con depresi\u00f3n en pa\u00edses de ingresos bajos y medianos, como Colombia, no reciben tratamiento adecuado, lo que amplifica el impacto individual, familiar y social de esta enfermedad\u00b3.<\/p>\n<p>En Colombia, la situaci\u00f3n no es diferente. Datos del Ministerio de Salud y Protecci\u00f3n Social evidencian un aumento sostenido en las atenciones por trastornos depresivos en los \u00faltimos a\u00f1os, con un impacto significativo en la salud p\u00fablica y en la demanda de servicios de atenci\u00f3n en salud mental\u2074. La depresi\u00f3n es una enfermedad compleja ya que no solo afecta el bienestar emocional, sino que tambi\u00e9n se asocia con deterioro funcional, mayor riesgo de comorbilidades, ausentismo laboral y disminuci\u00f3n de la productividad.<img loading=\"lazy\" decoding=\"async\" class=\"aligncenter size-medium wp-image-5372 lazyload\" src=\"data:image\/gif;base64,R0lGODlhAQABAAAAACH5BAEKAAEALAAAAAABAAEAAAICTAEAOw==\" alt=\"\" width=\"300\" height=\"200\" data-src=\"https:\/\/stcmedios.com\/wp-content\/uploads\/2026\/01\/DEPRE2.jpg-300x200.jpeg\"><\/p>\n<p><em>\u201cLa depresi\u00f3n no debe confundirse con episodios pasajeros de tristeza. Es com\u00fan escuchar a la gente decir \u201cestoy como depre\u201d, cuando en realidad solo est\u00e1n viviendo un momento de tristeza, com\u00fan en la vida diaria. La depresi\u00f3n, en cambio, es una enfermedad m\u00e9dica real, con componentes biol\u00f3gicos, psicol\u00f3gicos y sociales, que requiere diagn\u00f3stico oportuno y un abordaje integral y suficiente. Identificar los s\u00edntomas a tiempo y consultar a un profesional de la salud puede cambiar de manera significativa el curso de la enfermedad\u201d<\/em>, afirma el Dr. Andrey Rojas, Gerente M\u00e9dico de Adium Colombia.<\/p>\n<p>Uno de los principales desaf\u00edos en el abordaje de la depresi\u00f3n es el estigma asociado a los trastornos mentales, que limita la b\u00fasqueda de ayuda y retrasa el inicio del tratamiento. La evidencia muestra que la falta de informaci\u00f3n y la percepci\u00f3n err\u00f3nea de la depresi\u00f3n como una debilidad personal contin\u00faan siendo barreras relevantes para el acceso oportuno a la atenci\u00f3n\u00b3.<\/p>\n<p><em>\u201cHablar de depresi\u00f3n de forma abierta, profesional y sustentada en evidencia cient\u00edfica es fundamental para derribar barreras, promover la consulta temprana y acompa\u00f1ar tanto a los pacientes como a sus familias. El prop\u00f3sito del diagn\u00f3stico temprano y el manejo oportuno, profesional y suficiente debe resultar en una mejor\u00eda del paciente en su vida personal, familiar y social y en una disminuci\u00f3n del suicidio, el desenlace al que no se debe llegar\u201d<\/em>, agrega el Dr. Rojas.<\/p>\n<p>En el marco del Mes de la Depresi\u00f3n, los expertos hacen un llamado a fortalecer la educaci\u00f3n en salud mental, fomentar entornos de apoyo y recordar que la depresi\u00f3n es una enfermedad tratable, siempre bajo la orientaci\u00f3n de profesionales de la salud. Mantener la conversaci\u00f3n activa m\u00e1s all\u00e1 de una fecha conmemorativa es clave para avanzar hacia una atenci\u00f3n m\u00e1s oportuna, equitativa y humana.<\/p>\n","protected":false},"excerpt":{"rendered":"<p>La depresi\u00f3n es un trastorno mental frecuente, grave y tratable que afecta a millones de personas y representa una de las principales causas de discapacidad a nivel mundial. En Colombia, la depresi\u00f3n genera una carga creciente para el sistema de salud, con impacto directo en la calidad de vida, el entorno familiar y la productividad [&hellip;]<\/p>\n","protected":false},"author":1,"featured_media":5371,"comment_status":"open","ping_status":"open","sticky":false,"template":"","format":"standard","meta":{"rop_custom_images_group":[],"rop_custom_messages_group":[],"rop_publish_now":"initial","rop_publish_now_accounts":{"facebook_1821922728178256_102311254498371":""},"rop_publish_now_history":[],"rop_publish_now_status":"pending","footnotes":""},"categories":[6],"tags":[],"class_list":["post-5370","post","type-post","status-publish","format-standard","has-post-thumbnail","hentry","category-salud"],"_links":{"self":[{"href":"https:\/\/stcmedios.com\/index.php\/wp-json\/wp\/v2\/posts\/5370","targetHints":{"allow":["GET"]}}],"collection":[{"href":"https:\/\/stcmedios.com\/index.php\/wp-json\/wp\/v2\/posts"}],"about":[{"href":"https:\/\/stcmedios.com\/index.php\/wp-json\/wp\/v2\/types\/post"}],"author":[{"embeddable":true,"href":"https:\/\/stcmedios.com\/index.php\/wp-json\/wp\/v2\/users\/1"}],"replies":[{"embeddable":true,"href":"https:\/\/stcmedios.com\/index.php\/wp-json\/wp\/v2\/comments?post=5370"}],"version-history":[{"count":0,"href":"https:\/\/stcmedios.com\/index.php\/wp-json\/wp\/v2\/posts\/5370\/revisions"}],"wp:featuredmedia":[{"embeddable":true,"href":"https:\/\/stcmedios.com\/index.php\/wp-json\/wp\/v2\/media\/5371"}],"wp:attachment":[{"href":"https:\/\/stcmedios.com\/index.php\/wp-json\/wp\/v2\/media?parent=5370"}],"wp:term":[{"taxonomy":"category","embeddable":true,"href":"https:\/\/stcmedios.com\/index.php\/wp-json\/wp\/v2\/categories?post=5370"},{"taxonomy":"post_tag","embeddable":true,"href":"https:\/\/stcmedios.com\/index.php\/wp-json\/wp\/v2\/tags?post=5370"}],"curies":[{"name":"wp","href":"https:\/\/api.w.org\/{rel}","templated":true}]}}