{"id":5344,"date":"2026-01-23T15:28:53","date_gmt":"2026-01-23T15:28:53","guid":{"rendered":"https:\/\/stcmedios.com\/?p=5344"},"modified":"2026-01-23T15:28:53","modified_gmt":"2026-01-23T15:28:53","slug":"car-suspende-actividades-de-colegio-en-cajica-por-ocupacion-ilegal-de-la-ronda-del-rio-frio","status":"publish","type":"post","link":"https:\/\/stcmedios.com\/index.php\/2026\/01\/23\/car-suspende-actividades-de-colegio-en-cajica-por-ocupacion-ilegal-de-la-ronda-del-rio-frio\/","title":{"rendered":"CAR suspende actividades de colegio en Cajic\u00e1 por ocupaci\u00f3n ilegal de la ronda del R\u00edo Fr\u00edo"},"content":{"rendered":"<p><em><strong>Cualquier intervenci\u00f3n como el cerramiento o la construcci\u00f3n de espacios y estructuras, as\u00ed sean, no pueden estar dentro de esta zona.<\/strong><\/em><\/p>\n<p><em><strong>* Tras la visita del equipo de la CAR se pudo establecer que las intervenciones habr\u00edan ocasionado una afectaci\u00f3n al recurso suelo en cerca de 650 metros cuadrados.<\/strong><\/em><\/p>\n<p><em><strong>* \u00abCuando se trata de zonas de conservaci\u00f3n ambiental, la CAR s\u00ed es la autoridad competente para definir la suspensi\u00f3n de actividades, as\u00ed como el inicio de tr\u00e1mites administrativos ambientales sancionatorios, que luego de agotar el debido proceso podr\u00e1n culminar con multas de hasta 100 mil salarios m\u00ednimos mensuales vigentes\u201d: Director General de la CAR.<\/strong><\/em><\/p>\n<p>La Corporaci\u00f3n Aut\u00f3noma Regional de Cundinamarca \u2013 CAR impuso medida preventiva a un colegio campestre ubicado en la vereda Canel\u00f3n del municipio de Cajic\u00e1, consistente en la suspensi\u00f3n inmediata de las actividades desarrolladas en la zona ronda de protecci\u00f3n del R\u00edo Fr\u00edo determinada en el marco de la Resoluci\u00f3n CAR No. 2358 de 2014.<\/p>\n<p><em>\u201cLa CAR Cundinamarca impuso esta medida pues desde 2014 existe un \u00e1rea de 50 metros adyacente al cauce principal del R\u00edo Fr\u00edo en donde no pueden existir actividades distintas a acciones de restauraci\u00f3n y conservaci\u00f3n ambiental<\/em>\u201d, explic\u00f3 el director general de la CAR, Alfred Ignacio Ballesteros.<\/p>\n<p>El funcionario explic\u00f3 que, de acuerdo con esta delimitaci\u00f3n, cualquier intervenci\u00f3n como el cerramiento o la construcci\u00f3n de espacios y estructuras, as\u00ed fueran provisionales, no pueden estar dentro de esta zona.<\/p>\n<p>Un equipo t\u00e9cnico y jur\u00eddico de la direcci\u00f3n regional Sabana Centro de la CAR realiz\u00f3 un riguroso recorrido en dicho plantel, donde se pudo identificar que, si bien el colegio cuenta con licencia urban\u00edstica en modalidad de parcelaci\u00f3n, construcci\u00f3n obra nueva y cerramiento, no se encontr\u00f3 evidencia del permiso de cerramiento en la ronda de protecci\u00f3n del R\u00edo Fr\u00edo.<\/p>\n<p>A lo anterior, se sum\u00f3 la identificaci\u00f3n en zona de ronda de protecci\u00f3n de un conjunto de intervenciones y obras tales como una granja y una huerta, construidos en madera y teja de zinc, una cancha de minigolf, una cubierta en estructura met\u00e1lica, una cancha de voleibol en arena y un parqueadero de bicicletas y motocicletas.<\/p>\n<p>Tambi\u00e9n se pudo establecer que, las anteriores intervenciones habr\u00edan ocasionado una afectaci\u00f3n al recurso suelo en un \u00e1rea aproximada de 650 metros cuadrados, conforme a lo cual, resulta pertinente que se eval\u00fae la continuidad de dichas zonas recreativas y estructuras existentes, en el marco de los usos del suelo que est\u00e9n definidos por la Oficina de Planeaci\u00f3n Municipal de Cajic\u00e1 o quien haga sus veces para dichos fines.<\/p>\n<p>Ballesteros fue enf\u00e1tico en se\u00f1alar que, si bien la CAR no es la entidad competente para hacer seguimiento a las licencias de construcci\u00f3n ni la encargada de ordenar la demolici\u00f3n de construcciones que se hayan adelantado por fuera del correspondiente instrumento, en su rol de autoridad ambiental debe garantizar el cumplimiento de la normatividad vigente en materia de rondas h\u00eddricas.<\/p>\n<p><em>\u201cCuando se trata de zonas de conservaci\u00f3n ambiental, la CAR s\u00ed es la autoridad competente para definir la suspensi\u00f3n de actividades, as\u00ed como el inicio de tr\u00e1mites administrativos ambientales sancionatorios, que luego de agotar el debido proceso podr\u00e1n culminar con multas de hasta 100 mil salarios m\u00ednimos mensuales vigentes\u201d<\/em>, subray\u00f3 el director Alfred Ballesteros.<\/p>\n<p>De acuerdo con el informe t\u00e9cnico generado tras la visita de la autoridad ambiental y en aplicaci\u00f3n de la Ley 1333 de 2009, la Corporaci\u00f3n dispuso la imposici\u00f3n de una medida preventiva con el fin de impedir la continuaci\u00f3n de las actividades que atenten contra el medio ambiente, los recursos naturales, el paisaje o la salud humana, la cual fue materializada por el municipio de Cajic\u00e1 y se encuentra vigente a la fecha.<\/p>\n<p>El levantamiento de dicha medida tendr\u00e1 lugar cuando se compruebe que desaparecieron las causas que dieron origen a la afectaci\u00f3n.<\/p>\n<p>Fuente: CAR Cundinamarca<\/p>\n","protected":false},"excerpt":{"rendered":"<p>Cualquier intervenci\u00f3n como el cerramiento o la construcci\u00f3n de espacios y estructuras, as\u00ed sean, no pueden estar dentro de esta zona. * Tras la visita del equipo de la CAR se pudo establecer que las intervenciones habr\u00edan ocasionado una afectaci\u00f3n al recurso suelo en cerca de 650 metros cuadrados. * \u00abCuando se trata de zonas [&hellip;]<\/p>\n","protected":false},"author":1,"featured_media":5345,"comment_status":"open","ping_status":"open","sticky":false,"template":"","format":"standard","meta":{"rop_custom_images_group":[],"rop_custom_messages_group":[],"rop_publish_now":"initial","rop_publish_now_accounts":{"facebook_1821922728178256_102311254498371":""},"rop_publish_now_history":[],"rop_publish_now_status":"pending","footnotes":""},"categories":[7],"tags":[],"class_list":["post-5344","post","type-post","status-publish","format-standard","has-post-thumbnail","hentry","category-ambiental"],"_links":{"self":[{"href":"https:\/\/stcmedios.com\/index.php\/wp-json\/wp\/v2\/posts\/5344","targetHints":{"allow":["GET"]}}],"collection":[{"href":"https:\/\/stcmedios.com\/index.php\/wp-json\/wp\/v2\/posts"}],"about":[{"href":"https:\/\/stcmedios.com\/index.php\/wp-json\/wp\/v2\/types\/post"}],"author":[{"embeddable":true,"href":"https:\/\/stcmedios.com\/index.php\/wp-json\/wp\/v2\/users\/1"}],"replies":[{"embeddable":true,"href":"https:\/\/stcmedios.com\/index.php\/wp-json\/wp\/v2\/comments?post=5344"}],"version-history":[{"count":0,"href":"https:\/\/stcmedios.com\/index.php\/wp-json\/wp\/v2\/posts\/5344\/revisions"}],"wp:featuredmedia":[{"embeddable":true,"href":"https:\/\/stcmedios.com\/index.php\/wp-json\/wp\/v2\/media\/5345"}],"wp:attachment":[{"href":"https:\/\/stcmedios.com\/index.php\/wp-json\/wp\/v2\/media?parent=5344"}],"wp:term":[{"taxonomy":"category","embeddable":true,"href":"https:\/\/stcmedios.com\/index.php\/wp-json\/wp\/v2\/categories?post=5344"},{"taxonomy":"post_tag","embeddable":true,"href":"https:\/\/stcmedios.com\/index.php\/wp-json\/wp\/v2\/tags?post=5344"}],"curies":[{"name":"wp","href":"https:\/\/api.w.org\/{rel}","templated":true}]}}