{"id":5329,"date":"2026-01-22T20:13:24","date_gmt":"2026-01-22T20:13:24","guid":{"rendered":"https:\/\/stcmedios.com\/?p=5329"},"modified":"2026-01-22T21:59:36","modified_gmt":"2026-01-22T21:59:36","slug":"gobernador-de-cundinamarca-ministra-tic-y-presidente-de-4-72-presentan-la-serie-postal-que-resalta-la-historia-y-transformacion-del-departamento-ante-el-mundo","status":"publish","type":"post","link":"https:\/\/stcmedios.com\/index.php\/2026\/01\/22\/gobernador-de-cundinamarca-ministra-tic-y-presidente-de-4-72-presentan-la-serie-postal-que-resalta-la-historia-y-transformacion-del-departamento-ante-el-mundo\/","title":{"rendered":"Gobernador de Cundinamarca, Ministra TIC y Presidente de 4-72 presentan la serie postal que resalta la historia y transformaci\u00f3n del departamento ante el mundo"},"content":{"rendered":"<ul dir=\"ltr\">\n<li>Jorge Emilio Rey \u00c1ngel, Carina Murcia Yela y Fuad Abdala Salaiman encabezan el lanzamiento de las 12.000 estampillas que rinden homenaje a Policarpa Salavarrieta, el RegioTram de Occidente y el Cundinamarca Fest 2025.<\/li>\n<li>La emisi\u00f3n, autorizada por el Ministerio TIC, otorga validez jur\u00eddica y car\u00e1cter patrimonial a los hitos del territorio para su circulaci\u00f3n en la red postal de 192 pa\u00edses gracias a 4-72.<\/li>\n<\/ul>\n<p><img loading=\"lazy\" decoding=\"async\" class=\"aligncenter wp-image-5334 lazyload\" src=\"data:image\/gif;base64,R0lGODlhAQABAAAAACH5BAEKAAEALAAAAAABAAEAAAICTAEAOw==\" alt=\"\" width=\"410\" height=\"205\" sizes=\"auto, (max-width: 410px) 100vw, 410px\" data-src=\"https:\/\/stcmedios.com\/wp-content\/uploads\/2026\/01\/5A-300x150.jpg\" data-srcset=\"https:\/\/stcmedios.com\/wp-content\/uploads\/2026\/01\/5A-300x150.jpg 300w, https:\/\/stcmedios.com\/wp-content\/uploads\/2026\/01\/5A-768x384.jpg 768w, https:\/\/stcmedios.com\/wp-content\/uploads\/2026\/01\/5A.jpg 800w\"><\/p>\n<p dir=\"ltr\">En el Sal\u00f3n Gobernadores, el mandatario departamental, Jorge Emilio Rey \u00c1ngel, junto a la ministra de Tecnolog\u00edas de la Informaci\u00f3n y las Comunicaciones, Carina Murcia Yela, y el presidente de 4-72, Fuad Abdala Salaiman, presentan hoy la emisi\u00f3n filat\u00e9lica \u00abHitos de Cundinamarca\u00bb. Esta serie de sellos postales, oficializada mediante la Resoluci\u00f3n 04624 de 2025 de Mintic, resalta la valent\u00eda hist\u00f3rica, la innovaci\u00f3n tecnol\u00f3gica y la riqueza cultural del territorio, asegurando que nuestra esencia sea reconocida en los cinco continentes.<\/p>\n<p dir=\"ltr\"><strong>Respaldo institucional y validez legal<\/strong><\/p>\n<p dir=\"ltr\">La presencia de las autoridades nacionales y del Presidente de 4-72 ratifica el car\u00e1cter oficial de esta iniciativa. Al expedir la normativa autorizada, el Ministerio TIC garantiza que estas estampillas se integren al patrimonio documental de la Naci\u00f3n, convirti\u00e9ndose en un registro hist\u00f3rico que perdurar\u00e1 para la posteridad.<\/p>\n<p dir=\"ltr\"><img loading=\"lazy\" decoding=\"async\" class=\"aligncenter wp-image-5331 lazyload\" src=\"data:image\/gif;base64,R0lGODlhAQABAAAAACH5BAEKAAEALAAAAAABAAEAAAICTAEAOw==\" alt=\"\" width=\"384\" height=\"192\" sizes=\"auto, (max-width: 384px) 100vw, 384px\" data-src=\"https:\/\/stcmedios.com\/wp-content\/uploads\/2026\/01\/2A-300x150.jpg\" data-srcset=\"https:\/\/stcmedios.com\/wp-content\/uploads\/2026\/01\/2A-300x150.jpg 300w, https:\/\/stcmedios.com\/wp-content\/uploads\/2026\/01\/2A-768x384.jpg 768w, https:\/\/stcmedios.com\/wp-content\/uploads\/2026\/01\/2A.jpg 800w\"><\/p>\n<p dir=\"ltr\">Por su parte, la articulaci\u00f3n con 4-72, operador oficial de los servicios postales, asegura que la identidad cundinamarquesa cuente con el respaldo de la red postal global. Esta alianza permite que los s\u00edmbolos regionales viajen con validez internacional, insertando al departamento en el mapa filat\u00e9lico mundial.<\/p>\n<p dir=\"ltr\"><strong>Tres hitos en la memoria del mundo<\/strong><\/p>\n<p dir=\"ltr\">La colecci\u00f3n destaca tres referentes que representan el camino del departamento:<\/p>\n<p dir=\"ltr\"><strong>Policarpa Salavarrieta:<\/strong>\u00a0encarna la dignidad, el coraje y la libertad que nacen desde los territorios. Su imagen exalta la valent\u00eda que define la historia nacional ante los ojos del mundo.<\/p>\n<p dir=\"ltr\"><strong>RegioTram de Occidente:<\/strong>\u00a0simboliza el futuro en movimiento y la movilidad sostenible pensada para la gente, posicionando a Cundinamarca como referente en innovaci\u00f3n t\u00e9cnica.<\/p>\n<p dir=\"ltr\"><strong>Cundinamarca Fest 2025:<\/strong>\u00a0vitrina de identidad, talento y emprendimiento que conecta a los 116 municipios con el pa\u00eds y el mundo.<\/p>\n<p dir=\"ltr\"><strong>Legado y proyecci\u00f3n global<\/strong><\/p>\n<p dir=\"ltr\">\u201cEstas estampillas cuentan qui\u00e9nes somos como territorio. Son memoria viva que circula y que refleja una Cundinamarca que honra su pasado, evoluciona con tecnolog\u00eda y construye oportunidades para su gente. Cumplir tambi\u00e9n es hacerlo con dignidad\u201d, destac\u00f3 la ministra TIC, Carina Murcia Yela.<\/p>\n<p dir=\"ltr\"><img loading=\"lazy\" decoding=\"async\" class=\"aligncenter wp-image-5330 lazyload\" src=\"data:image\/gif;base64,R0lGODlhAQABAAAAACH5BAEKAAEALAAAAAABAAEAAAICTAEAOw==\" alt=\"\" width=\"450\" height=\"225\" sizes=\"auto, (max-width: 450px) 100vw, 450px\" data-src=\"https:\/\/stcmedios.com\/wp-content\/uploads\/2026\/01\/1A-300x150.jpg\" data-srcset=\"https:\/\/stcmedios.com\/wp-content\/uploads\/2026\/01\/1A-300x150.jpg 300w, https:\/\/stcmedios.com\/wp-content\/uploads\/2026\/01\/1A-768x384.jpg 768w, https:\/\/stcmedios.com\/wp-content\/uploads\/2026\/01\/1A.jpg 800w\"><\/p>\n<p dir=\"ltr\">El proceso de matasellado protocolario que se realiza hoy, complementa y legitima la puesta en circulaci\u00f3n de esta obra de colecci\u00f3n, garantizando que los hitos de Cundinamarca lleguen a oficinas postales y coleccionistas de todo el planeta. A trav\u00e9s de la red de 4-72, el departamento difunde su patrimonio, fortalece el orgullo local y asegura que su transformaci\u00f3n sea reconocida internacionalmente.<\/p>\n<p dir=\"ltr\">Fuente: Gobernaci\u00f3n de Cundinamarca<\/p>\n","protected":false},"excerpt":{"rendered":"<p>Jorge Emilio Rey \u00c1ngel, Carina Murcia Yela y Fuad Abdala Salaiman encabezan el lanzamiento de las 12.000 estampillas que rinden homenaje a Policarpa Salavarrieta, el RegioTram de Occidente y el Cundinamarca Fest 2025. La emisi\u00f3n, autorizada por el Ministerio TIC, otorga validez jur\u00eddica y car\u00e1cter patrimonial a los hitos del territorio para su circulaci\u00f3n en [&hellip;]<\/p>\n","protected":false},"author":1,"featured_media":5332,"comment_status":"open","ping_status":"open","sticky":false,"template":"","format":"standard","meta":{"rop_custom_images_group":[],"rop_custom_messages_group":[],"rop_publish_now":"initial","rop_publish_now_accounts":{"facebook_1821922728178256_102311254498371":""},"rop_publish_now_history":[],"rop_publish_now_status":"pending","footnotes":""},"categories":[14],"tags":[],"class_list":["post-5329","post","type-post","status-publish","format-standard","has-post-thumbnail","hentry","category-educacion"],"_links":{"self":[{"href":"https:\/\/stcmedios.com\/index.php\/wp-json\/wp\/v2\/posts\/5329","targetHints":{"allow":["GET"]}}],"collection":[{"href":"https:\/\/stcmedios.com\/index.php\/wp-json\/wp\/v2\/posts"}],"about":[{"href":"https:\/\/stcmedios.com\/index.php\/wp-json\/wp\/v2\/types\/post"}],"author":[{"embeddable":true,"href":"https:\/\/stcmedios.com\/index.php\/wp-json\/wp\/v2\/users\/1"}],"replies":[{"embeddable":true,"href":"https:\/\/stcmedios.com\/index.php\/wp-json\/wp\/v2\/comments?post=5329"}],"version-history":[{"count":0,"href":"https:\/\/stcmedios.com\/index.php\/wp-json\/wp\/v2\/posts\/5329\/revisions"}],"wp:featuredmedia":[{"embeddable":true,"href":"https:\/\/stcmedios.com\/index.php\/wp-json\/wp\/v2\/media\/5332"}],"wp:attachment":[{"href":"https:\/\/stcmedios.com\/index.php\/wp-json\/wp\/v2\/media?parent=5329"}],"wp:term":[{"taxonomy":"category","embeddable":true,"href":"https:\/\/stcmedios.com\/index.php\/wp-json\/wp\/v2\/categories?post=5329"},{"taxonomy":"post_tag","embeddable":true,"href":"https:\/\/stcmedios.com\/index.php\/wp-json\/wp\/v2\/tags?post=5329"}],"curies":[{"name":"wp","href":"https:\/\/api.w.org\/{rel}","templated":true}]}}