{"id":5300,"date":"2026-01-19T12:00:18","date_gmt":"2026-01-19T12:00:18","guid":{"rendered":"https:\/\/stcmedios.com\/?p=5300"},"modified":"2026-01-19T15:50:03","modified_gmt":"2026-01-19T15:50:03","slug":"car-frena-construccion-de-canchas-de-futbol-en-plena-reserva-thomas-van-der-hammen","status":"publish","type":"post","link":"https:\/\/stcmedios.com\/index.php\/2026\/01\/19\/car-frena-construccion-de-canchas-de-futbol-en-plena-reserva-thomas-van-der-hammen\/","title":{"rendered":"CAR frena construcci\u00f3n de canchas de f\u00fatbol en plena reserva Thomas van der Hammen"},"content":{"rendered":"<p>* La autoridad ambiental evidenci\u00f3 en flagrancia una afectaci\u00f3n aproximada de 7.500 metros cuadrados de terreno donde se dispusieron residuos de construcci\u00f3n y demolici\u00f3n (RCD)<\/p>\n<p>* Las actividades generan afectaci\u00f3n al suelo, paisaje, flora y fauna de la zona estrat\u00e9gica.<\/p>\n<p>* \u00abLa disposici\u00f3n inadecuada de este tipo de elementos genera una ruptura en un ecosistema que cumple un papel fundamental de conectividad entre los Cerros Orientales, los humedales Torca-Guaymaral, La Conejera y el r\u00edo Bogot\u00e1\u201d: director general de la CAR.<\/p>\n<p>Bogot\u00e1 D.C., 19 de enero de 2026 #65A\u00f1osCumpli\u00e9ndoleAlTerritorio.<\/p>\n<p>En momentos en que la Cuenca Alta del r\u00edo Bogot\u00e1 y el norte de la Sabana afrontan la amenaza de escasez h\u00eddrica, la Corporaci\u00f3n Aut\u00f3noma Regional de Cundinamarca reforz\u00f3 sus acciones de control y vigilancia y encontr\u00f3 en flagrancia actividades de descapote de cobertura vegetal, disposici\u00f3n de Residuos de Construcci\u00f3n y Demolici\u00f3n (RCD) y disposici\u00f3n de Residuos Peligrosos (RESPEL) en plena Reserva Forestal Regional Productora del Norte de Bogot\u00e1, D.C. Thomas van der Hammen.<\/p>\n<p>Un equipo t\u00e9cnico de la direcci\u00f3n regional Bogot\u00e1 \u2013 La Calera, con el acompa\u00f1amiento de la Polic\u00eda Nacional y de Carabineros, hizo seguimiento a una denuncia ciudadana y llegaron hasta el sector La Conejera, de la Localidad de Suba, donde identificaron en flagrancia la disposici\u00f3n irregular de Residuos de Construcci\u00f3n y Demolici\u00f3n (RCD).<\/p>\n<p>Tras la evaluaci\u00f3n y documentaci\u00f3n de las afectaciones, la CAR dispuso la imposici\u00f3n de cinco medidas preventivas con suspensi\u00f3n inmediata de actividades de tres establecimientos que se dedican a la prestaci\u00f3n de servicios deportivos as\u00ed como otra actividad que implique o pueda generar afluencia masiva de personas en el lugar y dos medidas m\u00e1s en terrenos en donde se evidenci\u00f3, en flagrancia, la afectaci\u00f3n ambiental en la que utilizaron maquinaria amarilla para rellenar y nivelar el terreno y posteriormente establecer canchas de f\u00fatbol.<\/p>\n<p>En el predio hab\u00eda tres m\u00e1quinas amarillas operando, las cuales realizaban labores de explanaci\u00f3n del lugar, en la zona de aproximadamente 7.500 metros cuadrados, extrayendo bloques de c\u00e9sped que hab\u00edan sido retirados de la zona para la instalaci\u00f3n de grama artificial, material que tambi\u00e9n estaba en el lugar.<\/p>\n<p>As\u00ed mismo, se evidenci\u00f3 la realizaci\u00f3n de actividades de prestaci\u00f3n de servicios abiertos al p\u00fablico en el mismo predio, infringiendo el uso de suelo de esta \u00e1rea protegida de orden regional declarada mediante el Acuerdo CAR No.11 de 2011 que determina que la zona tiene como funci\u00f3n la conectividad ecosist\u00e9mica entre los Cerros Orientales y el r\u00edo Bogot\u00e1, garantizando de esta manera la permanencia de flora y circulaci\u00f3n permanente de fauna en el lugar.<\/p>\n<p>Para el director general de la CAR, Alfred Ballesteros Alarc\u00f3n estas malas pr\u00e1cticas ponen en riesgo la estabilidad ecosist\u00e9mica del lugar \u201cya que generan una ruptura de las din\u00e1micas propias de un corredor que une el cerro de La Conejera con la Reserva Forestal Thomas Van der Hammen. No podemos permitir que estos predios de alto valor ambiental sigan siendo afectados por actividades que alteran el equilibrio ecol\u00f3gico del humedal, impiden la prestaci\u00f3n de los servicios ambientales y afectan al h\u00e1bitat de flora y fauna nativos\u201d.<\/p>\n<p>El operativo dej\u00f3 como resultado 8 personas con comparendos ambientales por parte de la Polic\u00eda Nacional. Por su parte, la CAR inform\u00f3 que har\u00e1 seguimiento minucioso de este corredor ecol\u00f3gico de alto valor ambiental que hace parte de la jurisdicci\u00f3n y que tiene como prop\u00f3sito impedir la expansi\u00f3n urbana.<br \/>\n\u201cQuiero recordar que este a\u00f1o la CAR Cundinamarca celebra 65 a\u00f1os cumpli\u00e9ndole al territorio y nuestro mayor regalo es el ejercicio pleno y contundente de la autoridad ambiental\u201d, puntualiz\u00f3 el director Ballesteros.<\/p>\n<p>Fuente: CAR Cundinamarca<\/p>\n","protected":false},"excerpt":{"rendered":"<p>* La autoridad ambiental evidenci\u00f3 en flagrancia una afectaci\u00f3n aproximada de 7.500 metros cuadrados de terreno donde se dispusieron residuos de construcci\u00f3n y demolici\u00f3n (RCD) * Las actividades generan afectaci\u00f3n al suelo, paisaje, flora y fauna de la zona estrat\u00e9gica. * \u00abLa disposici\u00f3n inadecuada de este tipo de elementos genera una ruptura en un ecosistema [&hellip;]<\/p>\n","protected":false},"author":1,"featured_media":5291,"comment_status":"open","ping_status":"open","sticky":false,"template":"","format":"standard","meta":{"rop_custom_images_group":[],"rop_custom_messages_group":[],"rop_publish_now":"initial","rop_publish_now_accounts":{"facebook_1821922728178256_102311254498371":""},"rop_publish_now_history":[],"rop_publish_now_status":"pending","footnotes":""},"categories":[7],"tags":[18,488,489],"class_list":["post-5300","post","type-post","status-publish","format-standard","has-post-thumbnail","hentry","category-ambiental","tag-car-cundinamarca","tag-reserva-thomas-van-der-hammen","tag-residuos-de-construccion-y-demolicion-rcd"],"_links":{"self":[{"href":"https:\/\/stcmedios.com\/index.php\/wp-json\/wp\/v2\/posts\/5300","targetHints":{"allow":["GET"]}}],"collection":[{"href":"https:\/\/stcmedios.com\/index.php\/wp-json\/wp\/v2\/posts"}],"about":[{"href":"https:\/\/stcmedios.com\/index.php\/wp-json\/wp\/v2\/types\/post"}],"author":[{"embeddable":true,"href":"https:\/\/stcmedios.com\/index.php\/wp-json\/wp\/v2\/users\/1"}],"replies":[{"embeddable":true,"href":"https:\/\/stcmedios.com\/index.php\/wp-json\/wp\/v2\/comments?post=5300"}],"version-history":[{"count":0,"href":"https:\/\/stcmedios.com\/index.php\/wp-json\/wp\/v2\/posts\/5300\/revisions"}],"wp:featuredmedia":[{"embeddable":true,"href":"https:\/\/stcmedios.com\/index.php\/wp-json\/wp\/v2\/media\/5291"}],"wp:attachment":[{"href":"https:\/\/stcmedios.com\/index.php\/wp-json\/wp\/v2\/media?parent=5300"}],"wp:term":[{"taxonomy":"category","embeddable":true,"href":"https:\/\/stcmedios.com\/index.php\/wp-json\/wp\/v2\/categories?post=5300"},{"taxonomy":"post_tag","embeddable":true,"href":"https:\/\/stcmedios.com\/index.php\/wp-json\/wp\/v2\/tags?post=5300"}],"curies":[{"name":"wp","href":"https:\/\/api.w.org\/{rel}","templated":true}]}}