{"id":5271,"date":"2026-01-16T17:05:25","date_gmt":"2026-01-16T17:05:25","guid":{"rendered":"https:\/\/stcmedios.com\/?p=5271"},"modified":"2026-02-23T21:20:25","modified_gmt":"2026-02-23T21:20:25","slug":"cundinamarca-estrena-tiendas-de-economia-circular-impulsadas-por-la-car-y-sus-negocios-verdes","status":"publish","type":"post","link":"https:\/\/stcmedios.com\/index.php\/2026\/01\/16\/cundinamarca-estrena-tiendas-de-economia-circular-impulsadas-por-la-car-y-sus-negocios-verdes\/","title":{"rendered":"Cundinamarca estrena tiendas de econom\u00eda circular impulsadas por la CAR y sus Negocios Verdes"},"content":{"rendered":"<p><strong><em>M\u00e1s de 17 de negocios verdes, de la mano con empresas ancla del sector circular, abren sus puertas a la ciudadan\u00eda con 2 nuevas tiendas f\u00edsicas en los municipios de La Mesa y La Calera.\u00a0<\/em><\/strong><\/p>\n<p><strong><em>* La comunidad podr\u00e1 encontrar en las tiendas, art\u00edculos y productos disponibles como: alimentos transformados, bioproductos, artesan\u00edas, mieles, caf\u00e9s especiales, entre otros.<\/em><\/strong><\/p>\n<p><strong><em>* \u201cContinuamos trabajando por un territorio que propicie iniciativas sostenibles, con la puesta en marcha de las primeras tiendas lideradas por los Negocios Verdes y empresas ancla, mejoramos la econom\u00eda local\u201d: Subdirectora de Cultura y Gobernanza Ambiental de la CAR.<\/em><\/strong><\/p>\n<p>La Corporaci\u00f3n Aut\u00f3noma Regional de Cundinamarca &#8211; CAR avanza en la consolidaci\u00f3n de alianzas estrat\u00e9gicas que promueven la productividad de los Negocios Verdes CAR y fortalezcan la econom\u00eda local con un enfoque sostenible en su jurisdicci\u00f3n.<\/p>\n<p>Por ello, m\u00e1s de 17 negocios verdes, en articulaci\u00f3n con empresas ancla del sector de la econom\u00eda circular, abren sus puertas a la ciudadan\u00eda con la puesta en marcha de cuatro nuevas tiendas f\u00edsicas en dos municipios del departamento.<\/p>\n<p>La iniciativa corresponde por una parte, a la tienda Agroecol\u00f3gica Nativa, ubicada en el municipio de La Mesa, y, por otra, a Cayena Market, que cuenta con un punto f\u00edsico en el municipio de La Calera. Ambas iniciativas surgen como resultado del trabajo articulado entre diversos emprendimientos vinculados a la Ventanilla de Negocios Verdes de la CAR, evidenciando el impacto positivo de los encadenamientos productivos en la generaci\u00f3n de espacios comerciales sostenibles.<\/p>\n<p>La comunidad podr\u00e1 encontrar una amplia oferta de productos como alimentos transformados, bioproductos, ecoproductos industriales, textiles reciclados, artesan\u00edas, mieles, caf\u00e9s especiales, entre otros.<\/p>\n<p><em>\u201cContinuamos trabajando por un territorio que propicie iniciativas sostenibles. Con la puesta en marcha de las primeras tiendas lideradas por el Programa Negocios Verdes de la CAR y las empresas ancla, fortalecemos la econom\u00eda local, al tiempo que impulsamos pr\u00e1cticas y procesos amigables con el ambiente y en beneficio de nuestros emprendedores\u201d<\/em>, se\u00f1al\u00f3 Nidia Ria\u00f1o Rinc\u00f3n, subdirectora de Cultura y Gobernanza Ambiental.<\/p>\n<p>Entre los primeros emprendimientos verdes beneficiados se encuentran: Quinta Saroco, P\u00e1ramo Snacks, Caf\u00e9 Formemos, Kynuba, Jacamar, Natulive, Latte Consciente, Montchelate, Vestigios, Satua, Chocolates Yoconta, Chocolater\u00eda Gualiv\u00e1, Altogourmetque, Yow Cannabis de Los Andes, Tropipanela, AgroArteSanamente S.A.S. BIC y LolaRepa.<\/p>\n<p>Cabe recordar que estos resultados hacen parte de los compromisos contemplados en el Pacto de Encadenamiento Comercial para la Econom\u00eda Circular y los Negocios Verdes, firmado en septiembre del 2025 entre el Programa Negocios Verdes y las empresas ancla, en el marco de la\u00a0Cumbre Ambiental de Sostenibilidad e Innovaci\u00f3n\u00a0de la Corporaci\u00f3n.<\/p>\n<p>Desde la CAR se continuar\u00e1 apalancando iniciativas como estas, que fomentan estrategias de encadenamiento territorial para fortalecer las capacidades locales, dinamizar mercados responsables y visibilizar emprendimientos que integran criterios ambientales y sociales.<\/p>\n<p>Fuente: CAR Cundinamarca<\/p>\n","protected":false},"excerpt":{"rendered":"<p>M\u00e1s de 17 de negocios verdes, de la mano con empresas ancla del sector circular, abren sus puertas a la ciudadan\u00eda con 2 nuevas tiendas f\u00edsicas en los municipios de La Mesa y La Calera.\u00a0 * La comunidad podr\u00e1 encontrar en las tiendas, art\u00edculos y productos disponibles como: alimentos transformados, bioproductos, artesan\u00edas, mieles, caf\u00e9s especiales, [&hellip;]<\/p>\n","protected":false},"author":1,"featured_media":5272,"comment_status":"open","ping_status":"open","sticky":false,"template":"","format":"standard","meta":{"rop_custom_images_group":[],"rop_custom_messages_group":[],"rop_publish_now":"initial","rop_publish_now_accounts":{"facebook_1821922728178256_102311254498371":""},"rop_publish_now_history":[],"rop_publish_now_status":"pending","footnotes":""},"categories":[449],"tags":[18],"class_list":["post-5271","post","type-post","status-publish","format-standard","has-post-thumbnail","hentry","category-economia","tag-car-cundinamarca"],"_links":{"self":[{"href":"https:\/\/stcmedios.com\/index.php\/wp-json\/wp\/v2\/posts\/5271","targetHints":{"allow":["GET"]}}],"collection":[{"href":"https:\/\/stcmedios.com\/index.php\/wp-json\/wp\/v2\/posts"}],"about":[{"href":"https:\/\/stcmedios.com\/index.php\/wp-json\/wp\/v2\/types\/post"}],"author":[{"embeddable":true,"href":"https:\/\/stcmedios.com\/index.php\/wp-json\/wp\/v2\/users\/1"}],"replies":[{"embeddable":true,"href":"https:\/\/stcmedios.com\/index.php\/wp-json\/wp\/v2\/comments?post=5271"}],"version-history":[{"count":0,"href":"https:\/\/stcmedios.com\/index.php\/wp-json\/wp\/v2\/posts\/5271\/revisions"}],"wp:featuredmedia":[{"embeddable":true,"href":"https:\/\/stcmedios.com\/index.php\/wp-json\/wp\/v2\/media\/5272"}],"wp:attachment":[{"href":"https:\/\/stcmedios.com\/index.php\/wp-json\/wp\/v2\/media?parent=5271"}],"wp:term":[{"taxonomy":"category","embeddable":true,"href":"https:\/\/stcmedios.com\/index.php\/wp-json\/wp\/v2\/categories?post=5271"},{"taxonomy":"post_tag","embeddable":true,"href":"https:\/\/stcmedios.com\/index.php\/wp-json\/wp\/v2\/tags?post=5271"}],"curies":[{"name":"wp","href":"https:\/\/api.w.org\/{rel}","templated":true}]}}