{"id":5065,"date":"2025-12-26T14:23:32","date_gmt":"2025-12-26T14:23:32","guid":{"rendered":"https:\/\/stcmedios.com\/?p=5065"},"modified":"2025-12-26T14:24:32","modified_gmt":"2025-12-26T14:24:32","slug":"tama-el-oso-andino-pierde-la-vida-antes-de-regresar-a-la-libertad","status":"publish","type":"post","link":"https:\/\/stcmedios.com\/index.php\/2025\/12\/26\/tama-el-oso-andino-pierde-la-vida-antes-de-regresar-a-la-libertad\/","title":{"rendered":"Tam\u00e1, el oso andino, pierde la vida antes de regresar a la libertad"},"content":{"rendered":"<p>La inesperada p\u00e9rdida de Tam\u00e1, s\u00edmbolo de esperanza para la biodiversidad, obliga a las autoridades ambientales a revisar protocolos y a reflexionar sobre los desaf\u00edos en la reintroducci\u00f3n de especies en Colombia.<\/p>\n<p>La conservaci\u00f3n de la fauna silvestre en Colombia recibi\u00f3 una dolorosa noticia con la muerte de Tam\u00e1, el oso andino, en los \u00faltimos instantes de lo que ser\u00eda su esperado regreso a la libertad.<\/p>\n<p><img loading=\"lazy\" decoding=\"async\" class=\"aligncenter  wp-image-5068\" src=\"https:\/\/stcmedios.com\/wp-content\/uploads\/2025\/12\/22-1-300x215.jpg\" alt=\"\" width=\"400\" height=\"287\" srcset=\"https:\/\/stcmedios.com\/wp-content\/uploads\/2025\/12\/22-1-300x215.jpg 300w, https:\/\/stcmedios.com\/wp-content\/uploads\/2025\/12\/22-1-768x550.jpg 768w, https:\/\/stcmedios.com\/wp-content\/uploads\/2025\/12\/22-1.jpg 805w\" sizes=\"auto, (max-width: 400px) 100vw, 400px\" \/><\/p>\n<p>Parques Nacionales Naturales de Colombia y la Fundaci\u00f3n Parque Jaime Duque comunicaron el hecho a la opini\u00f3n p\u00fablica,<strong>\u00a0lamentando profundamente la p\u00e9rdida de un ejemplar que se hab\u00eda convertido en s\u00edmbolo de esperanza y uni\u00f3n en torno a la protecci\u00f3n de los osos andinos.<\/strong><\/p>\n<p>El deceso de Tam\u00e1 ocurri\u00f3 durante el proceso final de su traslado y liberaci\u00f3n, cuando experiment\u00f3 dificultades respiratorias en el vuelo de traslado hacia su nuevo hogar en el Parque Nacional Natural Tam\u00e1, en la frontera entre Colombia y Venezuela.<\/p>\n<p>Seg\u00fan informaron las entidades,\u00a0<strong>Tam\u00e1 viajaba acompa\u00f1ado por personal m\u00e9dico especializado y bajo seguimiento continuo. No obstante, durante los intentos de aterrizaje,<\/strong>\u00a0el equipo se enfrent\u00f3 a condiciones meteorol\u00f3gicas adversas que obligaron a tomar la decisi\u00f3n de regresar al aeropuerto Camilo Daza, en C\u00facuta, priorizando la seguridad de Tam\u00e1 y del equipo humano encargado del operativo.<\/p>\n<p>Durante el regreso,\u00a0<strong>Tam\u00e1 comenz\u00f3 a mostrar signos de dificultad respiratoria. A pesar de que recibi\u00f3 atenci\u00f3n inmediata y maniobras de reanimaci\u00f3n, no hubo respuesta positiva y el oso falleci\u00f3 minutos despu\u00e9s<\/strong>. Tanto el personal involucrado como las autoridades ambientales locales realizaron los procedimientos necesarios para iniciar los an\u00e1lisis cient\u00edficos que determinen las causas espec\u00edficas de su muerte.<\/p>\n<p>\u201cTuvimos el dolor de perder a Tam\u00e1 en busca de la libertad\u201d, declararon las entidades responsables, mostrando su pesar ante el pa\u00eds y manifestando su solidaridad con la comunidad conservacionista.<\/p>\n<p><strong>La log\u00edstica detr\u00e1s de la liberaci\u00f3n de Tam\u00e1 represent\u00f3 un esfuerzo in\u00e9dito en la historia reciente de conservaci\u00f3n del oso andino en Colombia<\/strong>. El proceso se consolid\u00f3 durante m\u00e1s de tres a\u00f1os y cont\u00f3 con la colaboraci\u00f3n de diversos organismos: el Santuario del Oso de Anteojos, la Fundaci\u00f3n Wii, la CAR Cundinamarca, Corpoguavio, Corponor e Inparques Venezuela, as\u00ed como la empresa de aviaci\u00f3n Helistar, cuya aeronave Airbus EC145 fue cuidadosamente seleccionada para soportar las exigencias del terreno y la altura en el Parque Natural Tam\u00e1.<\/p>\n<p><img loading=\"lazy\" decoding=\"async\" class=\"aligncenter  wp-image-5066\" src=\"https:\/\/stcmedios.com\/wp-content\/uploads\/2025\/12\/33-300x198.jpg\" alt=\"\" width=\"459\" height=\"303\" srcset=\"https:\/\/stcmedios.com\/wp-content\/uploads\/2025\/12\/33-300x198.jpg 300w, https:\/\/stcmedios.com\/wp-content\/uploads\/2025\/12\/33-768x507.jpg 768w, https:\/\/stcmedios.com\/wp-content\/uploads\/2025\/12\/33.jpg 838w\" sizes=\"auto, (max-width: 459px) 100vw, 459px\" \/><\/p>\n<p>La iniciativa para liberar a Tam\u00e1 incluy\u00f3 un extenso trabajo cient\u00edfico y log\u00edstico: desde el monitoreo con telemetr\u00eda satelital, ex\u00e1menes cl\u00ednicos regulares y un plan meticuloso de rehabilitaci\u00f3n f\u00edsica y conductual, hasta la revisi\u00f3n de cada aspecto del bienestar animal bajo los m\u00e1s altos est\u00e1ndares t\u00e9cnicos, \u00e9ticos y cient\u00edficos.<\/p>\n<p>Seg\u00fan las autoridades,\u00a0<strong>Tam\u00e1 fue evaluado antes del traslado por expertos en vida silvestre, cumpliendo todos los protocolos nacionales e internacionales para su manejo y liberaci\u00f3n.<\/strong>\u00a0Antes de la fat\u00eddica jornada, el equipo t\u00e9cnico responsable no report\u00f3 se\u00f1ales de alerta ni complicaciones de salud.<\/p>\n<p>El operativo dio inicio el 16 de diciembre, cuando Tam\u00e1 fue trasladado desde el Santuario del Oso de Anteojos en Guasca, Cundinamarca, hasta el Parque Jaime Duque. Posteriormente, parti\u00f3 hacia C\u00facuta y de all\u00ed, la fase final incluir\u00eda un trayecto a\u00e9reo de 50 millas n\u00e1uticas a bordo de un helic\u00f3ptero, con la meta de llegar al ecosistema natural del Parque Nacional Natural Tam\u00e1 justo en una \u00e9poca estrat\u00e9gica por la abundancia de flora y alimento, condiciones id\u00f3neas para favorecer su readaptaci\u00f3n tras m\u00e1s de once a\u00f1os bajo cuidado humano.<\/p>\n<p><strong>La muerte de Tam\u00e1 representa un golpe tanto para el equipo que lo acompa\u00f1\u00f3 durante su proceso de rehabilitaci\u00f3n y monitoreo<\/strong>, como para las comunidades y organizaciones comprometidas con la defensa de la biodiversidad colombiana.<\/p>\n<p>\u201cTam\u00e1 uni\u00f3 a muchos corazones en todo el pa\u00eds y sigue siendo un s\u00edmbolo de la libertad que merece nuestra fauna silvestre\u201d, afirmaron las entidades, resaltando el significado y las ense\u00f1anzas que deja este desafortunado desenlace.<\/p>\n<p><img loading=\"lazy\" decoding=\"async\" class=\"aligncenter  wp-image-5067\" src=\"https:\/\/stcmedios.com\/wp-content\/uploads\/2025\/12\/44-300x195.jpg\" alt=\"\" width=\"423\" height=\"275\" srcset=\"https:\/\/stcmedios.com\/wp-content\/uploads\/2025\/12\/44-300x195.jpg 300w, https:\/\/stcmedios.com\/wp-content\/uploads\/2025\/12\/44-768x499.jpg 768w, https:\/\/stcmedios.com\/wp-content\/uploads\/2025\/12\/44.jpg 844w\" sizes=\"auto, (max-width: 423px) 100vw, 423px\" \/><\/p>\n<p>Ante el fallecimiento, las autoridades ambientales y cient\u00edficas anunciaron que adelantar\u00e1n los an\u00e1lisis necesarios para esclarecer las causas, as\u00ed como nuevas reflexiones y aprendizajes para el futuro de los programas de rehabilitaci\u00f3n y liberaci\u00f3n de fauna.<\/p>\n<p>Para quienes dedicaron a\u00f1os a su cuidado,\u00a0<strong>Tam\u00e1 representa la evidencia de que el trabajo conjunto entre organizaciones, comunidades y ciencia es imprescindible, aunque los resultados pueden ser impredecibles<\/strong>. \u201cCada vida es valiosa y este desenlace ocasiona profunda tristeza al equipo de las entidades, las organizaciones comprometidas en su rehabilitaci\u00f3n, traslado, liberaci\u00f3n que genera reflexiones y aprendizajes para todos\u201d.<\/p>\n<p>La experiencia de Tam\u00e1 dej\u00f3 en evidencia la complejidad y los desaf\u00edos que implica cada proceso de reintroducci\u00f3n de especies. Aun con el respaldo de la mejor tecnolog\u00eda, el cumplimiento de protocolos estrictos y el acompa\u00f1amiento constante, los riesgos son inherentes y los resultados no siempre reflejan el empe\u00f1o y la dedicaci\u00f3n de quienes creen en devolver la libertad a los animales silvestres.<\/p>\n<p>A pesar de la tristeza que embarga a quienes participaron en el proceso,\u00a0<strong>Tam\u00e1 se consolida como un s\u00edmbolo de perseverancia e inspiraci\u00f3n para fortalecer la conservaci\u00f3n de la fauna andina.<\/strong><\/p>\n<p>&nbsp;<\/p>\n","protected":false},"excerpt":{"rendered":"<p>La inesperada p\u00e9rdida de Tam\u00e1, s\u00edmbolo de esperanza para la biodiversidad, obliga a las autoridades ambientales a revisar protocolos y a reflexionar sobre los desaf\u00edos en la reintroducci\u00f3n de especies en Colombia. La conservaci\u00f3n de la fauna silvestre en Colombia recibi\u00f3 una dolorosa noticia con la muerte de Tam\u00e1, el oso andino, en los \u00faltimos [&hellip;]<\/p>\n","protected":false},"author":1,"featured_media":5069,"comment_status":"open","ping_status":"open","sticky":false,"template":"","format":"standard","meta":{"rop_custom_images_group":[],"rop_custom_messages_group":[],"rop_publish_now":"initial","rop_publish_now_accounts":{"facebook_1821922728178256_102311254498371":""},"rop_publish_now_history":[],"rop_publish_now_status":"pending","footnotes":""},"categories":[7],"tags":[],"class_list":["post-5065","post","type-post","status-publish","format-standard","has-post-thumbnail","hentry","category-ambiental"],"_links":{"self":[{"href":"https:\/\/stcmedios.com\/index.php\/wp-json\/wp\/v2\/posts\/5065","targetHints":{"allow":["GET"]}}],"collection":[{"href":"https:\/\/stcmedios.com\/index.php\/wp-json\/wp\/v2\/posts"}],"about":[{"href":"https:\/\/stcmedios.com\/index.php\/wp-json\/wp\/v2\/types\/post"}],"author":[{"embeddable":true,"href":"https:\/\/stcmedios.com\/index.php\/wp-json\/wp\/v2\/users\/1"}],"replies":[{"embeddable":true,"href":"https:\/\/stcmedios.com\/index.php\/wp-json\/wp\/v2\/comments?post=5065"}],"version-history":[{"count":0,"href":"https:\/\/stcmedios.com\/index.php\/wp-json\/wp\/v2\/posts\/5065\/revisions"}],"wp:featuredmedia":[{"embeddable":true,"href":"https:\/\/stcmedios.com\/index.php\/wp-json\/wp\/v2\/media\/5069"}],"wp:attachment":[{"href":"https:\/\/stcmedios.com\/index.php\/wp-json\/wp\/v2\/media?parent=5065"}],"wp:term":[{"taxonomy":"category","embeddable":true,"href":"https:\/\/stcmedios.com\/index.php\/wp-json\/wp\/v2\/categories?post=5065"},{"taxonomy":"post_tag","embeddable":true,"href":"https:\/\/stcmedios.com\/index.php\/wp-json\/wp\/v2\/tags?post=5065"}],"curies":[{"name":"wp","href":"https:\/\/api.w.org\/{rel}","templated":true}]}}