{"id":4990,"date":"2025-12-18T15:03:25","date_gmt":"2025-12-18T15:03:25","guid":{"rendered":"https:\/\/stcmedios.com\/?p=4990"},"modified":"2025-12-18T15:03:25","modified_gmt":"2025-12-18T15:03:25","slug":"cundinamarca-moderniza-sedes-atencion-de-cota-pasa-a-tenjo","status":"publish","type":"post","link":"https:\/\/stcmedios.com\/index.php\/2025\/12\/18\/cundinamarca-moderniza-sedes-atencion-de-cota-pasa-a-tenjo\/","title":{"rendered":"Cundinamarca moderniza sedes: atenci\u00f3n de Cota pasa a Tenjo"},"content":{"rendered":"<p><em>La nueva sede de Tenjo entrar\u00e1 en funcionamiento una vez el RUNT habilite su conexi\u00f3n, proceso proyectado para iniciar el 1 de diciembre de 2025.<\/em><\/p>\n<p>Con el objetivo de permitir que el municipio de Cota asuma la gesti\u00f3n directa de su movilidad, la Secretar\u00eda de Movilidad Contempor\u00e1nea oficializa el traslado de sus operaciones a la nueva sede en Tenjo.<\/p>\n<p>La entidad ha confirmado que la atenci\u00f3n en este nuevo punto iniciar\u00e1 tan pronto se complete la habilitaci\u00f3n t\u00e9cnica en la plataforma del Registro \u00danico Nacional de Tr\u00e1nsito (RUNT), proceso que se estima concluir\u00e1 el 1 de diciembre de 2025.<\/p>\n<p>Cabe resaltar que, la medida responde al plan de modernizaci\u00f3n institucional establecido por el Decreto 107 de 2025,\u00a0 de la Secretar\u00eda de Movilidad Contempor\u00e1nea de Cundinamarca.<\/p>\n<p>El traslado obedece al proceso de municipalizaci\u00f3n de Cota como organismo de tr\u00e1nsito, lo que permitir\u00e1 que dicho municipio asuma directamente la gesti\u00f3n de los tr\u00e1mites y servicios de movilidad en su jurisdicci\u00f3n.<\/p>\n<p>Durante este periodo de transici\u00f3n, la continuidad de los servicios en la nueva sede de Tenjo depender\u00e1 de la habilitaci\u00f3n t\u00e9cnica por parte del Registro \u00danico Nacional de Tr\u00e1nsito (RUNT), aliado fundamental en la operaci\u00f3n de los servicios de movilidad en todo el pa\u00eds. Seg\u00fan la proyecci\u00f3n actual, el proceso estar\u00e1 concluido a m\u00e1s tardar el lunes 1 de diciembre de 2025.<\/p>\n<p>La Secretar\u00eda reitera su compromiso de garantizar la atenci\u00f3n oportuna y de minimizar cualquier afectaci\u00f3n a los ciudadanos durante este proceso. Asimismo, invita a los usuarios a consultar los canales oficiales para mantenerse informados sobre la apertura de la nueva sede y los avances del proceso.<\/p>\n<p>L\u00ednea de atenci\u00f3n: (601) 162540<br \/>\nSitio web:<a href=\"https:\/\/www.cundinamarca.gov.co\/dependencias\/secmovilidad\">\u00a0www.cundinamarca.gov.co\/dependencias\/secmovilidad<\/a><\/p>\n<p>\u00a1Seguimos modernizando la movilidad de Cundinamarca para prestar un mejor servicio a todos los ciudadanos!<\/p>\n<p>Fuente: Movilidad Cundinamarca<\/p>\n","protected":false},"excerpt":{"rendered":"<p>La nueva sede de Tenjo entrar\u00e1 en funcionamiento una vez el RUNT habilite su conexi\u00f3n, proceso proyectado para iniciar el 1 de diciembre de 2025. Con el objetivo de permitir que el municipio de Cota asuma la gesti\u00f3n directa de su movilidad, la Secretar\u00eda de Movilidad Contempor\u00e1nea oficializa el traslado de sus operaciones a la [&hellip;]<\/p>\n","protected":false},"author":1,"featured_media":4992,"comment_status":"open","ping_status":"open","sticky":false,"template":"","format":"standard","meta":{"rop_custom_images_group":[],"rop_custom_messages_group":[],"rop_publish_now":"initial","rop_publish_now_accounts":{"facebook_1821922728178256_102311254498371":""},"rop_publish_now_history":[],"rop_publish_now_status":"pending","footnotes":""},"categories":[452],"tags":[],"class_list":["post-4990","post","type-post","status-publish","format-standard","has-post-thumbnail","hentry","category-movilidad"],"_links":{"self":[{"href":"https:\/\/stcmedios.com\/index.php\/wp-json\/wp\/v2\/posts\/4990","targetHints":{"allow":["GET"]}}],"collection":[{"href":"https:\/\/stcmedios.com\/index.php\/wp-json\/wp\/v2\/posts"}],"about":[{"href":"https:\/\/stcmedios.com\/index.php\/wp-json\/wp\/v2\/types\/post"}],"author":[{"embeddable":true,"href":"https:\/\/stcmedios.com\/index.php\/wp-json\/wp\/v2\/users\/1"}],"replies":[{"embeddable":true,"href":"https:\/\/stcmedios.com\/index.php\/wp-json\/wp\/v2\/comments?post=4990"}],"version-history":[{"count":0,"href":"https:\/\/stcmedios.com\/index.php\/wp-json\/wp\/v2\/posts\/4990\/revisions"}],"wp:featuredmedia":[{"embeddable":true,"href":"https:\/\/stcmedios.com\/index.php\/wp-json\/wp\/v2\/media\/4992"}],"wp:attachment":[{"href":"https:\/\/stcmedios.com\/index.php\/wp-json\/wp\/v2\/media?parent=4990"}],"wp:term":[{"taxonomy":"category","embeddable":true,"href":"https:\/\/stcmedios.com\/index.php\/wp-json\/wp\/v2\/categories?post=4990"},{"taxonomy":"post_tag","embeddable":true,"href":"https:\/\/stcmedios.com\/index.php\/wp-json\/wp\/v2\/tags?post=4990"}],"curies":[{"name":"wp","href":"https:\/\/api.w.org\/{rel}","templated":true}]}}