{"id":4918,"date":"2025-12-12T14:44:28","date_gmt":"2025-12-12T14:44:28","guid":{"rendered":"https:\/\/stcmedios.com\/?p=4918"},"modified":"2025-12-12T20:48:08","modified_gmt":"2025-12-12T20:48:08","slug":"la-secretaria-de-educacion-presento-los-logros-que-estan-mejorando-la-educacion-en-cundinamarca","status":"publish","type":"post","link":"https:\/\/stcmedios.com\/index.php\/2025\/12\/12\/la-secretaria-de-educacion-presento-los-logros-que-estan-mejorando-la-educacion-en-cundinamarca\/","title":{"rendered":"La Secretar\u00eda de Educaci\u00f3n present\u00f3 los logros que est\u00e1n mejorando la educaci\u00f3n en Cundinamarca"},"content":{"rendered":"<ul dir=\"ltr\">\n<li><i><span lang=\"es-419\">En sesi\u00f3n ante la JUDE, evidenci\u00f3 los retos y las acciones que marcaron el rumbo del sector en la presente vigencia.<\/span><\/i><\/li>\n<\/ul>\n<p dir=\"ltr\"><span lang=\"es-419\">La Secretar\u00eda de Educaci\u00f3n de Cundinamarca present\u00f3 ante la Junta Departamental de Educaci\u00f3n (JUDE) el balance de la gesti\u00f3n realizada en 2025, detallando los principales avances del a\u00f1o, los desaf\u00edos pendientes y las acciones que se est\u00e1n ejecutando para mejorar la calidad educativa en los municipios no certificados.<\/span><\/p>\n<p dir=\"ltr\"><span lang=\"es-419\">Dado que la JUDE es el espacio donde se revisan, analizan y orientan las pol\u00edticas y programas educativos del departamento, durante la sesi\u00f3n, se compartieron dos resultados clave:<\/span><\/p>\n<ul dir=\"ltr\">\n<li><b><span lang=\"es-419\">Los Foros Educativos 2025<\/span><\/b><span lang=\"es-419\">, donde estudiantes, docentes y comunidades aportaron ideas y experiencias para fortalecer la educaci\u00f3n.<\/span><\/li>\n<li><b><span lang=\"es-419\">El Congreso Internacional de Educaci\u00f3n: \u2018La Era de la Transformaci\u00f3n e Innovaci\u00f3n\u2019<\/span><\/b><span lang=\"es-419\">, un espacio que dej\u00f3 conclusiones importantes para tomar decisiones y planear el futuro educativo.<\/span><\/li>\n<\/ul>\n<p dir=\"ltr\"><span lang=\"es-419\">Otro de los temas principales fue el avance del\u00a0<b>Plan Decenal de Educaci\u00f3n<\/b>, que definir\u00e1 las prioridades de la educaci\u00f3n en los pr\u00f3ximos diez a\u00f1os. All\u00ed se presentaron los aportes recogidos en foros, mesas de trabajo y encuentros en diferentes municipios. Este proceso se ha construido junto a instituciones educativas, la academia y el sector privado, y ha contado con el acompa\u00f1amiento de la Universidad Militar, encargada de la revisi\u00f3n t\u00e9cnica y metodol\u00f3gica del plan. Este ser\u00e1 presentado ante la Asamblea Departamental en febrero o marzo de 2026 para su aprobaci\u00f3n.<\/span><\/p>\n<p dir=\"ltr\"><span lang=\"es-419\">La Secretar\u00eda tambi\u00e9n destac\u00f3 otros importantes logros de 2025, como la entrega de\u00a0<b>17 aulas STEM<\/b>,\u00a0<b>40 Aulas Amigas<\/b>\u00a0y la dotaci\u00f3n de\u00a0<b>421 sedes<\/b>\u00a0en 40 municipios. Adem\u00e1s, se presentaron los resultados del\u00a0<b>plan piloto PAE Nuestro<\/b>, que benefici\u00f3 a 13.900 estudiantes con una inversi\u00f3n de $11.000 millones; el progreso del\u00a0<b>Programa de Mejoramiento de la Calidad Educativa<\/b>, con recursos por $7.000 millones para 200 sedes; y la implementaci\u00f3n del programa\u00a0<b>La Escuela Somos Todos<\/b>\u00a0en 277 sedes del departamento.<\/span><\/p>\n<p dir=\"ltr\"><span lang=\"es-419\">La subsecretaria de Educaci\u00f3n de Cundinamarca,\u00a0<b>Camila Ochoa S\u00e1nchez<\/b>, afirm\u00f3 que \u201cla JUDE sigue siendo el espacio m\u00e1s importante para orientar la educaci\u00f3n en el departamento. Los avances de este a\u00f1o muestran el compromiso de nuestras comunidades educativas con una formaci\u00f3n innovadora y de calidad\u201d.<\/span><\/p>\n<p dir=\"ltr\"><span lang=\"es-419\">Al cierre, se destac\u00f3 que Cundinamarca mantiene su liderazgo nacional en el cierre de brechas rurales, alcanzando\u00a0<b>268 puntos en los indicadores de desempe\u00f1o\u00a0<\/b>en este campo, gracias al trabajo conjunto con los actores de cada territorio.<\/span><\/p>\n<p dir=\"ltr\"><span lang=\"es-419\">De esta forma, la Secretar\u00eda reiter\u00f3 su compromiso con la calidad educativa y con el fortalecimiento de los procesos que permitan que ni\u00f1as, ni\u00f1os, j\u00f3venes y adultos tengan m\u00e1s oportunidades de aprendizaje.<\/span><\/p>\n<p dir=\"ltr\">Fuente: Gobernaci\u00f3n de Cundinamarca<\/p>\n","protected":false},"excerpt":{"rendered":"<p>En sesi\u00f3n ante la JUDE, evidenci\u00f3 los retos y las acciones que marcaron el rumbo del sector en la presente vigencia. La Secretar\u00eda de Educaci\u00f3n de Cundinamarca present\u00f3 ante la Junta Departamental de Educaci\u00f3n (JUDE) el balance de la gesti\u00f3n realizada en 2025, detallando los principales avances del a\u00f1o, los desaf\u00edos pendientes y las acciones [&hellip;]<\/p>\n","protected":false},"author":1,"featured_media":4919,"comment_status":"open","ping_status":"open","sticky":false,"template":"","format":"standard","meta":{"rop_custom_images_group":[],"rop_custom_messages_group":[],"rop_publish_now":"initial","rop_publish_now_accounts":{"facebook_1821922728178256_102311254498371":""},"rop_publish_now_history":[],"rop_publish_now_status":"pending","footnotes":""},"categories":[14],"tags":[],"class_list":["post-4918","post","type-post","status-publish","format-standard","has-post-thumbnail","hentry","category-educacion"],"_links":{"self":[{"href":"https:\/\/stcmedios.com\/index.php\/wp-json\/wp\/v2\/posts\/4918","targetHints":{"allow":["GET"]}}],"collection":[{"href":"https:\/\/stcmedios.com\/index.php\/wp-json\/wp\/v2\/posts"}],"about":[{"href":"https:\/\/stcmedios.com\/index.php\/wp-json\/wp\/v2\/types\/post"}],"author":[{"embeddable":true,"href":"https:\/\/stcmedios.com\/index.php\/wp-json\/wp\/v2\/users\/1"}],"replies":[{"embeddable":true,"href":"https:\/\/stcmedios.com\/index.php\/wp-json\/wp\/v2\/comments?post=4918"}],"version-history":[{"count":0,"href":"https:\/\/stcmedios.com\/index.php\/wp-json\/wp\/v2\/posts\/4918\/revisions"}],"wp:featuredmedia":[{"embeddable":true,"href":"https:\/\/stcmedios.com\/index.php\/wp-json\/wp\/v2\/media\/4919"}],"wp:attachment":[{"href":"https:\/\/stcmedios.com\/index.php\/wp-json\/wp\/v2\/media?parent=4918"}],"wp:term":[{"taxonomy":"category","embeddable":true,"href":"https:\/\/stcmedios.com\/index.php\/wp-json\/wp\/v2\/categories?post=4918"},{"taxonomy":"post_tag","embeddable":true,"href":"https:\/\/stcmedios.com\/index.php\/wp-json\/wp\/v2\/tags?post=4918"}],"curies":[{"name":"wp","href":"https:\/\/api.w.org\/{rel}","templated":true}]}}