{"id":4871,"date":"2025-12-05T19:23:05","date_gmt":"2025-12-05T19:23:05","guid":{"rendered":"https:\/\/stcmedios.com\/?p=4871"},"modified":"2026-01-14T16:14:28","modified_gmt":"2026-01-14T16:14:28","slug":"4871","status":"publish","type":"post","link":"https:\/\/stcmedios.com\/index.php\/2025\/12\/05\/4871\/","title":{"rendered":"Cundinamarca fortalece la educaci\u00f3n rural con la entrega de 40 Aulas AMIGAS para sedes con modelo de postprimaria"},"content":{"rendered":"<ul dir=\"ltr\">\n<li><i><span lang=\"es-419\">Con una inversi\u00f3n cercana a los $830 millones, la Secretar\u00eda de Educaci\u00f3n de Cundinamarca benefici\u00f3 a 1.884 estudiantes de 40 sedes rurales pertenecientes a 35 instituciones educativas departamentales, en 26 municipios.<\/span><\/i><\/li>\n<li><i><span lang=\"es-419\">Esta dotaci\u00f3n integral, que articula tecnolog\u00eda, recursos pedag\u00f3gicos digitales y formaci\u00f3n docente, apunta a la meta de fortalecer los ambientes de aprendizaje y potenciar los procesos pedag\u00f3gicos. <\/span><\/i><\/li>\n<li><\/li>\n<li><i><span lang=\"es-419\"><img loading=\"lazy\" decoding=\"async\" class=\"aligncenter wp-image-4872 lazyload\" src=\"data:image\/gif;base64,R0lGODlhAQABAAAAACH5BAEKAAEALAAAAAABAAEAAAICTAEAOw==\" alt=\"\" width=\"674\" height=\"337\" sizes=\"auto, (max-width: 674px) 100vw, 674px\" data-src=\"https:\/\/stcmedios.com\/wp-content\/uploads\/2025\/12\/3-300x150.jpg\" data-srcset=\"https:\/\/stcmedios.com\/wp-content\/uploads\/2025\/12\/3-300x150.jpg 300w, https:\/\/stcmedios.com\/wp-content\/uploads\/2025\/12\/3-768x384.jpg 768w, https:\/\/stcmedios.com\/wp-content\/uploads\/2025\/12\/3.jpg 800w\"><\/span><\/i><\/li>\n<\/ul>\n<p dir=\"ltr\"><span lang=\"es-419\">La Secretar\u00eda de Educaci\u00f3n de Cundinamarca realiz\u00f3 la entrega oficial de 40 Aulas AMIGAS, una soluci\u00f3n tecnol\u00f3gica y pedag\u00f3gica destinada a fortalecer los procesos de ense\u00f1anza en sedes rurales que implementan el modelo de postprimaria. Esta estrategia, permitir\u00e1 dotar ambientes de aprendizaje innovadores y mejorar la calidad educativa en 26 municipios del departamento.<\/span><\/p>\n<p dir=\"ltr\"><span lang=\"es-419\">La entrega incluye un Asistente Tecnol\u00f3gico del Docente TOMi8 (512 GB), un videoproyector portable, sistema de sonido, teclado con touchpad, extensi\u00f3n el\u00e9ctrica y un bolso de portabilidad y protecci\u00f3n. Este conjunto de equipos garantiza dotaciones actualizadas, con soporte, mantenimiento y condiciones de conectividad efectiva para fortalecer el trabajo pedag\u00f3gico en cada sede beneficiada.<\/span><\/p>\n<p dir=\"ltr\"><i><span lang=\"es-419\"><img loading=\"lazy\" decoding=\"async\" class=\"aligncenter wp-image-4873 lazyload\" src=\"data:image\/gif;base64,R0lGODlhAQABAAAAACH5BAEKAAEALAAAAAABAAEAAAICTAEAOw==\" alt=\"\" width=\"672\" height=\"336\" sizes=\"auto, (max-width: 672px) 100vw, 672px\" data-src=\"https:\/\/stcmedios.com\/wp-content\/uploads\/2025\/12\/4-300x150.jpg\" data-srcset=\"https:\/\/stcmedios.com\/wp-content\/uploads\/2025\/12\/4-300x150.jpg 300w, https:\/\/stcmedios.com\/wp-content\/uploads\/2025\/12\/4-768x384.jpg 768w, https:\/\/stcmedios.com\/wp-content\/uploads\/2025\/12\/4.jpg 800w\"><\/span><\/i><\/p>\n<p dir=\"ltr\"><span lang=\"es-419\">Asimismo, el proyecto incorpora un robusto proceso de formaci\u00f3n docente, que inicia con la caracterizaci\u00f3n y diagn\u00f3stico de los maestros beneficiados y contin\u00faa con 20 horas de capacitaci\u00f3n inicial (12 presenciales y 8 virtuales) por cada sede dotada. Adem\u00e1s, los docentes cuentan con acompa\u00f1amiento t\u00e9cnico y metodol\u00f3gico permanente a trav\u00e9s del Centro de Asistencia AMiGAS, respaldado por un sistema de soporte disponible en modalidad 5&#215;8, que integra chat, correo, l\u00ednea celular, foros y videoconferencias. Como valor agregado, se ampl\u00eda la cobertura formativa con un esquema blended dirigido a 20 docentes adicionales, para alcanzar un total de 60 maestros acompa\u00f1ados, consolidando as\u00ed un proceso de apropiaci\u00f3n tecnol\u00f3gica s\u00f3lido y sostenible.<\/span><\/p>\n<p dir=\"ltr\"><span lang=\"es-419\">\u201c<i>Con estas Aulas AMIGAS fortalecemos la educaci\u00f3n rural en Cundinamarca. La tecnolog\u00eda debe ser una herramienta para cerrar brechas y garantizar que nuestros ni\u00f1os, ni\u00f1as y j\u00f3venes tengan oportunidades para un aprendizaje significativo. Este proyecto refleja nuestro compromiso con la calidad, la equidad y la innovaci\u00f3n pedag\u00f3gica en los territorios<\/i>\u201d, se\u00f1al\u00f3 la secretaria de Educaci\u00f3n de Cundinamarca, Genny Milena Padilla.<\/span><\/p>\n<p dir=\"ltr\"><i><span lang=\"es-419\"><img loading=\"lazy\" decoding=\"async\" class=\"aligncenter wp-image-4874 lazyload\" src=\"data:image\/gif;base64,R0lGODlhAQABAAAAACH5BAEKAAEALAAAAAABAAEAAAICTAEAOw==\" alt=\"\" width=\"704\" height=\"352\" sizes=\"auto, (max-width: 704px) 100vw, 704px\" data-src=\"https:\/\/stcmedios.com\/wp-content\/uploads\/2025\/12\/5-300x150.jpg\" data-srcset=\"https:\/\/stcmedios.com\/wp-content\/uploads\/2025\/12\/5-300x150.jpg 300w, https:\/\/stcmedios.com\/wp-content\/uploads\/2025\/12\/5-768x384.jpg 768w, https:\/\/stcmedios.com\/wp-content\/uploads\/2025\/12\/5.jpg 800w\"><\/span><\/i><\/p>\n<p dir=\"ltr\"><span lang=\"es-419\">Con la entrega de estas Aulas AMIGAS, la Secretar\u00eda de Educaci\u00f3n reafirma su compromiso con los procesos de transformaci\u00f3n educativa en el departamento, priorizando la ruralidad y fortaleciendo la implementaci\u00f3n del modelo de postprimaria.<\/span><\/p>\n<p dir=\"ltr\"><span lang=\"es-419\">La combinaci\u00f3n de tecnolog\u00eda, pedagog\u00eda y formaci\u00f3n docente permitir\u00e1 mejorar los ambientes de aprendizaje, impulsar la innovaci\u00f3n y garantizar mejores oportunidades para cientos de estudiantes en Cundinamarca.<\/span><\/p>\n<div class=\"text-center\"><\/div>\n<div class=\"row justify-content-center mb-4\">\n<div class=\"col-12 col-md-8\">\n<div class=\"card\">\n<div class=\"card-body\">\n<div class=\"d-flex align-items-center\">\n<p><img decoding=\"async\" class=\"img-fluid rounded-circle me-2 lazyload\" src=\"data:image\/gif;base64,R0lGODlhAQABAAAAACH5BAEKAAEALAAAAAABAAEAAAICTAEAOw==\" alt=\"Logo\" data-src=\"https:\/\/lh3.googleusercontent.com\/ccGyMTZex3VFr3kKoN7tpIvV7gyRZOArerZnkdL9PTNtdwVoOJwOO3aD_qvYaZXc4ISH160gaA4CJ3u1FvxcgPwhXHojbj7LQNY4NA=s0\"><\/p>\n<div>\n<h6 class=\"card-title mb-0 text-dark\">Sigue todas las noticias de<\/h6>\n<p><span class=\"card-subtitle text-muted\">la Gobernaci\u00f3n de Cundinamarca en Google News<\/span><\/p>\n<\/div>\n<\/div>\n<\/div>\n<\/div>\n<\/div>\n<\/div>\n","protected":false},"excerpt":{"rendered":"<p>Con una inversi\u00f3n cercana a los $830 millones, la Secretar\u00eda de Educaci\u00f3n de Cundinamarca benefici\u00f3 a 1.884 estudiantes de 40 sedes rurales pertenecientes a 35 instituciones educativas departamentales, en 26 municipios. Esta dotaci\u00f3n integral, que articula tecnolog\u00eda, recursos pedag\u00f3gicos digitales y formaci\u00f3n docente, apunta a la meta de fortalecer los ambientes de aprendizaje y potenciar [&hellip;]<\/p>\n","protected":false},"author":1,"featured_media":4875,"comment_status":"open","ping_status":"open","sticky":false,"template":"","format":"standard","meta":{"rop_custom_images_group":[],"rop_custom_messages_group":[],"rop_publish_now":"initial","rop_publish_now_accounts":{"facebook_1821922728178256_102311254498371":""},"rop_publish_now_history":[],"rop_publish_now_status":"pending","footnotes":""},"categories":[14],"tags":[],"class_list":["post-4871","post","type-post","status-publish","format-standard","has-post-thumbnail","hentry","category-educacion"],"_links":{"self":[{"href":"https:\/\/stcmedios.com\/index.php\/wp-json\/wp\/v2\/posts\/4871","targetHints":{"allow":["GET"]}}],"collection":[{"href":"https:\/\/stcmedios.com\/index.php\/wp-json\/wp\/v2\/posts"}],"about":[{"href":"https:\/\/stcmedios.com\/index.php\/wp-json\/wp\/v2\/types\/post"}],"author":[{"embeddable":true,"href":"https:\/\/stcmedios.com\/index.php\/wp-json\/wp\/v2\/users\/1"}],"replies":[{"embeddable":true,"href":"https:\/\/stcmedios.com\/index.php\/wp-json\/wp\/v2\/comments?post=4871"}],"version-history":[{"count":0,"href":"https:\/\/stcmedios.com\/index.php\/wp-json\/wp\/v2\/posts\/4871\/revisions"}],"wp:featuredmedia":[{"embeddable":true,"href":"https:\/\/stcmedios.com\/index.php\/wp-json\/wp\/v2\/media\/4875"}],"wp:attachment":[{"href":"https:\/\/stcmedios.com\/index.php\/wp-json\/wp\/v2\/media?parent=4871"}],"wp:term":[{"taxonomy":"category","embeddable":true,"href":"https:\/\/stcmedios.com\/index.php\/wp-json\/wp\/v2\/categories?post=4871"},{"taxonomy":"post_tag","embeddable":true,"href":"https:\/\/stcmedios.com\/index.php\/wp-json\/wp\/v2\/tags?post=4871"}],"curies":[{"name":"wp","href":"https:\/\/api.w.org\/{rel}","templated":true}]}}