{"id":4837,"date":"2025-11-29T15:35:10","date_gmt":"2025-11-29T15:35:10","guid":{"rendered":"https:\/\/stcmedios.com\/?p=4837"},"modified":"2026-01-14T16:20:59","modified_gmt":"2026-01-14T16:20:59","slug":"cundinamarca-cierra-con-exito-el-i-congreso-internacional-de-educacion-con-mas-de-2-500-asistentes","status":"publish","type":"post","link":"https:\/\/stcmedios.com\/index.php\/2025\/11\/29\/cundinamarca-cierra-con-exito-el-i-congreso-internacional-de-educacion-con-mas-de-2-500-asistentes\/","title":{"rendered":"Cundinamarca cierra con \u00e9xito el I Congreso Internacional de Educaci\u00f3n con m\u00e1s de 2.500 asistentes"},"content":{"rendered":"<ul dir=\"ltr\">\n<li><em>El encuentro reuni\u00f3 expertos de ocho pa\u00edses, abord\u00f3 tendencias globales como IA, neuroeducaci\u00f3n y sostenibilidad, y defini\u00f3 prioridades acad\u00e9micas para el departamento.<\/em><\/li>\n<\/ul>\n<p dir=\"ltr\">Con la participaci\u00f3n de m\u00e1s de 2.500 asistentes, culmin\u00f3 el I Congreso Internacional de Educaci\u00f3n: La Era de la Transformaci\u00f3n e Innovaci\u00f3n, un espacio acad\u00e9mico que posiciona a Cundinamarca como referente nacional en bienestar escolar, innovaci\u00f3n educativa y calidad docente.<\/p>\n<p dir=\"ltr\">El evento, realizado en la Universidad Externado de Colombia, reuni\u00f3 a especialistas de Espa\u00f1a, Argentina, M\u00e9xico, Francia, Estados Unidos, Brasil, Reino Unido y Colombia para analizar los retos actuales del aprendizaje en un contexto marcado por la inteligencia artificial, la sostenibilidad y la educaci\u00f3n socioemocional.<\/p>\n<p dir=\"ltr\">Las discusiones incluyeron reflexiones sobre el uso pedag\u00f3gico de la IA, la importancia del pensamiento cr\u00edtico en las aulas y el impacto del bienestar docente en la calidad educativa.<\/p>\n<p dir=\"ltr\">La jornada acad\u00e9mica tambi\u00e9n destac\u00f3 la relevancia de la educaci\u00f3n emocional: el argentino Lucas Malaisi dirigi\u00f3 un taller vivencial sobre bienestar escolar; la conferencista espa\u00f1ola Dyanne Ruiz present\u00f3 claves neuroeducativas sobre c\u00f3mo las emociones influyen en el aprendizaje; expertos de universidades colombianas abordaron estrategias para fortalecer la convivencia y prevenir riesgos psicosociales.<\/p>\n<p dir=\"ltr\">En otro de los espacios acad\u00e9micos destacados se present\u00f3 la Conferencia \u201cCuatro pilares esenciales para una educaci\u00f3n de calidad en el siglo XXI\u201d, a cargo de Pablo Romero Ib\u00e1\u00f1ez, autor de 117 libros, consultor internacional en Pedagog\u00eda de la Humanizaci\u00f3n. Su intervenci\u00f3n profundiz\u00f3 en los pilares comprender, pensar, innovar y desarrollo humano, esenciales para transformar los procesos formativos y fortalecer la educaci\u00f3n del siglo XXI.<\/p>\n<p dir=\"ltr\">Un panel dedicado a la educaci\u00f3n verde reuni\u00f3 a acad\u00e9micos y representantes del sector financiero para revisar pr\u00e1cticas que fomenten sostenibilidad y formaci\u00f3n ambiental desde las instituciones educativas. Asimismo, Henry May, CEO de Coschool, comparti\u00f3 herramientas para enfrentar el estr\u00e9s docente en entornos altamente demandantes.<\/p>\n<p dir=\"ltr\">La secretaria de Educaci\u00f3n de Cundinamarca, Genny Padilla, se\u00f1al\u00f3 que el Congreso \u201cpermite al departamento proyectar una educaci\u00f3n innovadora, centrada en el bienestar y conectada con las tendencias globales del sector\u201d.<\/p>\n<p dir=\"ltr\">El encuentro cerr\u00f3 con el compromiso institucional de continuar impulsando la formaci\u00f3n docente, fortalecer la infraestructura educativa y consolidar espacios de di\u00e1logo y actualizaci\u00f3n profesional que conecten el talento de Cundinamarca con los desaf\u00edos del siglo XXI.<\/p>\n<p dir=\"ltr\">Fuente : CAR Cundinamarca<\/p>\n","protected":false},"excerpt":{"rendered":"<p>El encuentro reuni\u00f3 expertos de ocho pa\u00edses, abord\u00f3 tendencias globales como IA, neuroeducaci\u00f3n y sostenibilidad, y defini\u00f3 prioridades acad\u00e9micas para el departamento. Con la participaci\u00f3n de m\u00e1s de 2.500 asistentes, culmin\u00f3 el I Congreso Internacional de Educaci\u00f3n: La Era de la Transformaci\u00f3n e Innovaci\u00f3n, un espacio acad\u00e9mico que posiciona a Cundinamarca como referente nacional en [&hellip;]<\/p>\n","protected":false},"author":1,"featured_media":4838,"comment_status":"open","ping_status":"open","sticky":false,"template":"","format":"standard","meta":{"rop_custom_images_group":[],"rop_custom_messages_group":[],"rop_publish_now":"initial","rop_publish_now_accounts":{"facebook_1821922728178256_102311254498371":""},"rop_publish_now_history":[],"rop_publish_now_status":"pending","footnotes":""},"categories":[14],"tags":[],"class_list":["post-4837","post","type-post","status-publish","format-standard","has-post-thumbnail","hentry","category-educacion"],"_links":{"self":[{"href":"https:\/\/stcmedios.com\/index.php\/wp-json\/wp\/v2\/posts\/4837","targetHints":{"allow":["GET"]}}],"collection":[{"href":"https:\/\/stcmedios.com\/index.php\/wp-json\/wp\/v2\/posts"}],"about":[{"href":"https:\/\/stcmedios.com\/index.php\/wp-json\/wp\/v2\/types\/post"}],"author":[{"embeddable":true,"href":"https:\/\/stcmedios.com\/index.php\/wp-json\/wp\/v2\/users\/1"}],"replies":[{"embeddable":true,"href":"https:\/\/stcmedios.com\/index.php\/wp-json\/wp\/v2\/comments?post=4837"}],"version-history":[{"count":0,"href":"https:\/\/stcmedios.com\/index.php\/wp-json\/wp\/v2\/posts\/4837\/revisions"}],"wp:featuredmedia":[{"embeddable":true,"href":"https:\/\/stcmedios.com\/index.php\/wp-json\/wp\/v2\/media\/4838"}],"wp:attachment":[{"href":"https:\/\/stcmedios.com\/index.php\/wp-json\/wp\/v2\/media?parent=4837"}],"wp:term":[{"taxonomy":"category","embeddable":true,"href":"https:\/\/stcmedios.com\/index.php\/wp-json\/wp\/v2\/categories?post=4837"},{"taxonomy":"post_tag","embeddable":true,"href":"https:\/\/stcmedios.com\/index.php\/wp-json\/wp\/v2\/tags?post=4837"}],"curies":[{"name":"wp","href":"https:\/\/api.w.org\/{rel}","templated":true}]}}