{"id":4834,"date":"2025-11-28T17:30:54","date_gmt":"2025-11-28T17:30:54","guid":{"rendered":"https:\/\/stcmedios.com\/?p=4834"},"modified":"2026-01-14T16:21:35","modified_gmt":"2026-01-14T16:21:35","slug":"gobernador-jorge-rey-celebra-el-premio-nacional-de-alta-gerencia-2025-otorgado-a-la-estrategia-medico-en-tu-territorio","status":"publish","type":"post","link":"https:\/\/stcmedios.com\/index.php\/2025\/11\/28\/gobernador-jorge-rey-celebra-el-premio-nacional-de-alta-gerencia-2025-otorgado-a-la-estrategia-medico-en-tu-territorio\/","title":{"rendered":"Gobernador Jorge Rey celebra el Premio Nacional de Alta Gerencia 2025 otorgado a la estrategia \u201cM\u00e9dico en tu Territorio\u00bb"},"content":{"rendered":"<ul dir=\"ltr\">\n<li><i>El programa compiti\u00f3 entre 27 iniciativas del pa\u00eds y obtuvo el m\u00e1ximo reconocimiento en la categor\u00eda de experiencias que promueven el cuidado de la vida, la paz y el buen vivir en los territorios.<\/i><\/li>\n<\/ul>\n<p dir=\"ltr\">La estrategia M\u00e9dico en tu Territorio, creada y liderada por el gobernador Jorge Rey, recibi\u00f3 el Premio Nacional de Alta Gerencia 2025, el m\u00e1ximo reconocimiento que otorga el Gobierno Nacional a las experiencias exitosas de la administraci\u00f3n p\u00fablica en Colombia.<\/p>\n<p dir=\"ltr\">El galard\u00f3n fue otorgado en el \u00e9nfasis \u201cCiudadan\u00edas co-constructoras de lo p\u00fablico para el cuidado de las vidas\u201d, subcategor\u00eda \u201cExperiencias de gesti\u00f3n que suscitan acciones de promoci\u00f3n de la paz, la memoria y la reconciliaci\u00f3n en la sociedad\u201d.<\/p>\n<p dir=\"ltr\">La distinci\u00f3n reconoce el car\u00e1cter pionero, el impacto social y el alcance territorial del programa, que hoy garantiza atenci\u00f3n m\u00e9dica continua en zonas que hist\u00f3ricamente no contaban con cobertura permanente.<\/p>\n<p dir=\"ltr\">El gobernador Jorge Emilio Rey \u00c1ngel destac\u00f3 que este reconocimiento honra el trabajo del personal de salud, de las ESE municipales y de las comunidades que hicieron posible un modelo que acerca los servicios donde vive la gente y salva vidas todos los d\u00edas.<\/p>\n<p dir=\"ltr\"><b>Un modelo que transform\u00f3 la atenci\u00f3n en salud rural<\/b><\/p>\n<p dir=\"ltr\">\u201cM\u00e9dico en tu Territorio\u201d ya opera en 64 municipios con atenci\u00f3n 24 horas y servicios especializados en 82 localidades, gracias a la labor de m\u00e1s de 195 profesionales de la salud vinculados al programa.<\/p>\n<p dir=\"ltr\">Desde su implementaci\u00f3n en 2024, ha permitido m\u00e1s de 360.000 atenciones m\u00e9dicas, con un aumento del 63 % frente al a\u00f1o anterior, incluyendo 35.960 consultas nocturnas, que antes exig\u00edan traslados prolongados o quedaban sin respuesta.<\/p>\n<p dir=\"ltr\">El programa tambi\u00e9n ha ampliado el acceso a especialidades m\u00e9dicas, con m\u00e1s de 32.000 consultas en medicina interna, pediatr\u00eda y ginecolog\u00eda, servicios que antes no exist\u00edan en buena parte del territorio rural.<\/p>\n<p dir=\"ltr\">En su dimensi\u00f3n acad\u00e9mica, la estrategia ofrece financiaci\u00f3n de hasta el 50 % en especializaciones, maestr\u00edas y doctorados para los m\u00e9dicos vinculados, en alianza con 16 universidades. A esto se suman herramientas de apoyo como MaternIA, un modelo de inteligencia artificial para orientaci\u00f3n cl\u00ednica y comunitaria.<\/p>\n<p dir=\"ltr\"><b>Inversi\u00f3n sostenida para asegurar continuidad<\/b><\/p>\n<p dir=\"ltr\">Entre 2024 y 2025, la Gobernaci\u00f3n de Cundinamarca ha destinado m\u00e1s de $35.000 millones para garantizar la operaci\u00f3n del programa, la remuneraci\u00f3n digna del personal m\u00e9dico y la ampliaci\u00f3n de la cobertura.<\/p>\n<p dir=\"ltr\">Para este a\u00f1o, el esquema incluye nuevas metas y proyecciones con el fin de consolidar atenci\u00f3n continua en los municipios restantes y fortalecer la red rural de servicios de salud.<\/p>\n","protected":false},"excerpt":{"rendered":"<p>El programa compiti\u00f3 entre 27 iniciativas del pa\u00eds y obtuvo el m\u00e1ximo reconocimiento en la categor\u00eda de experiencias que promueven el cuidado de la vida, la paz y el buen vivir en los territorios. La estrategia M\u00e9dico en tu Territorio, creada y liderada por el gobernador Jorge Rey, recibi\u00f3 el Premio Nacional de Alta Gerencia [&hellip;]<\/p>\n","protected":false},"author":1,"featured_media":4835,"comment_status":"open","ping_status":"open","sticky":false,"template":"","format":"standard","meta":{"rop_custom_images_group":[],"rop_custom_messages_group":[],"rop_publish_now":"initial","rop_publish_now_accounts":{"facebook_1821922728178256_102311254498371":""},"rop_publish_now_history":[],"rop_publish_now_status":"pending","footnotes":""},"categories":[6],"tags":[],"class_list":["post-4834","post","type-post","status-publish","format-standard","has-post-thumbnail","hentry","category-salud"],"_links":{"self":[{"href":"https:\/\/stcmedios.com\/index.php\/wp-json\/wp\/v2\/posts\/4834","targetHints":{"allow":["GET"]}}],"collection":[{"href":"https:\/\/stcmedios.com\/index.php\/wp-json\/wp\/v2\/posts"}],"about":[{"href":"https:\/\/stcmedios.com\/index.php\/wp-json\/wp\/v2\/types\/post"}],"author":[{"embeddable":true,"href":"https:\/\/stcmedios.com\/index.php\/wp-json\/wp\/v2\/users\/1"}],"replies":[{"embeddable":true,"href":"https:\/\/stcmedios.com\/index.php\/wp-json\/wp\/v2\/comments?post=4834"}],"version-history":[{"count":0,"href":"https:\/\/stcmedios.com\/index.php\/wp-json\/wp\/v2\/posts\/4834\/revisions"}],"wp:featuredmedia":[{"embeddable":true,"href":"https:\/\/stcmedios.com\/index.php\/wp-json\/wp\/v2\/media\/4835"}],"wp:attachment":[{"href":"https:\/\/stcmedios.com\/index.php\/wp-json\/wp\/v2\/media?parent=4834"}],"wp:term":[{"taxonomy":"category","embeddable":true,"href":"https:\/\/stcmedios.com\/index.php\/wp-json\/wp\/v2\/categories?post=4834"},{"taxonomy":"post_tag","embeddable":true,"href":"https:\/\/stcmedios.com\/index.php\/wp-json\/wp\/v2\/tags?post=4834"}],"curies":[{"name":"wp","href":"https:\/\/api.w.org\/{rel}","templated":true}]}}