{"id":477,"date":"2022-08-19T21:20:20","date_gmt":"2022-08-19T21:20:20","guid":{"rendered":"https:\/\/stcmedios.com\/?p=477"},"modified":"2022-08-19T21:20:20","modified_gmt":"2022-08-19T21:20:20","slug":"car-abrio-proceso-sancionatorio-contra-dos-personas-por-movilizacion-ilegal-de-567-troncos-madera-en-carreteras-de-boyaca","status":"publish","type":"post","link":"https:\/\/stcmedios.com\/index.php\/2022\/08\/19\/car-abrio-proceso-sancionatorio-contra-dos-personas-por-movilizacion-ilegal-de-567-troncos-madera-en-carreteras-de-boyaca\/","title":{"rendered":"CAR abri\u00f3 proceso sancionatorio contra dos personas por movilizaci\u00f3n ilegal de 567 troncos madera en carreteras de Boyac\u00e1"},"content":{"rendered":"<p>La Corporaci\u00f3n Aut\u00f3noma Regional de Cundinamarca (CAR) abri\u00f3 un proceso sancionatorio contra dos personas por la movilizaci\u00f3n ilegal de 567 troncos de madera, que fueron incautados por la Polic\u00eda Nacional en carreteras de Boyac\u00e1.<\/p>\n<p>El material, hallado en dos camiones, fue trasladado a las instalaciones del Centro de Atenci\u00f3n y Valoraci\u00f3n de Flora (CAV) de la Corporaci\u00f3n ubicado en el municipio de Mosquera.<\/p>\n<p>\u00abLuego de su detenci\u00f3n, los dos camiones en los que era transportado el material forestal fueron trasladados por la Polic\u00eda a las instalaciones de la Direcci\u00f3n Regional Chiquinquir\u00e1. En su interior se hallaban aproximadamente 20 metros c\u00fabicos de madera de la especie eucalipto\u201d, explic\u00f3 Jahanna Castro, directora de la regional Chiquinquir\u00e1 de la CAR.<\/p>\n<p>El material forestal fue decomisado por las autoridades en un operativo adelantado en una v\u00eda principal del municipio de San Miguel de Sema por no portar con el salvoconducto ni los documentos necesarios para transitar.<\/p>\n<p>Seg\u00fan el reporte de la Corporaci\u00f3n, en uno de los automotores eran transportados 261 troncos, mientras que en el otro 306 trozas de diferentes dimensiones y tama\u00f1os.<\/p>\n<p>Castro inform\u00f3 que, una vez verificada la documentaci\u00f3n aportada por los uniformados, la Corporaci\u00f3n inici\u00f3 el tr\u00e1mite sancionatorio contra los posibles responsables, de acuerdo con lo establecido en la Ley 1333 de 2009 que establece los procedimientos por delitos ambientales.<\/p>\n<p>Los troncos quedar\u00e1n bajo la salvaguarda de la CAR, mientras culmina la investigaci\u00f3n y el debido proceso.<\/p>\n<p>La Corporaci\u00f3n inform\u00f3 que continuar\u00e1 trabajando en equipo con las dem\u00e1s autoridades para hacer cumplir la ley y preservar la riqueza natural del territorio.<\/p>\n","protected":false},"excerpt":{"rendered":"<p>La Corporaci\u00f3n Aut\u00f3noma Regional de Cundinamarca (CAR) abri\u00f3 un proceso sancionatorio contra dos personas por la movilizaci\u00f3n ilegal de 567 troncos de madera, que fueron incautados por la Polic\u00eda Nacional en carreteras de Boyac\u00e1. El material, hallado en dos camiones, fue trasladado a las instalaciones del Centro de Atenci\u00f3n y Valoraci\u00f3n de Flora (CAV) de [&hellip;]<\/p>\n","protected":false},"author":1,"featured_media":478,"comment_status":"open","ping_status":"open","sticky":false,"template":"","format":"standard","meta":{"rop_custom_images_group":[],"rop_custom_messages_group":[],"rop_publish_now":"initial","rop_publish_now_accounts":{"facebook_1821922728178256_102311254498371":""},"rop_publish_now_history":[],"rop_publish_now_status":"pending","footnotes":""},"categories":[4],"tags":[19,18,64,63,30,62,15],"class_list":["post-477","post","type-post","status-publish","format-standard","has-post-thumbnail","hentry","category-prensa","tag-boyaca","tag-car-cundinamarca","tag-centro-de-atencion-y-valoracion-de-flora","tag-incautacion-madera","tag-periodismo","tag-san-miguel-de-sema","tag-stcmedios"],"_links":{"self":[{"href":"https:\/\/stcmedios.com\/index.php\/wp-json\/wp\/v2\/posts\/477","targetHints":{"allow":["GET"]}}],"collection":[{"href":"https:\/\/stcmedios.com\/index.php\/wp-json\/wp\/v2\/posts"}],"about":[{"href":"https:\/\/stcmedios.com\/index.php\/wp-json\/wp\/v2\/types\/post"}],"author":[{"embeddable":true,"href":"https:\/\/stcmedios.com\/index.php\/wp-json\/wp\/v2\/users\/1"}],"replies":[{"embeddable":true,"href":"https:\/\/stcmedios.com\/index.php\/wp-json\/wp\/v2\/comments?post=477"}],"version-history":[{"count":0,"href":"https:\/\/stcmedios.com\/index.php\/wp-json\/wp\/v2\/posts\/477\/revisions"}],"wp:featuredmedia":[{"embeddable":true,"href":"https:\/\/stcmedios.com\/index.php\/wp-json\/wp\/v2\/media\/478"}],"wp:attachment":[{"href":"https:\/\/stcmedios.com\/index.php\/wp-json\/wp\/v2\/media?parent=477"}],"wp:term":[{"taxonomy":"category","embeddable":true,"href":"https:\/\/stcmedios.com\/index.php\/wp-json\/wp\/v2\/categories?post=477"},{"taxonomy":"post_tag","embeddable":true,"href":"https:\/\/stcmedios.com\/index.php\/wp-json\/wp\/v2\/tags?post=477"}],"curies":[{"name":"wp","href":"https:\/\/api.w.org\/{rel}","templated":true}]}}