{"id":4758,"date":"2025-11-13T17:23:34","date_gmt":"2025-11-13T17:23:34","guid":{"rendered":"https:\/\/stcmedios.com\/?p=4758"},"modified":"2026-01-14T16:30:14","modified_gmt":"2026-01-14T16:30:14","slug":"la-maleta-lista-2026-cundinamarca-moviliza-a-todo-el-departamento-para-que-ningun-nino-nina-o-joven-se-quede-sin-estudiar","status":"publish","type":"post","link":"https:\/\/stcmedios.com\/index.php\/2025\/11\/13\/la-maleta-lista-2026-cundinamarca-moviliza-a-todo-el-departamento-para-que-ningun-nino-nina-o-joven-se-quede-sin-estudiar\/","title":{"rendered":"La Maleta Lista 2026: Cundinamarca moviliza a todo el departamento para que ning\u00fan ni\u00f1o, ni\u00f1a o joven se quede sin estudiar"},"content":{"rendered":"<p dir=\"ltr\"><i><span lang=\"es-419\">Se trata de una campa\u00f1a y un concurso departamental para garantizar matr\u00edcula y permanencia escolar en las 275 IED de los 108 municipios no certificados.<\/span><\/i><\/p>\n<p dir=\"ltr\"><i><span lang=\"es-419\">\u00a0Convocatoria abierta: participa con pruebas de cobertura, gesti\u00f3n SIMAT y propuestas creativas (video, jingle o dise\u00f1o). Premios y reconocimiento institucional.<\/span><\/i><\/p>\n<p dir=\"ltr\"><span lang=\"es-419\">La Gobernaci\u00f3n de Cundinamarca, a trav\u00e9s de la Secretar\u00eda de Educaci\u00f3n, lanza el Concurso Departamental \u201cLa Maleta Lista 2026 \u2013 Primero mi Matr\u00edcula\u201d, una iniciativa estrat\u00e9gica que busca movilizar a familias, docentes y comunidades para asegurar que todos los ni\u00f1os, ni\u00f1as y j\u00f3venes regresen al colegio y contin\u00faen su proyecto de vida desde las aulas.<\/span><\/p>\n<p dir=\"ltr\"><span lang=\"es-419\">La estrategia se focaliza en las 275 Instituciones Educativas Departamentales (IED) de los 108 municipios no certificados y reconoce tanto los logros en cobertura y gesti\u00f3n como la creatividad de las comunidades en la promoci\u00f3n de la matr\u00edcula. Matricularse es el primer paso para construir un futuro.<\/span><\/p>\n<p dir=\"ltr\"><b><span lang=\"es-419\">\u201cLa Maleta Lista 2026 es el llamado de Cundinamarca a la acci\u00f3n colectiva: padres, docentes, rectores y autoridades, unidos para que ning\u00fan\u00a0ni\u00f1o, ni\u00f1a y adolescente\u00a0quede por fuera del aula. Desde la Secretar\u00eda estamos desplegando recursos, acompa\u00f1amiento y herramientas para facilitar la matr\u00edcula en cada vereda y barrio, porque educar es nuestro compromiso con el futuro del departamento\u201d manifest\u00f3 Genny Milena Padilla, secretaria de Educaci\u00f3n de Cundinamarca<\/span><\/b><\/p>\n<p dir=\"ltr\"><span lang=\"es-419\">La iniciativa impulsa acci\u00f3n territorial y creatividad bajo el lema \u201cPrimero mi Matr\u00edcula\u201d. Se valoran tanto los resultados t\u00e9cnicos en gesti\u00f3n como las propuestas comunicativas que movilicen a las familias.<\/span><\/p>\n<p dir=\"ltr\"><b><span lang=\"es-419\">Entre las categor\u00edas de participaci\u00f3n se destacan:<\/span><\/b><\/p>\n<p dir=\"ltr\"><span lang=\"es-419\">\u25cf Mayor matr\u00edcula consolidada al 30 de noviembre de 2025.<\/span><\/p>\n<p dir=\"ltr\"><span lang=\"es-419\">\u25cf Menor \u00edndice de inconsistencias en SIMAT al 30 de octubre de 2025.<\/span><\/p>\n<p dir=\"ltr\"><span lang=\"es-419\">\u25cf Mejor pieza creativa (propaganda audiovisual, jingle o dise\u00f1o gr\u00e1fico) que promueva la matr\u00edcula.<\/span><\/p>\n<p dir=\"ltr\"><strong><span lang=\"es-419\">Categor\u00eda creativa:<\/span><\/strong><\/p>\n<p dir=\"ltr\"><span lang=\"es-419\">\u25cf Video \/ spot publicitario (m\u00e1x. 1 minuto).<\/span><\/p>\n<p dir=\"ltr\"><span lang=\"es-419\">\u25cf Jingle o canci\u00f3n original (m\u00e1x. 40 segundos).<\/span><\/p>\n<p dir=\"ltr\"><span lang=\"es-419\">\u25cf Afiche, cartel, ilustraci\u00f3n o dise\u00f1o digital (1080\u00d71350 pxo adaptable a redes).<\/span><\/p>\n<p dir=\"ltr\"><b><span lang=\"es-419\">C\u00f3mo participar:<\/span><\/b><\/p>\n<p dir=\"ltr\"><span lang=\"es-419\">1. Preparar evidencias y formatos seg\u00fan la categor\u00eda (reportes SIMAT, video, audio o imagen).<\/span><\/p>\n<p dir=\"ltr\"><span lang=\"es-419\">2. Publicar la pieza creativa en Facebook con #MaletaLista2026 y mencionar @GobernacionDeCundinamarca y @SecEducacionCundi (esto facilita la verificaci\u00f3n del alcance).<\/span><\/p>\n<p dir=\"ltr\"><span lang=\"es-419\">3. Enviar archivos y evidencias al correo institucional:\u00a0lina.segura@cundinamarca.gov.co\u00a0(colocar asunto: Concurso La Maleta Lista 2026 \u2013 Nombre IED).<\/span><\/p>\n<p dir=\"ltr\"><span lang=\"es-419\">4. Adjuntar autorizaci\u00f3n de uso de imagen para menores (firmada por acudientes) cuando aplique.<\/span><\/p>\n<p dir=\"ltr\"><span lang=\"es-419\">Los contenidos ser\u00e1n evaluados por su originalidad, claridad del mensaje (fomento de la matr\u00edcula oportuna), participaci\u00f3n comunitaria\u00a0 (estudiantes, familias, docentes),\u00a0 Calidad est\u00e9tica y t\u00e9cnica (imagen, sonido, dise\u00f1o). y alcance en redes sociales, a trav\u00e9s de publicaciones en Facebook con el hashtag #MaletaLista2026 y menciones a @GobernacionDeCundinamarca y @SecEducacionCundi.<\/span><\/p>\n<p dir=\"ltr\"><span lang=\"es-419\">La convocatoria estar\u00e1 abierta hasta el 5 de diciembre de 2025, con evaluaci\u00f3n el 12 de diciembre y ceremonia de premiaci\u00f3n al inicio del calendario escolar 2026. Las instituciones ganadoras recibir\u00e1n reconocimiento p\u00fablico y premios, y las piezas destacadas ser\u00e1n difundidas en los canales oficiales de la Gobernaci\u00f3n y la Secretar\u00eda de Educaci\u00f3n.<\/span><\/p>\n<p dir=\"ltr\"><span lang=\"es-419\">La Gobernaci\u00f3n de Cundinamarca hace un llamado a toda la comunidad educativa a sumarse activamente a esta iniciativa: cada matr\u00edcula cuenta y cada voz suma. Porque detr\u00e1s de cada ni\u00f1o que vuelve a estudiar, hay una familia, una escuela y un territorio que cree en la educaci\u00f3n como el camino para transformar el futuro.<\/span><\/p>\n","protected":false},"excerpt":{"rendered":"<p>Se trata de una campa\u00f1a y un concurso departamental para garantizar matr\u00edcula y permanencia escolar en las 275 IED de los 108 municipios no certificados. \u00a0Convocatoria abierta: participa con pruebas de cobertura, gesti\u00f3n SIMAT y propuestas creativas (video, jingle o dise\u00f1o). Premios y reconocimiento institucional. La Gobernaci\u00f3n de Cundinamarca, a trav\u00e9s de la Secretar\u00eda de [&hellip;]<\/p>\n","protected":false},"author":1,"featured_media":4759,"comment_status":"open","ping_status":"open","sticky":false,"template":"","format":"standard","meta":{"rop_custom_images_group":[],"rop_custom_messages_group":[],"rop_publish_now":"initial","rop_publish_now_accounts":{"facebook_1821922728178256_102311254498371":""},"rop_publish_now_history":[],"rop_publish_now_status":"pending","footnotes":""},"categories":[14],"tags":[],"class_list":["post-4758","post","type-post","status-publish","format-standard","has-post-thumbnail","hentry","category-educacion"],"_links":{"self":[{"href":"https:\/\/stcmedios.com\/index.php\/wp-json\/wp\/v2\/posts\/4758","targetHints":{"allow":["GET"]}}],"collection":[{"href":"https:\/\/stcmedios.com\/index.php\/wp-json\/wp\/v2\/posts"}],"about":[{"href":"https:\/\/stcmedios.com\/index.php\/wp-json\/wp\/v2\/types\/post"}],"author":[{"embeddable":true,"href":"https:\/\/stcmedios.com\/index.php\/wp-json\/wp\/v2\/users\/1"}],"replies":[{"embeddable":true,"href":"https:\/\/stcmedios.com\/index.php\/wp-json\/wp\/v2\/comments?post=4758"}],"version-history":[{"count":0,"href":"https:\/\/stcmedios.com\/index.php\/wp-json\/wp\/v2\/posts\/4758\/revisions"}],"wp:featuredmedia":[{"embeddable":true,"href":"https:\/\/stcmedios.com\/index.php\/wp-json\/wp\/v2\/media\/4759"}],"wp:attachment":[{"href":"https:\/\/stcmedios.com\/index.php\/wp-json\/wp\/v2\/media?parent=4758"}],"wp:term":[{"taxonomy":"category","embeddable":true,"href":"https:\/\/stcmedios.com\/index.php\/wp-json\/wp\/v2\/categories?post=4758"},{"taxonomy":"post_tag","embeddable":true,"href":"https:\/\/stcmedios.com\/index.php\/wp-json\/wp\/v2\/tags?post=4758"}],"curies":[{"name":"wp","href":"https:\/\/api.w.org\/{rel}","templated":true}]}}