{"id":4747,"date":"2025-11-11T15:18:02","date_gmt":"2025-11-11T15:18:02","guid":{"rendered":"https:\/\/stcmedios.com\/?p=4747"},"modified":"2026-01-14T16:31:47","modified_gmt":"2026-01-14T16:31:47","slug":"car-y-alcaldia-de-villapinzon-firman-convenio-para-reducir-el-impacto-ambiental-de-las-curtiembres-en-la-cuenca-alta-del-rio-bogota","status":"publish","type":"post","link":"https:\/\/stcmedios.com\/index.php\/2025\/11\/11\/car-y-alcaldia-de-villapinzon-firman-convenio-para-reducir-el-impacto-ambiental-de-las-curtiembres-en-la-cuenca-alta-del-rio-bogota\/","title":{"rendered":"CAR y Alcald\u00eda de Villapinz\u00f3n firman convenio para reducir el impacto ambiental de las curtiembres en la cuenca alta del r\u00edo Bogot\u00e1"},"content":{"rendered":"<p><em><strong>* El convenio, que tendr\u00e1 una duraci\u00f3n de dos a\u00f1os, fortalecer\u00e1 la gesti\u00f3n ambiental, la sostenibilidad productiva y la transici\u00f3n tecnol\u00f3gica del sector curtiembre.<\/strong><\/em><\/p>\n<p><em><strong>* El acuerdo suscrito, tiene como objeto aunar esfuerzos t\u00e9cnicos y administrativos para implementar acciones que reduzcan el impacto ambiental generado por la actividad curtidora.<\/strong><\/em><\/p>\n<p><em><strong>* Este nuevo convenio da cumplimiento a las \u00f3rdenes del Consejo de Estado en la Sentencia del R\u00edo Bogot\u00e1 (2014), que obliga a la CAR y al municipio de Villapinz\u00f3n a promover la producci\u00f3n m\u00e1s limpia.<\/strong><\/em><\/p>\n<p>Luego de varios meses de di\u00e1logo, mesas t\u00e9cnicas y llamados de atenci\u00f3n a los curtidores del municipio de Villapinz\u00f3n, la Corporaci\u00f3n Aut\u00f3noma Regional de Cundinamarca \u2013 CAR y la Alcald\u00eda del municipio firmaron un convenio interadministrativo que marca un nuevo cap\u00edtulo en la b\u00fasqueda de soluciones sostenibles a la contaminaci\u00f3n que afecta la cuenca alta del r\u00edo Bogot\u00e1.<\/p>\n<p>El acuerdo suscrito, tiene como objeto aunar esfuerzos t\u00e9cnicos y administrativos para implementar acciones que reduzcan el impacto ambiental generado por la actividad curtidora y promuevan pr\u00e1cticas sostenibles en esta zona del territorio.<\/p>\n<p>Este convenio se firma despu\u00e9s de que la CAR expresara p\u00fablicamente hace dos semanas su inconformidad frente a la falta de compromiso de algunos industriales del cuero con los procesos de reconversi\u00f3n tecnol\u00f3gica y producci\u00f3n m\u00e1s limpia y al estado de calidad del r\u00edo Bogot\u00e1 en su cuenca alta.<\/p>\n<p>Como se recuerda, en aquella ocasi\u00f3n el director Alfred Ballesteros lanz\u00f3 una contundente pregunta a los curtidores: \u201c\u00bfSer\u00edan capaces de darles a beber a sus hijos un vaso del agua que sale de sus curtiembres?\u201d<\/p>\n<p>Esa reflexi\u00f3n, que recorri\u00f3 los medios, puso nuevamente sobre la mesa la urgencia de articular esfuerzos para reducir la carga contaminante que hist\u00f3ricamente ha afectado el nacimiento del r\u00edo Bogot\u00e1, ubicado en jurisdicci\u00f3n de Villapinz\u00f3n.<\/p>\n<p><em>\u201cEste convenio es una respuesta concreta al llamado que hicimos semanas atr\u00e1s: pasamos de la preocupaci\u00f3n a la acci\u00f3n. Hoy avanzamos en una soluci\u00f3n t\u00e9cnica y colectiva que beneficiar\u00e1 no solo a Villapinz\u00f3n, sino a todo el r\u00edo Bogot\u00e1\u201d<\/em>, afirm\u00f3 el director de la CAR.<\/p>\n<p>El convenio, que tendr\u00e1 una duraci\u00f3n de dos a\u00f1os, fortalecer\u00e1 la gesti\u00f3n ambiental, la sostenibilidad productiva y la transici\u00f3n tecnol\u00f3gica del sector curtiembre, a trav\u00e9s de la consolidaci\u00f3n del Centro Tecnol\u00f3gico del Cuero (CTC), ubicado en la vereda San Pedro del municipio.<\/p>\n<p>All\u00ed se adelantar\u00e1n actividades de formaci\u00f3n, ensayo y transferencia tecnol\u00f3gica para el monitoreo y caracterizaci\u00f3n de vertimientos, control de calidad ambiental, aprovechamiento de residuos y adopci\u00f3n de tecnolog\u00edas limpias.<\/p>\n<p><em>\u201cEl Centro Tecnol\u00f3gico del Cuero se convierte en el coraz\u00f3n de este proceso. Queremos que sea un laboratorio de innovaci\u00f3n y sostenibilidad, un aliado del gremio curtidor y un s\u00edmbolo de transformaci\u00f3n para Villapinz\u00f3n\u201d<\/em>, destac\u00f3 el director de la CAR.<\/p>\n<p>Este nuevo convenio da cumplimiento a las \u00f3rdenes del Consejo de Estado en la Sentencia del R\u00edo Bogot\u00e1 (2014), que obliga a la CAR y al municipio de Villapinz\u00f3n a promover la producci\u00f3n m\u00e1s limpia, cofinanciar obras de infraestructura ambiental y garantizar la reconversi\u00f3n tecnol\u00f3gica del sector curtiembre. Asimismo, se articula con el Plan de Acci\u00f3n Cuatrienal 2024\u20132027 de la CAR, particularmente con la L\u00ednea Estrat\u00e9gica 4: Cultura ambiental y gesti\u00f3n institucional para la gobernanza en el territorio CAR.<\/p>\n<p>La alianza entre la CAR y la Alcald\u00eda de Villapinz\u00f3n reafirma el principio de corresponsabilidad entre las entidades p\u00fablicas, el sector productivo y la comunidad. A trav\u00e9s de este instrumento de cooperaci\u00f3n, se busca que las curtiembres avancen hacia la legalidad ambiental, optimicen el uso del agua, reduzcan la utilizaci\u00f3n de sustancias peligrosas y adopten buenas pr\u00e1cticas de producci\u00f3n m\u00e1s limpia<\/p>\n<p>Fuente: CAR Cundinamarca<\/p>\n","protected":false},"excerpt":{"rendered":"<p>* El convenio, que tendr\u00e1 una duraci\u00f3n de dos a\u00f1os, fortalecer\u00e1 la gesti\u00f3n ambiental, la sostenibilidad productiva y la transici\u00f3n tecnol\u00f3gica del sector curtiembre. * El acuerdo suscrito, tiene como objeto aunar esfuerzos t\u00e9cnicos y administrativos para implementar acciones que reduzcan el impacto ambiental generado por la actividad curtidora. * Este nuevo convenio da cumplimiento [&hellip;]<\/p>\n","protected":false},"author":1,"featured_media":4748,"comment_status":"open","ping_status":"open","sticky":false,"template":"","format":"standard","meta":{"rop_custom_images_group":[],"rop_custom_messages_group":[],"rop_publish_now":"initial","rop_publish_now_accounts":{"facebook_1821922728178256_102311254498371":""},"rop_publish_now_history":[],"rop_publish_now_status":"pending","footnotes":""},"categories":[7],"tags":[],"class_list":["post-4747","post","type-post","status-publish","format-standard","has-post-thumbnail","hentry","category-ambiental"],"_links":{"self":[{"href":"https:\/\/stcmedios.com\/index.php\/wp-json\/wp\/v2\/posts\/4747","targetHints":{"allow":["GET"]}}],"collection":[{"href":"https:\/\/stcmedios.com\/index.php\/wp-json\/wp\/v2\/posts"}],"about":[{"href":"https:\/\/stcmedios.com\/index.php\/wp-json\/wp\/v2\/types\/post"}],"author":[{"embeddable":true,"href":"https:\/\/stcmedios.com\/index.php\/wp-json\/wp\/v2\/users\/1"}],"replies":[{"embeddable":true,"href":"https:\/\/stcmedios.com\/index.php\/wp-json\/wp\/v2\/comments?post=4747"}],"version-history":[{"count":0,"href":"https:\/\/stcmedios.com\/index.php\/wp-json\/wp\/v2\/posts\/4747\/revisions"}],"wp:featuredmedia":[{"embeddable":true,"href":"https:\/\/stcmedios.com\/index.php\/wp-json\/wp\/v2\/media\/4748"}],"wp:attachment":[{"href":"https:\/\/stcmedios.com\/index.php\/wp-json\/wp\/v2\/media?parent=4747"}],"wp:term":[{"taxonomy":"category","embeddable":true,"href":"https:\/\/stcmedios.com\/index.php\/wp-json\/wp\/v2\/categories?post=4747"},{"taxonomy":"post_tag","embeddable":true,"href":"https:\/\/stcmedios.com\/index.php\/wp-json\/wp\/v2\/tags?post=4747"}],"curies":[{"name":"wp","href":"https:\/\/api.w.org\/{rel}","templated":true}]}}