{"id":469,"date":"2022-08-19T21:13:26","date_gmt":"2022-08-19T21:13:26","guid":{"rendered":"https:\/\/stcmedios.com\/?p=469"},"modified":"2022-08-19T21:13:26","modified_gmt":"2022-08-19T21:13:26","slug":"enel-colombia-rechaza-los-bloqueos-en-la-central-hidroelectrica-el-guavio","status":"publish","type":"post","link":"https:\/\/stcmedios.com\/index.php\/2022\/08\/19\/enel-colombia-rechaza-los-bloqueos-en-la-central-hidroelectrica-el-guavio\/","title":{"rendered":"ENEL COLOMBIA RECHAZA LOS BLOQUEOS EN LA CENTRAL HIDROEL\u00c9CTRICA EL GUAVIO"},"content":{"rendered":"<p style=\"font-weight: 400;\"><strong>ENEL COLOMBIA RECHAZA LOS BLOQUEOS EN LA CENTRAL HIDROEL\u00c9CTRICA EL GUAVI<\/strong><\/p>\n<ul style=\"font-weight: 400;\">\n<li><em>Desde el 11 de agosto se ha afectado la movilidad y el acceso a la inspecci\u00f3n de M\u00e1mbita, donde est\u00e1 ubicada la Central Hidroel\u00e9ctrica El Guavio, y desde el 16 del mismo mes, se ha impedido el tr\u00e1nsito de los colaboradores de Enel Colombia y sus empresas contratistas entre el campamento, las oficinas y la caverna de m\u00e1quinas de la Central.<\/em><\/li>\n<\/ul>\n<ul style=\"font-weight: 400;\">\n<li><em>Las manifestaciones radican principalmente en la insatisfacci\u00f3n de la comunidad frente al estado de las v\u00edas, funci\u00f3n que est\u00e1 a cargo de las Gobernaciones Departamentales.<\/em><\/li>\n<\/ul>\n<ul style=\"font-weight: 400;\">\n<li><em>Permanentemente, Enel Colombia aporta de forma voluntaria horas hombre, maquinaria, materiales y combustible para el mantenimiento de las v\u00edas, aun cuando no est\u00e1 bajo su marco de actuaci\u00f3n.<\/em><\/li>\n<\/ul>\n<p style=\"font-weight: 400;\"><strong>Guavio (Cundinamarca), 19 de agosto de 2022<\/strong>.\u00a0Desde el pasado 11 de agosto, un grupo de personas ha estado bloqueando algunas v\u00edas del corredor Santa Mar\u00eda (Boyac\u00e1) \u2013 M\u00e1mbita (Ubal\u00e1) y\u00a0San Pedro de Jagua &#8211; M\u00e1mbita (Ubal\u00e1), as\u00ed como los accesos al campamento, las oficinas, la caverna de m\u00e1quinas y el edificio de control de Enel Colombia en M\u00e1mbita,\u00a0generando afectaciones de movilidad y acceso a esta inspecci\u00f3n, donde est\u00e1 ubicada la Central Hidroel\u00e9ctrica El Guavio.<\/p>\n<p><img loading=\"lazy\" decoding=\"async\" class=\"size-medium wp-image-471 alignleft lazyload\" src=\"data:image\/gif;base64,R0lGODlhAQABAAAAACH5BAEKAAEALAAAAAABAAEAAAICTAEAOw==\" alt=\"\" width=\"300\" height=\"225\" sizes=\"auto, (max-width: 300px) 100vw, 300px\" data-src=\"https:\/\/stcmedios.com\/wp-content\/uploads\/2022\/08\/STCMedios-Cundinamarca-Periodismo-MedioRegional-2-1-300x225.jpg\" data-srcset=\"https:\/\/stcmedios.com\/wp-content\/uploads\/2022\/08\/STCMedios-Cundinamarca-Periodismo-MedioRegional-2-1-300x225.jpg 300w, https:\/\/stcmedios.com\/wp-content\/uploads\/2022\/08\/STCMedios-Cundinamarca-Periodismo-MedioRegional-2-1.jpg 474w\"><\/p>\n<p style=\"font-weight: 400;\">A pesar de que el bloqueo radica en la insatisfacci\u00f3n de la comunidad frente al estado de las v\u00edas, una labor que est\u00e1 a cargo de las Gobernaciones Departamentales de Boyac\u00e1 y Cundinamarca, desde el 16 de agosto se ha impedido el tr\u00e1nsito de los colaboradores de Enel Colombia y sus empresas contratistas entre el campamento, las oficinas, la caverna de m\u00e1quinas y el edificio de control de la Central, adem\u00e1s de la entrega de suministros. Esta situaci\u00f3n ha impactado directamente la operaci\u00f3n de generaci\u00f3n de energ\u00eda y ha puesto en riesgo no s\u00f3lo la seguridad y bienestar del personal, colaboradores y contratistas, sino tambi\u00e9n la del Sistema El\u00e9ctrico Nacional.<\/p>\n<p style=\"font-weight: 400;\">Enel Colombia reitera su disposici\u00f3n para participar en los procesos de di\u00e1logo que la comunidad solicita, para lo cual sigue a la espera de la coordinaci\u00f3n de estos espacios por parte de las Gobernaciones correspondientes. A su vez, rechaza las v\u00edas de hecho presentadas, considerando que afectan la seguridad energ\u00e9tica y violan el Derecho a la Libre Locomoci\u00f3n y el Derecho al Trabajo de las personas.<\/p>\n<p style=\"font-weight: 400;\">De esta forma, la Compa\u00f1\u00eda solicita la intervenci\u00f3n de las Alcald\u00edas Municipales y las Gobernaciones Departamentales para que los bloqueos en la Central Hidroel\u00e9ctrica El Guavio sean levantados y se garantice la continuidad en su operaci\u00f3n, que resulta neur\u00e1lgica para la seguridad energ\u00e9tica del pa\u00eds. Lo anterior, teniendo en cuenta que Enel Colombia, a\u00fan sin tener responsabilidad directa sobre la problem\u00e1tica en cuesti\u00f3n, en diversas ocasiones ha contribuido con la b\u00fasqueda y aporte de soluciones al desarrollo vial del municipio.<\/p>\n<p style=\"font-weight: 400;\"><strong>Constantes aportes al desarrollo vial del Guavio<\/strong><\/p>\n<p style=\"font-weight: 400;\">Aunque el estado de las v\u00edas no est\u00e1 a cargo de Enel Colombia, la Compa\u00f1\u00eda es consciente de la contribuci\u00f3n que puede realizar para apalancar el desarrollo del territorio, por lo cual permanentemente ha apoyado de forma voluntaria y proactiva, el mantenimiento y habilitaci\u00f3n de las v\u00edas con horas hombre, maquinaria, materiales y combustible.<\/p>\n<p><img loading=\"lazy\" decoding=\"async\" class=\"size-medium wp-image-472 alignleft lazyload\" src=\"data:image\/gif;base64,R0lGODlhAQABAAAAACH5BAEKAAEALAAAAAABAAEAAAICTAEAOw==\" alt=\"\" width=\"300\" height=\"225\" sizes=\"auto, (max-width: 300px) 100vw, 300px\" data-src=\"https:\/\/stcmedios.com\/wp-content\/uploads\/2022\/08\/STCMedios-Cundinamarca-Periodismo-MedioRegional-2-2-300x225.jpg\" data-srcset=\"https:\/\/stcmedios.com\/wp-content\/uploads\/2022\/08\/STCMedios-Cundinamarca-Periodismo-MedioRegional-2-2-300x225.jpg 300w, https:\/\/stcmedios.com\/wp-content\/uploads\/2022\/08\/STCMedios-Cundinamarca-Periodismo-MedioRegional-2-2.jpg 474w\"><\/p>\n<p style=\"font-weight: 400;\">En lo corrido de 2022:<\/p>\n<ul style=\"font-weight: 400;\">\n<li>Ha coordinado m\u00e1s de cinco espacios de trabajo con el Instituto de Infraestructura y Concesiones de Cundinamarca (ICCU) y la Secretar\u00eda de Minas, Energ\u00eda y Gas de la Gobernaci\u00f3n, en donde ha expuesto un diagn\u00f3stico de los puntos cr\u00edticos a intervenir en el corredor San Pedro de Jagua \u2013 M\u00e1mbita.<\/li>\n<li>Ha reiterado su voluntad de adelantar, junto con los diferentes actores del territorio, un convenio con el ICCU para atender las necesidades manifestadas por las comunidades. Sin embargo, hasta el momento no ha recibido una respuesta definitiva por parte de la respectiva entidad frente a la propuesta presentada.<\/li>\n<\/ul>\n<p style=\"font-weight: 400;\">A su vez, recientemente:<\/p>\n<ul style=\"font-weight: 400;\">\n<li>Realiz\u00f3 el mantenimiento de la rasante del tramo entre M\u00e1mbita dos y M\u00e1mbita, y de las alcantarillas del sector Salinas y del Puente Guavio.<\/li>\n<li>En el Puente Guavio tambi\u00e9n contribuy\u00f3 a la rehabilitaci\u00f3n de la v\u00eda para asegurar su transitabilidad, siendo este uno de los corredores gravemente afectados por la ola invernal.<\/li>\n<li>Retir\u00f3 los \u00e1rboles del sector Ca\u00f1o Tigre para dar apertura al paso vial.<\/li>\n<li>Apoy\u00f3 la recolecci\u00f3n de derrumbes en la vereda Boca del Monte.<\/li>\n<li>Suministr\u00f3 material para el Proyecto Placa Huella en M\u00e1mbita dos, que actualmente est\u00e1 en construcci\u00f3n.<\/li>\n<li>Contribuy\u00f3 con suministro, transporte y compactaci\u00f3n de material en v\u00edas terciarias en las veredas San Roque y La Floresta.<\/li>\n<\/ul>\n<p>Fuente: Comunicaciones ENEL<\/p>\n","protected":false},"excerpt":{"rendered":"<p>ENEL COLOMBIA RECHAZA LOS BLOQUEOS EN LA CENTRAL HIDROEL\u00c9CTRICA EL GUAVI Desde el 11 de agosto se ha afectado la movilidad y el acceso a la inspecci\u00f3n de M\u00e1mbita, donde est\u00e1 ubicada la Central Hidroel\u00e9ctrica El Guavio, y desde el 16 del mismo mes, se ha impedido el tr\u00e1nsito de los colaboradores de Enel Colombia [&hellip;]<\/p>\n","protected":false},"author":1,"featured_media":470,"comment_status":"open","ping_status":"open","sticky":false,"template":"","format":"standard","meta":{"rop_custom_images_group":[],"rop_custom_messages_group":[],"rop_publish_now":"initial","rop_publish_now_accounts":{"facebook_1821922728178256_102311254498371":""},"rop_publish_now_history":[],"rop_publish_now_status":"pending","footnotes":""},"categories":[4],"tags":[57,58,30,15],"class_list":["post-469","post","type-post","status-publish","format-standard","has-post-thumbnail","hentry","category-prensa","tag-enel","tag-guavio","tag-periodismo","tag-stcmedios"],"_links":{"self":[{"href":"https:\/\/stcmedios.com\/index.php\/wp-json\/wp\/v2\/posts\/469","targetHints":{"allow":["GET"]}}],"collection":[{"href":"https:\/\/stcmedios.com\/index.php\/wp-json\/wp\/v2\/posts"}],"about":[{"href":"https:\/\/stcmedios.com\/index.php\/wp-json\/wp\/v2\/types\/post"}],"author":[{"embeddable":true,"href":"https:\/\/stcmedios.com\/index.php\/wp-json\/wp\/v2\/users\/1"}],"replies":[{"embeddable":true,"href":"https:\/\/stcmedios.com\/index.php\/wp-json\/wp\/v2\/comments?post=469"}],"version-history":[{"count":0,"href":"https:\/\/stcmedios.com\/index.php\/wp-json\/wp\/v2\/posts\/469\/revisions"}],"wp:featuredmedia":[{"embeddable":true,"href":"https:\/\/stcmedios.com\/index.php\/wp-json\/wp\/v2\/media\/470"}],"wp:attachment":[{"href":"https:\/\/stcmedios.com\/index.php\/wp-json\/wp\/v2\/media?parent=469"}],"wp:term":[{"taxonomy":"category","embeddable":true,"href":"https:\/\/stcmedios.com\/index.php\/wp-json\/wp\/v2\/categories?post=469"},{"taxonomy":"post_tag","embeddable":true,"href":"https:\/\/stcmedios.com\/index.php\/wp-json\/wp\/v2\/tags?post=469"}],"curies":[{"name":"wp","href":"https:\/\/api.w.org\/{rel}","templated":true}]}}