{"id":453,"date":"2022-08-14T03:28:40","date_gmt":"2022-08-14T03:28:40","guid":{"rendered":"https:\/\/stcmedios.com\/?p=453"},"modified":"2022-08-14T03:28:40","modified_gmt":"2022-08-14T03:28:40","slug":"jornada-de-actualizacion-de-enfermedad-de-hansen","status":"publish","type":"post","link":"https:\/\/stcmedios.com\/index.php\/2022\/08\/14\/jornada-de-actualizacion-de-enfermedad-de-hansen\/","title":{"rendered":"Jornada de actualizaci\u00f3n de enfermedad de Hansen"},"content":{"rendered":"<p style=\"font-weight: 400;\">Salud Con la convocatoria y liderazgo de la Secretar\u00eda de Salud del municipio, apoyada por el Instituto Nacional de Salud y la Gobernaci\u00f3n de Cundinamarca, tuvo lugar la \u201cJornada de actualizaci\u00f3n de enfermedad de Hansen\u201d un evento que congreg\u00f3 referentes en salud de Zipaquir\u00e1, Soacha, Cajic\u00e1, Cota, Sesquil\u00e9, Nemoc\u00f3n, Tabio y Tenjo, junto a m\u00e9dicos profesionales de las instituciones prestadoras de salud de Ch\u00eda.<\/p>\n<p><img loading=\"lazy\" decoding=\"async\" class=\"size-medium wp-image-455 alignleft lazyload\" src=\"data:image\/gif;base64,R0lGODlhAQABAAAAACH5BAEKAAEALAAAAAABAAEAAAICTAEAOw==\" alt=\"\" width=\"300\" height=\"200\" sizes=\"auto, (max-width: 300px) 100vw, 300px\" data-src=\"https:\/\/stcmedios.com\/wp-content\/uploads\/2022\/08\/STCMedios-Cundinamarca-Periodismo-MedioRegional-1-300x200.jpg\" data-srcset=\"https:\/\/stcmedios.com\/wp-content\/uploads\/2022\/08\/STCMedios-Cundinamarca-Periodismo-MedioRegional-1-300x200.jpg 300w, https:\/\/stcmedios.com\/wp-content\/uploads\/2022\/08\/STCMedios-Cundinamarca-Periodismo-MedioRegional-1-768x512.jpg 768w, https:\/\/stcmedios.com\/wp-content\/uploads\/2022\/08\/STCMedios-Cundinamarca-Periodismo-MedioRegional-1.jpg 960w\"><\/p>\n<p style=\"font-weight: 400;\">En el auditorio de El Curubito, el doctor Juli\u00e1n L\u00f3pez, experto en enfermedad de Hansen, abord\u00f3 temas enfocados al conocimiento de esta enfermedad, su diagn\u00f3stico, tratamiento, seguimiento y manejo, para fortalecer el prop\u00f3sito de que las IPS conduzcan un manejo adecuado de los casos que puedan presentarse.<\/p>\n<p style=\"font-weight: 400;\">La enfermedad de Hansen no es muy com\u00fan, se presentan cerca de 350 casos al a\u00f1o en Colombia y 3 de ellos en Ch\u00eda, por ello, es muy frecuente que los profesionales desconozcan particularidades, lo cual podr\u00eda llevar a un diagn\u00f3stico fuera de par\u00e1metros<\/p>\n","protected":false},"excerpt":{"rendered":"<p>Salud Con la convocatoria y liderazgo de la Secretar\u00eda de Salud del municipio, apoyada por el Instituto Nacional de Salud y la Gobernaci\u00f3n de Cundinamarca, tuvo lugar la \u201cJornada de actualizaci\u00f3n de enfermedad de Hansen\u201d un evento que congreg\u00f3 referentes en salud de Zipaquir\u00e1, Soacha, Cajic\u00e1, Cota, Sesquil\u00e9, Nemoc\u00f3n, Tabio y Tenjo, junto a m\u00e9dicos [&hellip;]<\/p>\n","protected":false},"author":1,"featured_media":454,"comment_status":"open","ping_status":"open","sticky":false,"template":"","format":"standard","meta":{"rop_custom_images_group":[],"rop_custom_messages_group":[],"rop_publish_now":"initial","rop_publish_now_accounts":{"facebook_1821922728178256_102311254498371":""},"rop_publish_now_history":[],"rop_publish_now_status":"pending","footnotes":""},"categories":[4],"tags":[28,30,15,25],"class_list":["post-453","post","type-post","status-publish","format-standard","has-post-thumbnail","hentry","category-prensa","tag-chia","tag-periodismo","tag-stcmedios","tag-stcregion"],"_links":{"self":[{"href":"https:\/\/stcmedios.com\/index.php\/wp-json\/wp\/v2\/posts\/453","targetHints":{"allow":["GET"]}}],"collection":[{"href":"https:\/\/stcmedios.com\/index.php\/wp-json\/wp\/v2\/posts"}],"about":[{"href":"https:\/\/stcmedios.com\/index.php\/wp-json\/wp\/v2\/types\/post"}],"author":[{"embeddable":true,"href":"https:\/\/stcmedios.com\/index.php\/wp-json\/wp\/v2\/users\/1"}],"replies":[{"embeddable":true,"href":"https:\/\/stcmedios.com\/index.php\/wp-json\/wp\/v2\/comments?post=453"}],"version-history":[{"count":0,"href":"https:\/\/stcmedios.com\/index.php\/wp-json\/wp\/v2\/posts\/453\/revisions"}],"wp:featuredmedia":[{"embeddable":true,"href":"https:\/\/stcmedios.com\/index.php\/wp-json\/wp\/v2\/media\/454"}],"wp:attachment":[{"href":"https:\/\/stcmedios.com\/index.php\/wp-json\/wp\/v2\/media?parent=453"}],"wp:term":[{"taxonomy":"category","embeddable":true,"href":"https:\/\/stcmedios.com\/index.php\/wp-json\/wp\/v2\/categories?post=453"},{"taxonomy":"post_tag","embeddable":true,"href":"https:\/\/stcmedios.com\/index.php\/wp-json\/wp\/v2\/tags?post=453"}],"curies":[{"name":"wp","href":"https:\/\/api.w.org\/{rel}","templated":true}]}}