{"id":4349,"date":"2025-04-09T22:37:04","date_gmt":"2025-04-09T22:37:04","guid":{"rendered":"https:\/\/stcmedios.com\/?p=4349"},"modified":"2025-04-09T22:37:04","modified_gmt":"2025-04-09T22:37:04","slug":"regresa-artbo-fin-de-semana-para-celebrar-el-arte-contemporaneo-y-la-cultura-con-novedades-imperdibles","status":"publish","type":"post","link":"https:\/\/stcmedios.com\/index.php\/2025\/04\/09\/regresa-artbo-fin-de-semana-para-celebrar-el-arte-contemporaneo-y-la-cultura-con-novedades-imperdibles\/","title":{"rendered":"Regresa ARTBO | Fin de Semana para celebrar el arte contempor\u00e1neo y la cultura con novedades imperdibles"},"content":{"rendered":"<ul style=\"font-weight: 400;\">\n<li>ARTBO | Fin de Semana contar\u00e1 con seis circuitos expositivos \u2014Centro Hist\u00f3rico, Macarena, Teusaquillo, Chapinero Central, San Felipe y Chapinero Norte\u2014 y dos rutas especiales con transporte sin costo para recorrer espacios de dise\u00f1o y librer\u00edas.<\/li>\n<li>Esta edici\u00f3n contar\u00e1 con 86 espacios expositivos, 253 artistas, 83 exposiciones y se realizar\u00e1n m\u00e1s de 157 actividades de acceso libre para toda la ciudadan\u00eda.<\/li>\n<li>ARTBO | Fin de Semana se consolida como uno de los mayores encuentros de las artes pl\u00e1sticas, sumando 31.858 m\u00b2 de exhibici\u00f3n a trav\u00e9s de sus espacios participantes.<strong>\u00a0<\/strong><\/li>\n<\/ul>\n<p><img loading=\"lazy\" decoding=\"async\" class=\"aligncenter size-medium wp-image-4350 lazyload\" src=\"data:image\/gif;base64,R0lGODlhAQABAAAAACH5BAEKAAEALAAAAAABAAEAAAICTAEAOw==\" alt=\"\" width=\"300\" height=\"200\" sizes=\"auto, (max-width: 300px) 100vw, 300px\" data-src=\"https:\/\/stcmedios.com\/wp-content\/uploads\/2025\/04\/Fotos-Cortesia-AFDS-2024-3-300x200.jpeg\" data-srcset=\"https:\/\/stcmedios.com\/wp-content\/uploads\/2025\/04\/Fotos-Cortesia-AFDS-2024-3-300x200.jpeg 300w, https:\/\/stcmedios.com\/wp-content\/uploads\/2025\/04\/Fotos-Cortesia-AFDS-2024-3-1024x682.jpeg 1024w, https:\/\/stcmedios.com\/wp-content\/uploads\/2025\/04\/Fotos-Cortesia-AFDS-2024-3-768x512.jpeg 768w, https:\/\/stcmedios.com\/wp-content\/uploads\/2025\/04\/Fotos-Cortesia-AFDS-2024-3.jpeg 1280w\"><\/p>\n<p><img loading=\"lazy\" decoding=\"async\" class=\"aligncenter size-medium wp-image-4352 lazyload\" src=\"data:image\/gif;base64,R0lGODlhAQABAAAAACH5BAEKAAEALAAAAAABAAEAAAICTAEAOw==\" alt=\"\" width=\"300\" height=\"203\" sizes=\"auto, (max-width: 300px) 100vw, 300px\" data-src=\"https:\/\/stcmedios.com\/wp-content\/uploads\/2025\/04\/Fotos-Cortesia-AFDS-2024-12-300x203.jpeg\" data-srcset=\"https:\/\/stcmedios.com\/wp-content\/uploads\/2025\/04\/Fotos-Cortesia-AFDS-2024-12-300x203.jpeg 300w, https:\/\/stcmedios.com\/wp-content\/uploads\/2025\/04\/Fotos-Cortesia-AFDS-2024-12-1024x691.jpeg 1024w, https:\/\/stcmedios.com\/wp-content\/uploads\/2025\/04\/Fotos-Cortesia-AFDS-2024-12-768x518.jpeg 768w, https:\/\/stcmedios.com\/wp-content\/uploads\/2025\/04\/Fotos-Cortesia-AFDS-2024-12-1536x1037.jpeg 1536w, https:\/\/stcmedios.com\/wp-content\/uploads\/2025\/04\/Fotos-Cortesia-AFDS-2024-12.jpeg 1600w\"><\/p>\n<p style=\"font-weight: 400;\">ARTBO, el programa de artes de la C\u00e1mara de Comercio de Bogot\u00e1, presenta la novena edici\u00f3n de ARTBO | Fin de Semana, una propuesta de ciudad que acerca, sin costo, el arte y la cultura al p\u00fablico capitalino. Este evento, que se realizar\u00e1 del 25 al 27 de abril, promete convertir a la ciudad en un epicentro de di\u00e1logo, creatividad y reflexi\u00f3n art\u00edstica.<\/p>\n<p style=\"font-weight: 400;\">Durante estos tres d\u00edas, 86 espacios culturales distribuidos en seis importantes\u00a0<strong>Circuitos art\u00edsticos<\/strong>\u00a0de Bogot\u00e1\u2014Centro Hist\u00f3rico, Macarena, Teusaquillo, Chapinero Central, San Felipe y Chapinero Norte\u2014abrir\u00e1n sus puertas en horarios extendidos.<\/p>\n<p style=\"font-weight: 400;\">Este a\u00f1o, la programaci\u00f3n cuenta con propuestas innovadoras, como espacios\u00a0<em>pop-up<\/em>\u00a0que enriquecen la experiencia art\u00edstica en sitios poco convencionales; ejemplo de ello son Montenegro Art Projects- MAP en la Biblioteca Museo Casa Lleras y Policroma, una galer\u00eda proveniente de Medell\u00edn que participar\u00e1 en Bogot\u00e1.<\/p>\n<p style=\"font-weight: 400;\">En esta edici\u00f3n se lanza la\u00a0<strong>Ruta del Libro<\/strong>, una acci\u00f3n derivada del Encuentro Editorial, que se celebra cada a\u00f1o en la sede oficial de ARTBO | Fin de Semana, con el objetivo\u00a0ampliar la visibilidad de editoriales que exploran de manera particular los lenguajes del arte y que circulan en librer\u00edas de Bogot\u00e1.\u00a0Esta ruta cuenta con un recorrido especial que inicia\u00a0en el Circuito Centro Hist\u00f3rico\u00a0y termina en Corferias, conectando as\u00ed Matorral Librer\u00eda, Garabato Libros, Villegas Editores, NADA, Casa Santo &amp; Se\u00f1a y Wilborada 1047 con las galer\u00edas, museos, instituciones, espacios autogestionados y librer\u00edas en Corferias.<\/p>\n<p style=\"font-weight: 400;\">Adem\u00e1s, ARTBO reafirma su compromiso con el dise\u00f1o como expresi\u00f3n art\u00edstica y funcional mediante la\u00a0<strong>Ruta Dise\u00f1o<\/strong>, que en su segunda edici\u00f3n incluye ocho espacios destacados como Verdi, Moblar, Alta Estudio y Folies, fortaleciendo la intersecci\u00f3n entre dise\u00f1o, historia y arte contempor\u00e1neo.<\/p>\n<p style=\"font-weight: 400;\"><strong>Componentes y programaci\u00f3n general:<\/strong><\/p>\n<p style=\"font-weight: 400;\">Gracias al trabajo mancomunado con la Gobernaci\u00f3n de Cundinamarca, este a\u00f1o ARTBO | Fin de Semana vuelve al Palacio de San Francisco, monumento nacional de estilo neocl\u00e1sico, que funcionar\u00e1 como la sede oficial del evento y como epicentro de actividades destacadas, entre ellas, un ciclo de\u00a0<strong>Conversaciones<\/strong>, un\u00a0<strong>Encuentro Editorial<\/strong>\u00a0y una exposici\u00f3n curada de las galer\u00edas participantes en\u00a0<strong>Intervenci\u00f3n<\/strong>.<\/p>\n<p style=\"font-weight: 400;\">En\u00a0<strong>Conversaciones<\/strong>, participar\u00e1n veinte curadores internacionales y nacionales, bajo la direcci\u00f3n curatorial del destacado\u00a0<strong>Raphael Fonseca<\/strong>, curador de arte contempor\u00e1neo latinoamericano del Museo de Arte de Denver. Este espacio generar\u00e1 un valioso intercambio sobre curadur\u00eda, coleccionismo y nuevas perspectivas en arte contempor\u00e1neo. Temas como el arte ind\u00edgena, nuevos medios digitales,\u00a0<em>performance\u00a0<\/em>y la relaci\u00f3n entre arte latinoamericano y latino ser\u00e1n ejes principales de las charlas que se llevar\u00e1n a cabo el s\u00e1bado 26 y el domingo 27 de abril.<\/p>\n<p style=\"font-weight: 400;\">Por otro lado,\u00a0<strong>Encuentro Editorial<\/strong>, curado por\u00a0<em>Rel\u00e1mpago,<\/em>\u00a0agrupar\u00e1 proyectos y editoriales independientes que exploran el lenguaje de las artes pl\u00e1sticas y que llevar\u00e1n a cabo lanzamientos, talleres abiertos y charlas sobre la literatura, arte y el sector editorial.<\/p>\n<p style=\"font-weight: 400;\">\n<p style=\"font-weight: 400;\">Por \u00faltimo,\u00a0<strong>Intervenci\u00f3n,\u00a0<\/strong>una exposici\u00f3n colectiva de artistas representados por las galer\u00edas participantes, contar\u00e1 con la curadur\u00eda especial de Mar\u00eda Isabel Rueda, artista y curadora cartagenera, quien seleccionar\u00e1 piezas destacadas que acercar\u00e1n el p\u00fablico al coleccionismo.<\/p>\n<p style=\"font-weight: 400;\">\n<p style=\"font-weight: 400;\"><strong>Informaci\u00f3n pr\u00e1ctica:<\/strong><\/p>\n<ul style=\"font-weight: 400;\">\n<li><strong>Entrada sin costo<\/strong><\/li>\n<li><strong>Fechas:<\/strong>\u00a025 al 27 de abril de 2025<\/li>\n<li><strong>Ubicaci\u00f3n central:<\/strong>\u00a0Palacio de San Francisco (Avenida Jim\u00e9nez #7-56)<\/li>\n<li><strong>Horarios:<\/strong>\n<ul>\n<li>Viernes y s\u00e1bado: 11:00 a.m. a 8:00 p.m.<\/li>\n<li>Domingo: 11:00 a.m. a 6:00 p.m.<\/li>\n<\/ul>\n<\/li>\n<\/ul>\n<p style=\"font-weight: 400;\">\n<p style=\"font-weight: 400;\">Con 157 actividades y una programaci\u00f3n inclusiva, entre las que se encuentra el ciclo de Conversaciones que ofrecer\u00e1 interpretaci\u00f3n en lengua de se\u00f1as colombiana, ARTBO | Fin de Semana promete ser un encuentro imperdible para todos aquellos interesados en explorar el arte contempor\u00e1neo desde m\u00faltiples miradas.<\/p>\n<p style=\"font-weight: 400;\"><strong>\u00a0<\/strong><\/p>\n","protected":false},"excerpt":{"rendered":"<p>ARTBO | Fin de Semana contar\u00e1 con seis circuitos expositivos \u2014Centro Hist\u00f3rico, Macarena, Teusaquillo, Chapinero Central, San Felipe y Chapinero Norte\u2014 y dos rutas especiales con transporte sin costo para recorrer espacios de dise\u00f1o y librer\u00edas. Esta edici\u00f3n contar\u00e1 con 86 espacios expositivos, 253 artistas, 83 exposiciones y se realizar\u00e1n m\u00e1s de 157 actividades de [&hellip;]<\/p>\n","protected":false},"author":1,"featured_media":4351,"comment_status":"open","ping_status":"open","sticky":false,"template":"","format":"standard","meta":{"rop_custom_images_group":[],"rop_custom_messages_group":[],"rop_publish_now":"initial","rop_publish_now_accounts":{"facebook_1821922728178256_102311254498371":""},"rop_publish_now_history":[],"rop_publish_now_status":"pending","footnotes":""},"categories":[4],"tags":[],"class_list":["post-4349","post","type-post","status-publish","format-standard","has-post-thumbnail","hentry","category-prensa"],"_links":{"self":[{"href":"https:\/\/stcmedios.com\/index.php\/wp-json\/wp\/v2\/posts\/4349","targetHints":{"allow":["GET"]}}],"collection":[{"href":"https:\/\/stcmedios.com\/index.php\/wp-json\/wp\/v2\/posts"}],"about":[{"href":"https:\/\/stcmedios.com\/index.php\/wp-json\/wp\/v2\/types\/post"}],"author":[{"embeddable":true,"href":"https:\/\/stcmedios.com\/index.php\/wp-json\/wp\/v2\/users\/1"}],"replies":[{"embeddable":true,"href":"https:\/\/stcmedios.com\/index.php\/wp-json\/wp\/v2\/comments?post=4349"}],"version-history":[{"count":0,"href":"https:\/\/stcmedios.com\/index.php\/wp-json\/wp\/v2\/posts\/4349\/revisions"}],"wp:featuredmedia":[{"embeddable":true,"href":"https:\/\/stcmedios.com\/index.php\/wp-json\/wp\/v2\/media\/4351"}],"wp:attachment":[{"href":"https:\/\/stcmedios.com\/index.php\/wp-json\/wp\/v2\/media?parent=4349"}],"wp:term":[{"taxonomy":"category","embeddable":true,"href":"https:\/\/stcmedios.com\/index.php\/wp-json\/wp\/v2\/categories?post=4349"},{"taxonomy":"post_tag","embeddable":true,"href":"https:\/\/stcmedios.com\/index.php\/wp-json\/wp\/v2\/tags?post=4349"}],"curies":[{"name":"wp","href":"https:\/\/api.w.org\/{rel}","templated":true}]}}