{"id":4332,"date":"2025-03-18T16:29:31","date_gmt":"2025-03-18T16:29:31","guid":{"rendered":"https:\/\/stcmedios.com\/?p=4332"},"modified":"2025-03-20T16:34:35","modified_gmt":"2025-03-20T16:34:35","slug":"bogota-se-convierte-en-el-epicentro-del-boxeo-mundial-con-la-realizacion-de-la-convencion-anual-de-la-organizacion-mundial-de-boxeo-wbo","status":"publish","type":"post","link":"https:\/\/stcmedios.com\/index.php\/2025\/03\/18\/bogota-se-convierte-en-el-epicentro-del-boxeo-mundial-con-la-realizacion-de-la-convencion-anual-de-la-organizacion-mundial-de-boxeo-wbo\/","title":{"rendered":"Bogot\u00e1 se convierte en el epicentro del boxeo mundial con la realizaci\u00f3n de la Convenci\u00f3n Anual de la Organizaci\u00f3n Mundial de Boxeo (WBO)"},"content":{"rendered":"<ul style=\"font-weight: 400;\">\n<li><em>El presidente de la WBO, Gustavo Olivieri, y el presidente ejecutivo de la C\u00e1mara de Comercio de Bogot\u00e1, Ovidio Claros Polanco, se unieron para hacer de la capital colombiana la sede de este importante evento que har\u00e1 historia en el rin del 27 al 30 de octubre.<\/em><\/li>\n<li><em>Bogot\u00e1, fue elegida por encima de ciudades como Budapest, Hungr\u00eda y Orlando como sede de este evento. M\u00e1s de 150 delegaciones de 65 pa\u00edses como Jap\u00f3n, Estados Unidos, Rusia, pa\u00edses \u00e1rabes, M\u00e9xico y el sudeste asi\u00e1tico, estar\u00e1n presentes en las peleas, actividades acad\u00e9micas, feria del deporte.<\/em><\/li>\n<li><em>El sector deportes en general en Bogot\u00e1 y la regi\u00f3n cuentan con 5.419 empresas activas que generan m\u00e1s de 24.000 empleos. Se calcula que este evento pueda dejarle a la ciudad alrededor de 3 millones de d\u00f3lares.<\/em><strong>\u00a0<\/strong><\/li>\n<\/ul>\n<p style=\"font-weight: 400;\">Con el objetivo de fortalecer el turismo deportivo y la econom\u00eda local, el Cl\u00faster de Turismo, Recreaci\u00f3n y Eventos de la\u00a0<strong>C\u00e1mara de Comercio de Bogot\u00e1 (CCB)<\/strong>, en alianza con la\u00a0<strong>Organizaci\u00f3n Mundial de Boxeo (WBO)<\/strong>, traer\u00e1n a Bogot\u00e1 la\u00a0<strong>38\u00aa edici\u00f3n Convenci\u00f3n Mundial de la WBO<\/strong>\u00a0en octubre de 2025, el evento de mayor impacto en el \u00e1mbito global del sector.<\/p>\n<p><img loading=\"lazy\" decoding=\"async\" class=\"aligncenter size-medium wp-image-4333 lazyload\" src=\"data:image\/gif;base64,R0lGODlhAQABAAAAACH5BAEKAAEALAAAAAABAAEAAAICTAEAOw==\" alt=\"\" width=\"300\" height=\"200\" sizes=\"auto, (max-width: 300px) 100vw, 300px\" data-src=\"https:\/\/stcmedios.com\/wp-content\/uploads\/2025\/03\/Cortesia-de-la-CCB-Rueda-de-prensa-Convencion-WBO-2025-9-300x200.jpeg\" data-srcset=\"https:\/\/stcmedios.com\/wp-content\/uploads\/2025\/03\/Cortesia-de-la-CCB-Rueda-de-prensa-Convencion-WBO-2025-9-300x200.jpeg 300w, https:\/\/stcmedios.com\/wp-content\/uploads\/2025\/03\/Cortesia-de-la-CCB-Rueda-de-prensa-Convencion-WBO-2025-9-1024x683.jpeg 1024w, https:\/\/stcmedios.com\/wp-content\/uploads\/2025\/03\/Cortesia-de-la-CCB-Rueda-de-prensa-Convencion-WBO-2025-9-768x512.jpeg 768w, https:\/\/stcmedios.com\/wp-content\/uploads\/2025\/03\/Cortesia-de-la-CCB-Rueda-de-prensa-Convencion-WBO-2025-9-1536x1024.jpeg 1536w, https:\/\/stcmedios.com\/wp-content\/uploads\/2025\/03\/Cortesia-de-la-CCB-Rueda-de-prensa-Convencion-WBO-2025-9-2048x1365.jpeg 2048w\"><\/p>\n<p><img loading=\"lazy\" decoding=\"async\" class=\"aligncenter size-medium wp-image-4334 lazyload\" src=\"data:image\/gif;base64,R0lGODlhAQABAAAAACH5BAEKAAEALAAAAAABAAEAAAICTAEAOw==\" alt=\"\" width=\"300\" height=\"200\" sizes=\"auto, (max-width: 300px) 100vw, 300px\" data-src=\"https:\/\/stcmedios.com\/wp-content\/uploads\/2025\/03\/Cortesia-de-la-CCB-Rueda-de-prensa-Convencion-WBO-2025-7-300x200.jpeg\" data-srcset=\"https:\/\/stcmedios.com\/wp-content\/uploads\/2025\/03\/Cortesia-de-la-CCB-Rueda-de-prensa-Convencion-WBO-2025-7-300x200.jpeg 300w, https:\/\/stcmedios.com\/wp-content\/uploads\/2025\/03\/Cortesia-de-la-CCB-Rueda-de-prensa-Convencion-WBO-2025-7-1024x683.jpeg 1024w, https:\/\/stcmedios.com\/wp-content\/uploads\/2025\/03\/Cortesia-de-la-CCB-Rueda-de-prensa-Convencion-WBO-2025-7-768x512.jpeg 768w, https:\/\/stcmedios.com\/wp-content\/uploads\/2025\/03\/Cortesia-de-la-CCB-Rueda-de-prensa-Convencion-WBO-2025-7-1536x1024.jpeg 1536w, https:\/\/stcmedios.com\/wp-content\/uploads\/2025\/03\/Cortesia-de-la-CCB-Rueda-de-prensa-Convencion-WBO-2025-7-2048x1365.jpeg 2048w\"><\/p>\n<p>&nbsp;<\/p>\n<p style=\"font-weight: 400;\">La Organizaci\u00f3n Mundial de Boxeo o WBO es una de las principales organizaciones que supervisan el boxeo profesional a nivel internacional. Fue fundada hace 64 a\u00f1os y tiene como objetivo regular el boxeo profesional, promoviendo la competencia justa y el bienestar de los boxeadores.\u00a0 Juega un papel crucial en el boxeo mundial, siendo una de las principales entidades que regula el deporte y otorga t\u00edtulos.<\/p>\n<p style=\"font-weight: 400;\">Para esta edici\u00f3n, que se llevar\u00e1 a cabo en \u00c1gora Bogot\u00e1, Centro de Convenciones, se espera que se generen alrededor de 3 millones de d\u00f3lares, de 500 a 800 nuevos empleos durante el evento; as\u00ed como m\u00e1s de 500 asistentes a la pelea de t\u00edtulo mundial, actividades acad\u00e9micas deportivas, m\u00e1s de 150 visitas a las experiencias inmersivas de boxeo, y la presencia de m\u00e1s de 30 emprendedores y empresarios del deporte de Bogot\u00e1 y regi\u00f3n, participantes en la feria.<\/p>\n<p style=\"font-weight: 400;\">Esta convenci\u00f3n, que es el punto de encuentro del boxeo internacional,\u00a0<strong>busca evidenciar el impacto de este deporte en la inclusi\u00f3n social, el bienestar f\u00edsico y la formaci\u00f3n de talentos deportivos. Se espera la llegada de m\u00e1s de 600 participantes procedentes de al menos 65 pa\u00edses<\/strong>, entre campeones, entrenadores y patrocinadores de talla internacional. Este evento, superar\u00eda las m\u00e1s recientes ediciones en San Juan (Puerto Rico) y Punta Cana (Rep\u00fablica Dominicana), donde participaron m\u00e1s de 400 asistentes, incluidas grandes estrellas del boxeo y reconocidos inversionistas.<\/p>\n<p style=\"font-weight: 400;\">Ovidio Claros Polanco, presidente de la CCB afirm\u00f3 que\u00a0<em>\u201cEstamos firmemente comprometidos en ser aliados estrat\u00e9gicos de la Organizaci\u00f3n Mundial del Boxeo. Desde hoy, destinaremos todos nuestros esfuerzos, recursos, red de contactos, programas, infraestructura y servicios para garantizar no solo el \u00e9xito de esta visita, sino tambi\u00e9n el de la Convenci\u00f3n Mundial en octubre de 2025\u201d<\/em>, afirm\u00f3.<\/p>\n<p style=\"font-weight: 400;\">Gustavo Olivieri, presidente de la Organizaci\u00f3n Mundial de Boxeo, afirm\u00f3 que:\u00a0<em>\u201cEsta ser\u00e1 una convenci\u00f3n hist\u00f3rica, no solo porque Bogot\u00e1 le gan\u00f3 la sede a ciudades como: Budapest, Hungr\u00eda u Orlando; sino tambi\u00e9n porque es la primera vez que un organismo de boxeo mundial abre las puertas al p\u00fablico en general; esto quiere decir que, no solo los afiliados a las organizaci\u00f3n dir\u00e1n presente, sino la comunidad en general, abriendo puertas y alianzas para que las todas personas que se encuentren en Bogot\u00e1 disfruten de este evento\u201d.<\/em><strong>\u00a0<\/strong><\/p>\n<p style=\"font-weight: 400;\"><strong>Bogot\u00e1, una ciudad lista para el boxeo mundial<\/strong><strong>\u00a0<\/strong><\/p>\n<p style=\"font-weight: 400;\">Durante d\u00e9cadas, Colombia y Latinoam\u00e9rica han sido cuna de campeones mundiales, y esta convenci\u00f3n servir\u00e1 como una plataforma para la nueva generaci\u00f3n de boxeadores. Con ello, Bogot\u00e1 se proyecta como un referente internacional en este deporte, ya que eventos de gran escala como este impulsan sectores clave, entre ellos el turismo, gastronom\u00eda, comercio y transporte. Seg\u00fan la Secretar\u00eda de Desarrollo Econ\u00f3mico de Bogot\u00e1,\u00a0<strong>en 2024 los grandes eventos deportivos y culturales en la capital generaron m\u00e1s de $328 mil millones de pesos\u00a0<\/strong>(aproximadamente USD $80 millones). Este impacto fortalece la econom\u00eda local y evidencia el potencial de Bogot\u00e1 como sede de eventos internacionales.<\/p>\n<p>Fotos: Cortes\u00eda CCB<\/p>\n<p>Fuente: Prensa CCB<\/p>\n","protected":false},"excerpt":{"rendered":"<p>El presidente de la WBO, Gustavo Olivieri, y el presidente ejecutivo de la C\u00e1mara de Comercio de Bogot\u00e1, Ovidio Claros Polanco, se unieron para hacer de la capital colombiana la sede de este importante evento que har\u00e1 historia en el rin del 27 al 30 de octubre. Bogot\u00e1, fue elegida por encima de ciudades como [&hellip;]<\/p>\n","protected":false},"author":1,"featured_media":4335,"comment_status":"open","ping_status":"open","sticky":false,"template":"","format":"standard","meta":{"rop_custom_images_group":[],"rop_custom_messages_group":[],"rop_publish_now":"initial","rop_publish_now_accounts":{"facebook_1821922728178256_102311254498371":""},"rop_publish_now_history":[],"rop_publish_now_status":"pending","footnotes":""},"categories":[4],"tags":[],"class_list":["post-4332","post","type-post","status-publish","format-standard","has-post-thumbnail","hentry","category-prensa"],"_links":{"self":[{"href":"https:\/\/stcmedios.com\/index.php\/wp-json\/wp\/v2\/posts\/4332","targetHints":{"allow":["GET"]}}],"collection":[{"href":"https:\/\/stcmedios.com\/index.php\/wp-json\/wp\/v2\/posts"}],"about":[{"href":"https:\/\/stcmedios.com\/index.php\/wp-json\/wp\/v2\/types\/post"}],"author":[{"embeddable":true,"href":"https:\/\/stcmedios.com\/index.php\/wp-json\/wp\/v2\/users\/1"}],"replies":[{"embeddable":true,"href":"https:\/\/stcmedios.com\/index.php\/wp-json\/wp\/v2\/comments?post=4332"}],"version-history":[{"count":0,"href":"https:\/\/stcmedios.com\/index.php\/wp-json\/wp\/v2\/posts\/4332\/revisions"}],"wp:featuredmedia":[{"embeddable":true,"href":"https:\/\/stcmedios.com\/index.php\/wp-json\/wp\/v2\/media\/4335"}],"wp:attachment":[{"href":"https:\/\/stcmedios.com\/index.php\/wp-json\/wp\/v2\/media?parent=4332"}],"wp:term":[{"taxonomy":"category","embeddable":true,"href":"https:\/\/stcmedios.com\/index.php\/wp-json\/wp\/v2\/categories?post=4332"},{"taxonomy":"post_tag","embeddable":true,"href":"https:\/\/stcmedios.com\/index.php\/wp-json\/wp\/v2\/tags?post=4332"}],"curies":[{"name":"wp","href":"https:\/\/api.w.org\/{rel}","templated":true}]}}