{"id":4280,"date":"2025-03-03T16:30:23","date_gmt":"2025-03-03T16:30:23","guid":{"rendered":"https:\/\/stcmedios.com\/?p=4280"},"modified":"2025-03-03T16:30:23","modified_gmt":"2025-03-03T16:30:23","slug":"empleo-rural-en-colombia-alcanza-niveles-historicos-en-enero-de-2025","status":"publish","type":"post","link":"https:\/\/stcmedios.com\/index.php\/2025\/03\/03\/empleo-rural-en-colombia-alcanza-niveles-historicos-en-enero-de-2025\/","title":{"rendered":"Empleo rural en Colombia alcanza niveles hist\u00f3ricos en enero de 2025"},"content":{"rendered":"<p>El sector agropecuario ha marcado un hito en el empleo rural del pa\u00eds. Seg\u00fan datos recientes del DANE, en enero de 2025, la poblaci\u00f3n ocupada en las zonas rurales alcanz\u00f3 los 4,8 millones de trabajadores, lo que representa un incremento de 267.000 empleos respecto al mismo periodo del a\u00f1o anterior.<\/p>\n<p>Adem\u00e1s, la tasa de desocupaci\u00f3n en el campo se redujo al 8,6 %, la cifra m\u00e1s baja para un mes de enero en los \u00faltimos seis a\u00f1os. Este descenso de 0,9 puntos porcentuales refuerza el papel del sector agropecuario como motor de crecimiento y estabilidad laboral.<\/p>\n<p>El informe destaca que el agro contribuye al 14,1 % del total de empleos en Colombia, consolid\u00e1ndose como el segundo sector con mayor generaci\u00f3n de trabajo. Entre las actividades con mayor impacto en el empleo rural se encuentran la agricultura, ganader\u00eda, caza, silvicultura y pesca.<\/p>\n<p>Dora In\u00e9s Rey, directora de la Unidad de Planificaci\u00f3n Rural Agropecuaria (UPRA), resalt\u00f3 que estos resultados reflejan el esfuerzo de los trabajadores del campo y el impacto de las pol\u00edticas dirigidas a fortalecer el empleo rural.<\/p>\n<p>A nivel nacional, el desempleo se ubic\u00f3 en 11,6 %, con una reducci\u00f3n de 1,1 % en comparaci\u00f3n con enero de 2024, mientras que en las 13 principales ciudades baj\u00f3 a 11,1 %.<\/p>\n<p>Por: Juan David S\u00e1nchez, Periodista<br \/>\nFuente: DANE<\/p>\n","protected":false},"excerpt":{"rendered":"<p>El sector agropecuario ha marcado un hito en el empleo rural del pa\u00eds. Seg\u00fan datos recientes del DANE, en enero de 2025, la poblaci\u00f3n ocupada en las zonas rurales alcanz\u00f3 los 4,8 millones de trabajadores, lo que representa un incremento de 267.000 empleos respecto al mismo periodo del a\u00f1o anterior. Adem\u00e1s, la tasa de desocupaci\u00f3n [&hellip;]<\/p>\n","protected":false},"author":1,"featured_media":4281,"comment_status":"open","ping_status":"open","sticky":false,"template":"","format":"standard","meta":{"rop_custom_images_group":[],"rop_custom_messages_group":[],"rop_publish_now":"initial","rop_publish_now_accounts":{"facebook_1821922728178256_102311254498371":""},"rop_publish_now_history":[],"rop_publish_now_status":"pending","footnotes":""},"categories":[4],"tags":[],"class_list":["post-4280","post","type-post","status-publish","format-standard","has-post-thumbnail","hentry","category-prensa"],"_links":{"self":[{"href":"https:\/\/stcmedios.com\/index.php\/wp-json\/wp\/v2\/posts\/4280","targetHints":{"allow":["GET"]}}],"collection":[{"href":"https:\/\/stcmedios.com\/index.php\/wp-json\/wp\/v2\/posts"}],"about":[{"href":"https:\/\/stcmedios.com\/index.php\/wp-json\/wp\/v2\/types\/post"}],"author":[{"embeddable":true,"href":"https:\/\/stcmedios.com\/index.php\/wp-json\/wp\/v2\/users\/1"}],"replies":[{"embeddable":true,"href":"https:\/\/stcmedios.com\/index.php\/wp-json\/wp\/v2\/comments?post=4280"}],"version-history":[{"count":0,"href":"https:\/\/stcmedios.com\/index.php\/wp-json\/wp\/v2\/posts\/4280\/revisions"}],"wp:featuredmedia":[{"embeddable":true,"href":"https:\/\/stcmedios.com\/index.php\/wp-json\/wp\/v2\/media\/4281"}],"wp:attachment":[{"href":"https:\/\/stcmedios.com\/index.php\/wp-json\/wp\/v2\/media?parent=4280"}],"wp:term":[{"taxonomy":"category","embeddable":true,"href":"https:\/\/stcmedios.com\/index.php\/wp-json\/wp\/v2\/categories?post=4280"},{"taxonomy":"post_tag","embeddable":true,"href":"https:\/\/stcmedios.com\/index.php\/wp-json\/wp\/v2\/tags?post=4280"}],"curies":[{"name":"wp","href":"https:\/\/api.w.org\/{rel}","templated":true}]}}