{"id":428,"date":"2022-08-01T21:23:54","date_gmt":"2022-08-01T21:23:54","guid":{"rendered":"https:\/\/stcmedios.com\/?p=428"},"modified":"2022-08-01T21:23:54","modified_gmt":"2022-08-01T21:23:54","slug":"la-gestora-social-de-sopoluz-aida-perez-reconocida-por-su-labor-social","status":"publish","type":"post","link":"https:\/\/stcmedios.com\/index.php\/2022\/08\/01\/la-gestora-social-de-sopoluz-aida-perez-reconocida-por-su-labor-social\/","title":{"rendered":"La gestora social de Sop\u00f3Luz Aida P\u00e9rez reconocida por su labor social"},"content":{"rendered":"<p>En un acto solemne realizado en el Sal\u00f3n de la Constituci\u00f3n del Congreso de la Rep\u00fablica, nuestra gestora social Luz Aida P\u00e9rez recibi\u00f3 el reconocimiento Gran Orden al M\u00e9rito Social Nydia Quintero, este galard\u00f3n destaca los proyectos o programas sociales de impacto en los territorios que contribuyen al mejoramiento la calidad de vida de las mujeres y sus familias.<\/p>\n<p>Este reconocimiento nacional se cre\u00f3 para exaltar la labor de las primeras damas y gestoras sociales que son ejemplo de solidaridad y entrega en sus comunidades.<\/p>\n<p>El premio es otorgado \u00fanicamente a un grupo seleccionado de mujeres l\u00edderes, empresarias y gestoras sociales de todas las regiones del pa\u00eds y es organizado por la Comisi\u00f3n Legal para la Equidad de la Mujer del Congreso de la Rep\u00fablica y la Asociaci\u00f3n de Primeras Damas de Colombia &#8211; Asodamas.<\/p>\n<p>Fuente: Prensa Sop\u00f3<\/p>\n","protected":false},"excerpt":{"rendered":"<p>En un acto solemne realizado en el Sal\u00f3n de la Constituci\u00f3n del Congreso de la Rep\u00fablica, nuestra gestora social Luz Aida P\u00e9rez recibi\u00f3 el reconocimiento Gran Orden al M\u00e9rito Social Nydia Quintero, este galard\u00f3n destaca los proyectos o programas sociales de impacto en los territorios que contribuyen al mejoramiento la calidad de vida de las [&hellip;]<\/p>\n","protected":false},"author":1,"featured_media":429,"comment_status":"open","ping_status":"open","sticky":false,"template":"","format":"standard","meta":{"rop_custom_images_group":[],"rop_custom_messages_group":[],"rop_publish_now":"initial","rop_publish_now_accounts":{"facebook_1821922728178256_102311254498371":""},"rop_publish_now_history":[],"rop_publish_now_status":"pending","footnotes":""},"categories":[4],"tags":[31,30,33,32,15],"class_list":["post-428","post","type-post","status-publish","format-standard","has-post-thumbnail","hentry","category-prensa","tag-asodamas","tag-periodismo","tag-social","tag-sopo","tag-stcmedios"],"_links":{"self":[{"href":"https:\/\/stcmedios.com\/index.php\/wp-json\/wp\/v2\/posts\/428","targetHints":{"allow":["GET"]}}],"collection":[{"href":"https:\/\/stcmedios.com\/index.php\/wp-json\/wp\/v2\/posts"}],"about":[{"href":"https:\/\/stcmedios.com\/index.php\/wp-json\/wp\/v2\/types\/post"}],"author":[{"embeddable":true,"href":"https:\/\/stcmedios.com\/index.php\/wp-json\/wp\/v2\/users\/1"}],"replies":[{"embeddable":true,"href":"https:\/\/stcmedios.com\/index.php\/wp-json\/wp\/v2\/comments?post=428"}],"version-history":[{"count":0,"href":"https:\/\/stcmedios.com\/index.php\/wp-json\/wp\/v2\/posts\/428\/revisions"}],"wp:featuredmedia":[{"embeddable":true,"href":"https:\/\/stcmedios.com\/index.php\/wp-json\/wp\/v2\/media\/429"}],"wp:attachment":[{"href":"https:\/\/stcmedios.com\/index.php\/wp-json\/wp\/v2\/media?parent=428"}],"wp:term":[{"taxonomy":"category","embeddable":true,"href":"https:\/\/stcmedios.com\/index.php\/wp-json\/wp\/v2\/categories?post=428"},{"taxonomy":"post_tag","embeddable":true,"href":"https:\/\/stcmedios.com\/index.php\/wp-json\/wp\/v2\/tags?post=428"}],"curies":[{"name":"wp","href":"https:\/\/api.w.org\/{rel}","templated":true}]}}