{"id":423,"date":"2022-07-31T16:59:44","date_gmt":"2022-07-31T16:59:44","guid":{"rendered":"https:\/\/stcmedios.com\/?p=423"},"modified":"2022-07-31T16:59:44","modified_gmt":"2022-07-31T16:59:44","slug":"la-secretaria-de-movilidad-de-chia-fue-reconocida-por-su-iniciativa-buenas-practicas-en-seguridad-vial","status":"publish","type":"post","link":"https:\/\/stcmedios.com\/index.php\/2022\/07\/31\/la-secretaria-de-movilidad-de-chia-fue-reconocida-por-su-iniciativa-buenas-practicas-en-seguridad-vial\/","title":{"rendered":"La Secretar\u00eda de Movilidad de Ch\u00eda fue reconocida por su iniciativa \u201cBuenas Pr\u00e1cticas en Seguridad Vial\u201d"},"content":{"rendered":"<p>La Agencia Nacional de Seguridad Vial entreg\u00f3, en la tarde del jueves 28 de julio, un reconocimiento por el desarrollo y ejecuci\u00f3n de la estrategia\u00a0<strong><em>Mu\u00e9vete Seguro<\/em><\/strong>\u00a0a la Secretar\u00eda de Movilidad del municipio, quienes esencialmente, han venido adelantando acciones preventivas en las que se destacan la pedagog\u00eda, innovaci\u00f3n y lecciones alineadas al enfoque de un Sistema Vial Seguro.<\/p>\n<p><img loading=\"lazy\" decoding=\"async\" class=\"size-medium wp-image-425 alignleft lazyload\" src=\"data:image\/gif;base64,R0lGODlhAQABAAAAACH5BAEKAAEALAAAAAABAAEAAAICTAEAOw==\" alt=\"\" width=\"300\" height=\"200\" sizes=\"auto, (max-width: 300px) 100vw, 300px\" data-src=\"https:\/\/stcmedios.com\/wp-content\/uploads\/2022\/07\/STCMedios-Cundinamarca-Periodismo-MedioRegional-5-3-300x200.jpeg\" data-srcset=\"https:\/\/stcmedios.com\/wp-content\/uploads\/2022\/07\/STCMedios-Cundinamarca-Periodismo-MedioRegional-5-3-300x200.jpeg 300w, https:\/\/stcmedios.com\/wp-content\/uploads\/2022\/07\/STCMedios-Cundinamarca-Periodismo-MedioRegional-5-3-768x511.jpeg 768w, https:\/\/stcmedios.com\/wp-content\/uploads\/2022\/07\/STCMedios-Cundinamarca-Periodismo-MedioRegional-5-3.jpeg 936w\"><\/p>\n<p>El enfoque de esta estrategia est\u00e1 basado en la implementaci\u00f3n de diferentes elementos y actividades pertinentes, que llevan al autocuidado y la conciencia social sobre el derecho que todos tenemos al disfrute seguro en la v\u00eda. Adicionalmente, esta idea cuenta con el apoyo de 28 orientadores en Cultura Vial, hombres y mujeres que trabajan con un mismo prop\u00f3sito:\u00a0 \u201cCulturizar al ciudadano para que asuma comportamientos adecuados en las calles\u201d.<\/p>\n<p>La estrategia municipal cubri\u00f3 y colm\u00f3 las expectativas en todas las etapas contempladas para el logro del reconocimiento; la propuesta de buenas pr\u00e1cticas en la v\u00eda fue vista como un modelo de una experiencia aprobada y validada ante la Agencia Nacional, que merece ser compartida, con el fin de que no solo otros municipios puedan llegar a adoptarla, sino tambi\u00e9n, cada individuo pueda apropiarla y ponerla en pr\u00e1ctica. Entre las caracter\u00edsticas mencionadas anteriormente estuvieron:<\/p>\n<ul>\n<li>Gener\u00f3 Impacto<\/li>\n<li>Fue innovadora<\/li>\n<li>Fue pertinente, efectiva y replicable.<\/li>\n<\/ul>\n<p><img loading=\"lazy\" decoding=\"async\" class=\"size-medium wp-image-426 alignleft lazyload\" src=\"data:image\/gif;base64,R0lGODlhAQABAAAAACH5BAEKAAEALAAAAAABAAEAAAICTAEAOw==\" alt=\"\" width=\"300\" height=\"225\" sizes=\"auto, (max-width: 300px) 100vw, 300px\" data-src=\"https:\/\/stcmedios.com\/wp-content\/uploads\/2022\/07\/STCMedios-Cundinamarca-Periodismo-MedioRegional-4-3-300x225.jpeg\" data-srcset=\"https:\/\/stcmedios.com\/wp-content\/uploads\/2022\/07\/STCMedios-Cundinamarca-Periodismo-MedioRegional-4-3-300x225.jpeg 300w, https:\/\/stcmedios.com\/wp-content\/uploads\/2022\/07\/STCMedios-Cundinamarca-Periodismo-MedioRegional-4-3-768x576.jpeg 768w, https:\/\/stcmedios.com\/wp-content\/uploads\/2022\/07\/STCMedios-Cundinamarca-Periodismo-MedioRegional-4-3.jpeg 1024w\"><\/p>\n<p>La labor no para all\u00ed, continuar\u00e1n las campa\u00f1as y jornadas de sensibilizaci\u00f3n, para todos los actores viales, fomentando los valores y\u00a0 el respeto por la vida, entendiendo que lo principal, adicional a cumplir las normas y atender las se\u00f1ales de tr\u00e1nsito, es transformar nuestra mente con actitudes de tolerancia, responsabilidad, comprensi\u00f3n y prudencia, trabajando y construyendo una mejor ciudad, donde la cultura y la conciencia vial sean el reflejo del pueblo.<\/p>\n<p>Fuente: Ch\u00eda<\/p>\n","protected":false},"excerpt":{"rendered":"<p>La Agencia Nacional de Seguridad Vial entreg\u00f3, en la tarde del jueves 28 de julio, un reconocimiento por el desarrollo y ejecuci\u00f3n de la estrategia\u00a0Mu\u00e9vete Seguro\u00a0a la Secretar\u00eda de Movilidad del municipio, quienes esencialmente, han venido adelantando acciones preventivas en las que se destacan la pedagog\u00eda, innovaci\u00f3n y lecciones alineadas al enfoque de un Sistema [&hellip;]<\/p>\n","protected":false},"author":1,"featured_media":424,"comment_status":"open","ping_status":"open","sticky":false,"template":"","format":"standard","meta":{"rop_custom_images_group":[],"rop_custom_messages_group":[],"rop_publish_now":"initial","rop_publish_now_accounts":{"facebook_1821922728178256_102311254498371":""},"rop_publish_now_history":[],"rop_publish_now_status":"pending","footnotes":""},"categories":[4],"tags":[28,29,30,15,25],"class_list":["post-423","post","type-post","status-publish","format-standard","has-post-thumbnail","hentry","category-prensa","tag-chia","tag-movilidad","tag-periodismo","tag-stcmedios","tag-stcregion"],"_links":{"self":[{"href":"https:\/\/stcmedios.com\/index.php\/wp-json\/wp\/v2\/posts\/423","targetHints":{"allow":["GET"]}}],"collection":[{"href":"https:\/\/stcmedios.com\/index.php\/wp-json\/wp\/v2\/posts"}],"about":[{"href":"https:\/\/stcmedios.com\/index.php\/wp-json\/wp\/v2\/types\/post"}],"author":[{"embeddable":true,"href":"https:\/\/stcmedios.com\/index.php\/wp-json\/wp\/v2\/users\/1"}],"replies":[{"embeddable":true,"href":"https:\/\/stcmedios.com\/index.php\/wp-json\/wp\/v2\/comments?post=423"}],"version-history":[{"count":0,"href":"https:\/\/stcmedios.com\/index.php\/wp-json\/wp\/v2\/posts\/423\/revisions"}],"wp:featuredmedia":[{"embeddable":true,"href":"https:\/\/stcmedios.com\/index.php\/wp-json\/wp\/v2\/media\/424"}],"wp:attachment":[{"href":"https:\/\/stcmedios.com\/index.php\/wp-json\/wp\/v2\/media?parent=423"}],"wp:term":[{"taxonomy":"category","embeddable":true,"href":"https:\/\/stcmedios.com\/index.php\/wp-json\/wp\/v2\/categories?post=423"},{"taxonomy":"post_tag","embeddable":true,"href":"https:\/\/stcmedios.com\/index.php\/wp-json\/wp\/v2\/tags?post=423"}],"curies":[{"name":"wp","href":"https:\/\/api.w.org\/{rel}","templated":true}]}}