{"id":4038,"date":"2024-11-21T14:08:15","date_gmt":"2024-11-21T14:08:15","guid":{"rendered":"https:\/\/stcmedios.com\/?p=4038"},"modified":"2024-11-21T14:09:21","modified_gmt":"2024-11-21T14:09:21","slug":"360-marcas-y-disenadores-presentan-colecciones-y-promociones-especiales-en-la-primera-edicion-de-bogota-fashion-weekend","status":"publish","type":"post","link":"https:\/\/stcmedios.com\/index.php\/2024\/11\/21\/360-marcas-y-disenadores-presentan-colecciones-y-promociones-especiales-en-la-primera-edicion-de-bogota-fashion-weekend\/","title":{"rendered":"360 marcas y dise\u00f1adores presentan colecciones y promociones especiales en la primera edici\u00f3n de Bogot\u00e1 Fashion Weekend"},"content":{"rendered":"<p style=\"text-align: center;\"><a href=\"http:\/\/www.bogotafashionweek.com.co\/\" target=\"_blank\" rel=\"noopener\" data-saferedirecturl=\"https:\/\/www.google.com\/url?q=http:\/\/www.bogotafashionweek.com.co&amp;source=gmail&amp;ust=1732283740772000&amp;usg=AOvVaw1mofKd80yTZteY7-_3jX8q\">www.bogotafashionweek.com.co<\/a><br \/>\nFacebook, Twitter e Instagram: @bogotafashionweek<br \/>\n#BFWKND<\/p>\n<ul style=\"font-weight: 400;\">\n<li>Del 22 del 24 de noviembre la C\u00e1mara de Comercio de Bogot\u00e1 llevar\u00e1 a cabo la primera edici\u00f3n de Bogot\u00e1 Fashion Weekend &#8211; BFWKND en cuatro circuitos de moda en lugares clave como Quinta Camacho \/ Zona G, Zona T, Chapinero Norte y El Chic\u00f3, adem\u00e1s contar\u00e1 con dos rutas especiales en San Victorino y Restrepo.<\/li>\n<li>364 marcas se tomar\u00e1n la ciudad en Bogot\u00e1 Fashion Weekend.<\/li>\n<li>La ciudadan\u00eda podr\u00e1 recorrer los espacios mediante un servicio de transporte gratuito que contar\u00e1 con 64 paradas.<\/li>\n<li>Los asistentes podr\u00e1n disfrutar de descuentos especiales para la \u00e9poca decembrina y actividades para todos los p\u00fablicos, como conversaciones, recorridos gratuitos, entre otros.<strong>\u00a0<\/strong><\/li>\n<\/ul>\n<p style=\"font-weight: 400;\">Entre el 22 y el 24 de noviembre, Bogot\u00e1 Fashion Week, programa para la moda de la C\u00e1mara de Comercio de Bogot\u00e1 (CCB), inaugura la primera edici\u00f3n de Bogot\u00e1 Fashion Weekend, el fin de semana de la moda en la capital del pa\u00eds. Este evento, que es gratuito para los asistentes, resalta el compromiso que la CCB tiene de promover el desarrollo econ\u00f3mico del sector, impulsando el crecimiento y fortalecimiento de los negocios de moda en la ciudad.<\/p>\n<p style=\"font-weight: 400;\">Durante tres d\u00edas los visitantes podr\u00e1n disfrutar de m\u00e1s de 160 eventos y descubrir colecciones de m\u00e1s de 300 marcas y dise\u00f1adores independientes. Asimismo, la ciudadan\u00eda podr\u00e1 visitar 137 espacios ic\u00f3nicos de moda en la ciudad, algunos de ellos que abren sus puertas por primera vez, donde podr\u00e1n adquirir piezas exclusivas en promoci\u00f3n por la temporada de fin de a\u00f1o.<\/p>\n<p style=\"font-weight: 400;\">Las marcas participantes fueron seleccionadas por un comit\u00e9 independiente que cont\u00f3 con la participaci\u00f3n de Daniela Ria\u00f1o, estilista de celebridades y productora de moda; Eleonora Morales, consultora y asesora de marcas; y Melissa Jaramillo, cofundadora y miembro activo del comit\u00e9 de Desarrollo V\u00edstete de Colombia.<\/p>\n<p style=\"font-weight: 400;\">\u00abEn la C\u00e1mara de Comercio de Bogot\u00e1 queremos impulsar la econom\u00eda popular y fomentar el consumo local, por lo que desarrollamos programas e iniciativas que conecten a las empresas con la ciudadan\u00eda. Con Bogot\u00e1 Fashion Weekend, queremos activar a sectores estrat\u00e9gicos de nuestra ciudad mediante la creaci\u00f3n de recorridos gratuitos y la promoci\u00f3n de ofertas especiales de las tiendas y espacios de moda participantes. Estamos seguros de que esto generar\u00e1 un impacto positivo para el sector y la industria de la moda en general\u00bb, coment\u00f3 Ovidio Claros Polanco, presidente de la C\u00e1mara de Comercio de Bogot\u00e1.<\/p>\n<p style=\"font-weight: 400;\">El recientemente inaugurado Centro Felicidad Chapinero -CEFE- ser\u00e1 el punto de encuentro de Conversaciones y talleres, con 5 ejes tem\u00e1ticos que giran alrededor de la sostenibilidad, el mercado internacional, los prop\u00f3sitos comerciales, las tendencias y experiencias. Tambi\u00e9n contaremos con un Mercado de Dise\u00f1o donde expondr\u00e1n 45 marcas.<\/p>\n<p style=\"font-weight: 400;\">\u00abEl sector de la moda es uno de los m\u00e1s significativos para la econom\u00eda de Bogot\u00e1. En la CCB buscamos dinamizar esta industria y con Bogot\u00e1 Fashion Weekend queremos acercar la moda a todos los p\u00fablicos, llevarla a la ciudadan\u00eda a trav\u00e9s de recorridos y actividades gratuitas, con transporte sin costo, que les permitir\u00e1n conocer la oferta de moda local y nacional. Tambi\u00e9n habr\u00e1 espacios para conversar sobre los temas que interpelan a la moda, y para la experimentaci\u00f3n, con diversas intervenciones en la ciudad\u00bb, se\u00f1al\u00f3 Mar\u00eda Paz Gaviria, Gerente de Programas Culturales de la C\u00e1mara de Comercio de Bogot\u00e1.<\/p>\n<p style=\"font-weight: 400;\"><strong>Horarios:<\/strong><br \/>\n<strong>Viernes 22 y s\u00e1bado 23 de noviembre<\/strong><br \/>\n10:00 a. m. a 8:00 p. m.<\/p>\n<p style=\"font-weight: 400;\">Domingo 24 de noviembre<br \/>\n10:00 a. m. a 6:00 p. m.<\/p>\n<p style=\"font-weight: 400;\"><strong>Circuitos y marcas, tiendas y espacios de moda participantes<\/strong><\/p>\n<ol style=\"font-weight: 400;\">\n<li><strong>Sede &#8211; Centro Felicidad Chapinero &#8211; CEFE:<\/strong><br \/>\nEntre la calle 81 # 11 &#8211; 94<\/li>\n<\/ol>\n<p style=\"font-weight: 400;\">Este centro servir\u00e1 como la sede oficial de Bogot\u00e1 Fashion Weekend; cuenta con diversas \u00e1reas y espacios que permitir\u00e1n que suceda el Mercado de Dise\u00f1o con 45 marcas participantes. Cuenta con cinco espacios abiertos distribuidos en los diferentes niveles del edificio y que ya est\u00e1n abiertas a la comunidad.<\/p>\n<p style=\"font-weight: 400;\">Participantes:\u00a0<em>Merci Palais D\u2019or, Monoic, Pitbullying, Diantes, Old Maquiina, Mol &amp; Gom, Makaki Art, Kott Risk, Ismo, Plur Store, Cannabis, Nun-k, Divina Colecction, Lisantiny, Wanaawaa, Seven 7 jeans, Zorro Gris, Mayorga, Ricardo Pava, Tikuna Jewelry, Culthera, Teresa \u2013 esencia entre hilos, Palaa, Somos Mahuyscas, Aramantia, Johanna De La Cruz, Infinita es Infinita, Tigre de Sal\u00f3n, Quimeras, \u00c1lvaro \u00c1vila Joyas, Lobo Rosa, Et\u00e9rea, Lavi, Matergea, Mola Mola, Mar de Lua, Alta Shoes, Tejidos Rebanc\u00e1, CRBA, Pinkfilosofy.<\/em><strong>\u00a0<\/strong><\/p>\n<ol style=\"font-weight: 400;\">\n<li><strong>Circuito Chic\u00f3:<\/strong><\/li>\n<\/ol>\n<p style=\"font-weight: 400;\">Entre la calle 85 y la calle 94<\/p>\n<p style=\"font-weight: 400;\">La estructura propia de esta zona se adapta al ritmo de la vida urbana, creando un ambiente que invita a la reflexi\u00f3n. Este circuito es un refugio para quienes buscan innovaci\u00f3n y creatividad, una invitaci\u00f3n a explorar lo que realmente significa estar a la vanguardia. Cada rinc\u00f3n ofrece sorpresas que despiertan la curiosidad.<\/p>\n<p style=\"font-weight: 400;\">Participantes:\u00a0<em>Garage Sale by Eleonora Morales, A Modo Mio, Carlo Carrizosa, Veneno, Salv\u00e1rea, Gal By Hipnos, Laura Aparicio, Baletti, Naiona, Atmos, Centro de Dise\u00f1o Portobelo (Inmaculada \u2013 Valentina Jaramillo, Johanna Rubiano, Valencia Sartoriale, Despertar Joyer\u00eda Vibracional, Ver\u00f3nica Restrepo).<\/em><\/p>\n<ol style=\"font-weight: 400;\">\n<li><strong>Circuito Zona T:<\/strong><\/li>\n<\/ol>\n<p style=\"font-weight: 400;\">Entre la calle 81 y la calle 84<\/p>\n<p style=\"font-weight: 400;\">En esta zona, donde la vanguardia se encuentra con la energ\u00eda de la ciudad, se atrae a multitudes que buscan experiencias frescas y cosmopolitas. Las calles, llenas de vida, establecimientos y actividades culturales, invitan a explorar un universo de estilos contempor\u00e1neos.<\/p>\n<p style=\"font-weight: 400;\">Participantes:\u00a0<em>Edificio Nogal (Zephir y Olga Piedrahita), Lauval, Beto Santana, Sea Salt, Malva, Centro Comercial El Retiro (Johanna Ortiz, Mercedes Salazar, OndadeMar, Isidora Malva, Sacr\u00e9, Azulu, Andr\u00e9s Ot\u00e1lora, Napa, Seta Apparel, Maaji, Tinta Latina, Bruna, Ellipse, D\u0113rive af Bur\u00e9n, Renata Lozano, Especia, Maria Elena Villamil, Arial 12, Agua Bendita) Bettina\u2019s Closet, Morena Clara, Pajarolim\u00f3n, Detritus, Mercado Negro, Seven Seven, Argento &amp; Bourbon, Whitman, Hipnos, Baobab.<\/em><\/p>\n<ol style=\"font-weight: 400;\">\n<li><strong>Circuito Chapinero Norte:<\/strong><\/li>\n<\/ol>\n<p style=\"font-weight: 400;\">Entre la calle 72 y la calle 80<\/p>\n<p style=\"font-weight: 400;\">En esta zona de la ciudad la moda se convierte en una forma de expresi\u00f3n aut\u00e9ntica y diversa que se conecta con diferentes espacios vibrantes de cultura, m\u00fasica o ocio. Desde la Calle de Los Anticuarios, hasta tiendas que invitan a explorar el norte de la capital a trav\u00e9s de propuestas creativas.<\/p>\n<p style=\"font-weight: 400;\">Participantes:\u00a0<em>Paula Mendoza, El Dorado Edit, Anthias, Faride Ramos, Toscano, Alejandro Crocker, MP Patricia Mejia, Somos Martina, Palmacea Swimwear, Tok Tok, True, Balnearios + Mistral, \u00c1ngel Kujaban, Barmont, Bless HS, Breath, Common Room, Lirio Morelo, Lina Cantillo, MAZ, ST. DOM, Julieta Su\u00e1rez, Marmolejo Leather, Adriana Capasso, Muzaluci, Pepa Pombo, Sixxta, Agua by Agua, Padova, The Nylon Club, Fenomena y Kaftan.<\/em><\/p>\n<ol style=\"font-weight: 400;\">\n<li><strong>Circuito Quinta Camacho \/ Zona G:<\/strong><\/li>\n<\/ol>\n<p style=\"font-weight: 400;\">Entre la calle 67 y la calle 72<\/p>\n<p style=\"font-weight: 400;\">Este circuito en el coraz\u00f3n gastron\u00f3mico de la ciudad, donde la arquitectura evoca historias del pasado, ofrece espacios llenos de luz que invitan a la contemplaci\u00f3n, creando un entorno propicio para la inspiraci\u00f3n. Los visitantes podr\u00e1n encontrar historias en cada rinc\u00f3n de este circuito.<\/p>\n<p style=\"font-weight: 400;\">Participantes:\u00a0<em>Casa Aainjaa, (Joeg, A New Cross, Soreil Lingerie), Lyenzo, Laura Laurens,\u00a0<\/em><em><u>p a p e l (de punt<\/u><\/em><em><u>\ufe0e)<\/u><\/em><em>\u00a0, Casa Creciente (Aysha Bilgrami y Atelier Crump), Cubel, 9.30 Concept Store, Juan de Dios, Closet Up, Ba Hu\u00e9, Jorge Duque, Adriana Santacruz.<\/em><\/p>\n<ol style=\"font-weight: 400;\">\n<li><strong>Ruta especial de San Victorino:<\/strong><\/li>\n<\/ol>\n<p style=\"font-weight: 400;\">En este sector, la moda se convierte en un lenguaje que habla de historia, comunidad y la rica mezcla de la vida urbana,<\/p>\n<p style=\"font-weight: 400;\">Participantes:\u00a0<em>Centro Comercial Gran San (<\/em><em>Bless Me<\/em><em>,\u00a0<\/em><em>Banomo<\/em><em>,\u00a0<\/em><em>Macabeos<\/em><em>,\u00a0<\/em><em>Mistika<\/em><em>,\u00a0<\/em><em>Nimet, Tejidos Richard<\/em><em>,\u00a0<\/em><em>Zoe Company<\/em><em>) y Centro Comercial Visto (<\/em><em>Bartolomeo<\/em><em>,\u00a0<\/em><em>DOOST, Eli Luxury Jeans, Fazined Jeans, Scrash Jeans, Seven 7, Tejidos WMM<\/em><em>).<\/em><\/p>\n<p style=\"font-weight: 400;\"><u>Horario de salida de rutas:<\/u>\u00a0s\u00e1bado 23 de noviembre<\/p>\n<p style=\"font-weight: 400;\">Centro Felicidad Chapinero-CEFE: 10:00 a.m.<\/p>\n<p style=\"font-weight: 400;\">Centro Felicidad Chapinero-CEFE: 10:00 a.m.<\/p>\n<p style=\"font-weight: 400;\">Centro comercial Gran San: 2:00 p.m.<\/p>\n<p style=\"font-weight: 400;\">Centro comercial Visto: 2:00 p.m.<\/p>\n<ol style=\"font-weight: 400;\">\n<li><strong>Ruta especial de Restrepo:<\/strong><\/li>\n<\/ol>\n<p style=\"font-weight: 400;\">En este barrio, la autenticidad y la comunidad se entrelazan en un baile cotidiano y la calidad de la producci\u00f3n y la confianza en cada creaci\u00f3n son fundamentales. Las manos que dan forma al cuero y los zapatos cuentan historias de tradici\u00f3n y pasi\u00f3n.<\/p>\n<p style=\"font-weight: 400;\">Participantes:\u00a0<em>Sandrelly, San Polos, Santina Boots, Passi, Calzado Or Par, Boterine, Hereje, Le Vursse, El Roble Cinturones, Comercializadora Herreros, OC 59, Santina Boots, Grupo Pera \u2013 Cotizas Peras, Peleter\u00eda Orion, Koppel, Cabripiel, Pero C Pieles.<\/em><\/p>\n<p style=\"font-weight: 400;\"><u>Horario de salida:<\/u>\u00a0viernes 22 de noviembre<\/p>\n<p style=\"font-weight: 400;\">C\u00e1mara de Comercio Sede Chapinero: 8:30 a.m.<\/p>\n<p style=\"font-weight: 400;\">C\u00e1mara de comercio Sede Salitre: 2:00 p.m.<\/p>\n<p style=\"font-weight: 400;\">Otros puntos de inter\u00e9s<\/p>\n<p style=\"font-weight: 400;\">Juan Pablo Socarr\u00e1s en Kambora (Autopista Norte #106 \u2013 5)<br \/>\nGaler\u00eda Sonoro (Carrera 7 #120 \u2013 20)<\/p>\n<p style=\"font-weight: 400;\">Si desea conocer m\u00e1s sobre este evento, por favor consulte nuestras redes sociales y pr\u00f3ximamente el sitio web\u00a0<a href=\"http:\/\/www.bogotafashionweek.com.co\/\" data-saferedirecturl=\"https:\/\/www.google.com\/url?q=http:\/\/www.bogotafashionweek.com.co&amp;source=gmail&amp;ust=1732283740773000&amp;usg=AOvVaw2e94QMoRMuxJhVnRcMJ6Ml\">www.bogotafashionweek.com.co<\/a><\/p>\n<p>&nbsp;<\/p>\n","protected":false},"excerpt":{"rendered":"<p>www.bogotafashionweek.com.co Facebook, Twitter e Instagram: @bogotafashionweek #BFWKND Del 22 del 24 de noviembre la C\u00e1mara de Comercio de Bogot\u00e1 llevar\u00e1 a cabo la primera edici\u00f3n de Bogot\u00e1 Fashion Weekend &#8211; BFWKND en cuatro circuitos de moda en lugares clave como Quinta Camacho \/ Zona G, Zona T, Chapinero Norte y El Chic\u00f3, adem\u00e1s contar\u00e1 con [&hellip;]<\/p>\n","protected":false},"author":1,"featured_media":4039,"comment_status":"open","ping_status":"open","sticky":false,"template":"","format":"standard","meta":{"rop_custom_images_group":[],"rop_custom_messages_group":[],"rop_publish_now":"initial","rop_publish_now_accounts":{"facebook_1821922728178256_102311254498371":""},"rop_publish_now_history":[],"rop_publish_now_status":"pending","footnotes":""},"categories":[4],"tags":[147,30,15],"class_list":["post-4038","post","type-post","status-publish","format-standard","has-post-thumbnail","hentry","category-prensa","tag-camara-de-comercio-de-bogota","tag-periodismo","tag-stcmedios"],"_links":{"self":[{"href":"https:\/\/stcmedios.com\/index.php\/wp-json\/wp\/v2\/posts\/4038","targetHints":{"allow":["GET"]}}],"collection":[{"href":"https:\/\/stcmedios.com\/index.php\/wp-json\/wp\/v2\/posts"}],"about":[{"href":"https:\/\/stcmedios.com\/index.php\/wp-json\/wp\/v2\/types\/post"}],"author":[{"embeddable":true,"href":"https:\/\/stcmedios.com\/index.php\/wp-json\/wp\/v2\/users\/1"}],"replies":[{"embeddable":true,"href":"https:\/\/stcmedios.com\/index.php\/wp-json\/wp\/v2\/comments?post=4038"}],"version-history":[{"count":0,"href":"https:\/\/stcmedios.com\/index.php\/wp-json\/wp\/v2\/posts\/4038\/revisions"}],"wp:featuredmedia":[{"embeddable":true,"href":"https:\/\/stcmedios.com\/index.php\/wp-json\/wp\/v2\/media\/4039"}],"wp:attachment":[{"href":"https:\/\/stcmedios.com\/index.php\/wp-json\/wp\/v2\/media?parent=4038"}],"wp:term":[{"taxonomy":"category","embeddable":true,"href":"https:\/\/stcmedios.com\/index.php\/wp-json\/wp\/v2\/categories?post=4038"},{"taxonomy":"post_tag","embeddable":true,"href":"https:\/\/stcmedios.com\/index.php\/wp-json\/wp\/v2\/tags?post=4038"}],"curies":[{"name":"wp","href":"https:\/\/api.w.org\/{rel}","templated":true}]}}