{"id":402,"date":"2022-07-18T23:56:38","date_gmt":"2022-07-18T23:56:38","guid":{"rendered":"https:\/\/stcmedios.com\/?p=402"},"modified":"2022-07-18T23:56:38","modified_gmt":"2022-07-18T23:56:38","slug":"contraloria-general-fenece-cuentas-de-la-car-cundinamarca","status":"publish","type":"post","link":"https:\/\/stcmedios.com\/index.php\/2022\/07\/18\/contraloria-general-fenece-cuentas-de-la-car-cundinamarca\/","title":{"rendered":"Contralor\u00eda General fenece cuentas de la CAR Cundinamarca"},"content":{"rendered":"<p>Luego de doce a\u00f1os, la Corporaci\u00f3n Aut\u00f3noma Regional de Cundinamarca (CAR), logr\u00f3 nuevamente el fenecimiento de sus cuentas fiscales por parte de la Contralor\u00eda General de la Rep\u00fablica, gracias a la buena calificaci\u00f3n (82%) de la gesti\u00f3n fiscal realizada por la entidad en el manejo de los recursos puestos a su disposici\u00f3n en condiciones de econom\u00eda, eficiencia, eficacia, equidad, efectividad y valoraci\u00f3n de costos ambientales.<\/p>\n<p>&nbsp;<\/p>\n<p>As\u00ed lo dio a conocer el ente de control tras evaluar la ejecuci\u00f3n presupuestal y financiera de la vigencia 2021 de la Corporaci\u00f3n.<\/p>\n<p>\u201c<i>Esto se logra gracias al trabajo articulado entre las diferentes \u00e1reas de la Corporaci\u00f3n: desde la Direcci\u00f3n Financiera, la Oficina de Planeaci\u00f3n, las auditor\u00edas de la Oficina de Control Interno que presenta en sus informes las observaciones para identificar oportunidades de mejora y todas las \u00e1reas que soportan con el cumplimiento de sus acciones\u201d,\u00a0<\/i>dijo el director general de al CAR, Luis Fernando Sanabria Mart\u00ednez.<\/p>\n<p>Luego de varios meses de auditor\u00edas sobre sus cuentas fiscales, la CAR logr\u00f3 el fenecimiento por parte de la Contralor\u00eda sin salvedades. De acuerdo con la entidad los estados financieros de la Corporaci\u00f3n se ajustan con su realidad econ\u00f3mica.<\/p>\n<p>Por su parte, el jefe de la Oficina Asesora de Planeaci\u00f3n de la CAR, Jos\u00e9 Alirio Salinas Bustos, destac\u00f3 el buen resultado que la entidad no obten\u00eda desde hace m\u00e1s de una d\u00e9cada.<\/p>\n<p>\u201c<i>En 2018 la CAR obtuvo una calificaci\u00f3n del 53% de eficiencia, en 2019 fue del 47%, en 2020 ante las dificultades que trajo consigo la pandemia ca\u00edmos al 34%, en 2021 avanzamos de nuevo a 42% y este a\u00f1o logramos 82% de eficiencia<\/i>\u201d, destac\u00f3 el funcionario.<\/p>\n<p>El fenecimiento significa que no se encontraron debilidades frente a los registros contables o la ejecuci\u00f3n presupuestal de la entidad, lo que representa una alta eficiencia en el manejo de sus recursos.<\/p>\n<p>\u201c<i>Nuestro inter\u00e9s es que a partir del cumplimiento de nuestras obligaciones financieras podamos avanzar hacia un territorio realmente sostenible desde lo ambiental. Esto demuestra que somos una entidad transparente y altamente eficiente<\/i>\u201d, asegur\u00f3 el director general de la CAR.<\/p>\n<p>Seg\u00fan el funcionario, la entidad fortaleci\u00f3 las metodolog\u00edas de evaluaci\u00f3n e increment\u00f3 el n\u00famero de auditor\u00edas internas, pasando de evaluar en 2019 siete procesos en un a\u00f1o a un promedio de 42.<\/p>\n<p>\u201c<i>Estamos en constante seguimiento para presentar a los entes de control toda la informaci\u00f3n oportuna que y dem\u00e1s organismos externos nos requieren. Un territorio ambientalmente sostenible tambi\u00e9n se caracteriza por su transparencia\u201d<\/i>, puntualiz\u00f3.<\/p>\n<p>Fuente: Comunicaciones CAR<\/p>\n","protected":false},"excerpt":{"rendered":"<p>Luego de doce a\u00f1os, la Corporaci\u00f3n Aut\u00f3noma Regional de Cundinamarca (CAR), logr\u00f3 nuevamente el fenecimiento de sus cuentas fiscales por parte de la Contralor\u00eda General de la Rep\u00fablica, gracias a la buena calificaci\u00f3n (82%) de la gesti\u00f3n fiscal realizada por la entidad en el manejo de los recursos puestos a su disposici\u00f3n en condiciones de [&hellip;]<\/p>\n","protected":false},"author":1,"featured_media":403,"comment_status":"open","ping_status":"open","sticky":false,"template":"","format":"standard","meta":{"rop_custom_images_group":[],"rop_custom_messages_group":[],"rop_publish_now":"initial","rop_publish_now_accounts":{"facebook_1821922728178256_102311254498371":""},"rop_publish_now_history":[],"rop_publish_now_status":"pending","footnotes":""},"categories":[4],"tags":[],"class_list":["post-402","post","type-post","status-publish","format-standard","has-post-thumbnail","hentry","category-prensa"],"_links":{"self":[{"href":"https:\/\/stcmedios.com\/index.php\/wp-json\/wp\/v2\/posts\/402","targetHints":{"allow":["GET"]}}],"collection":[{"href":"https:\/\/stcmedios.com\/index.php\/wp-json\/wp\/v2\/posts"}],"about":[{"href":"https:\/\/stcmedios.com\/index.php\/wp-json\/wp\/v2\/types\/post"}],"author":[{"embeddable":true,"href":"https:\/\/stcmedios.com\/index.php\/wp-json\/wp\/v2\/users\/1"}],"replies":[{"embeddable":true,"href":"https:\/\/stcmedios.com\/index.php\/wp-json\/wp\/v2\/comments?post=402"}],"version-history":[{"count":0,"href":"https:\/\/stcmedios.com\/index.php\/wp-json\/wp\/v2\/posts\/402\/revisions"}],"wp:featuredmedia":[{"embeddable":true,"href":"https:\/\/stcmedios.com\/index.php\/wp-json\/wp\/v2\/media\/403"}],"wp:attachment":[{"href":"https:\/\/stcmedios.com\/index.php\/wp-json\/wp\/v2\/media?parent=402"}],"wp:term":[{"taxonomy":"category","embeddable":true,"href":"https:\/\/stcmedios.com\/index.php\/wp-json\/wp\/v2\/categories?post=402"},{"taxonomy":"post_tag","embeddable":true,"href":"https:\/\/stcmedios.com\/index.php\/wp-json\/wp\/v2\/tags?post=402"}],"curies":[{"name":"wp","href":"https:\/\/api.w.org\/{rel}","templated":true}]}}