{"id":4013,"date":"2024-11-14T08:00:57","date_gmt":"2024-11-14T08:00:57","guid":{"rendered":"https:\/\/stcmedios.com\/?p=4013"},"modified":"2024-11-15T03:19:06","modified_gmt":"2024-11-15T03:19:06","slug":"deportistas-homenajeados-al-dejar-en-alto-el-nombre-de-zipaquira-en-el-exterior","status":"publish","type":"post","link":"https:\/\/stcmedios.com\/index.php\/2024\/11\/14\/deportistas-homenajeados-al-dejar-en-alto-el-nombre-de-zipaquira-en-el-exterior\/","title":{"rendered":"Deportistas homenajeados al dejar en alto el nombre de Zipaquir\u00e1 en el exterior"},"content":{"rendered":"<p>&nbsp;<\/p>\n<p><span style=\"font-weight: 400;\">El deporte fu\u00e9 centro de atenci\u00f3n con el reconocimiento que el Alcalde de Zipaquir\u00e1 Fab\u00edan Rojas realiz\u00f3 en la Sala de juntas del Despacho Municipal.<\/span><\/p>\n<p><span style=\"font-weight: 400;\">Sandra Milena \u00c1ngel, Luis Duv\u00e1n Rinc\u00f3n, Chrystian Bustos, Waira Bustos, Mar\u00eda Paula Useche y Nikol Andr\u00e9 Motta recibieron un reconocimiento por parte de la administraci\u00f3n al dejar en alto el nombre del municipio durante las diferentes disciplinas que representan en el 2024 ; con un discurso de \u00absinceridad y sin hipocres\u00eda\u00bb el Alcalde Fab\u00edan Rojas exalt\u00f3 la presencia de las ni\u00f1as, mujeres y hombres deportistas que llevaron la bandera de Colombia, Cundinamarca y Zipaquir\u00e1\u00a0 hasta diferentes pa\u00edses, dejando en evidencia que el trabajo duro, esfuerzo y dedicaci\u00f3n rinden frutos.<\/span><\/p>\n<figure id=\"attachment_4015\" aria-describedby=\"caption-attachment-4015\" style=\"width: 169px\" class=\"wp-caption alignleft\"><img loading=\"lazy\" decoding=\"async\" class=\"wp-image-4015 size-medium lazyload\" src=\"data:image\/gif;base64,R0lGODlhAQABAAAAACH5BAEKAAEALAAAAAABAAEAAAICTAEAOw==\" alt=\"\" width=\"169\" height=\"300\" sizes=\"auto, (max-width: 169px) 100vw, 169px\" data-src=\"https:\/\/stcmedios.com\/wp-content\/uploads\/2024\/11\/WhatsApp-Image-2024-11-14-at-4.32.15-PM-1-169x300.jpeg\" data-srcset=\"https:\/\/stcmedios.com\/wp-content\/uploads\/2024\/11\/WhatsApp-Image-2024-11-14-at-4.32.15-PM-1-169x300.jpeg 169w, https:\/\/stcmedios.com\/wp-content\/uploads\/2024\/11\/WhatsApp-Image-2024-11-14-at-4.32.15-PM-1-576x1024.jpeg 576w, https:\/\/stcmedios.com\/wp-content\/uploads\/2024\/11\/WhatsApp-Image-2024-11-14-at-4.32.15-PM-1-768x1365.jpeg 768w, https:\/\/stcmedios.com\/wp-content\/uploads\/2024\/11\/WhatsApp-Image-2024-11-14-at-4.32.15-PM-1-864x1536.jpeg 864w, https:\/\/stcmedios.com\/wp-content\/uploads\/2024\/11\/WhatsApp-Image-2024-11-14-at-4.32.15-PM-1.jpeg 900w\"><figcaption id=\"caption-attachment-4015\" class=\"wp-caption-text\">En la foto: Luis Duv\u00e1n Rinc\u00f3n, campe\u00f3n en MMA<\/figcaption><\/figure>\n<p><span style=\"font-weight: 400;\">En compa\u00f1\u00eda de Carlos Poveda, Gerente del\u00a0 IMCRDZ, Fab\u00edan Rojas hizo entrega de los reconocimientos a cada uno de los deportistas que ganaron oro\u00a0 en disciplinas como MMA, Jiu Jitsu y Taekwondo. Menci\u00f3n especial ser\u00eda para Sandra Milena \u00c1ngel: Campeona Mundial en F\u00fatbol de Campo Amputados, evento deportivo en su primera versi\u00f3n que di\u00f3 por ganadora a la selecci\u00f3n Colombia femenina.<\/span><\/p>\n<p><span style=\"font-weight: 400;\">Tras la lectura del documento entregado en el que se exaltaba la participaci\u00f3n y representaci\u00f3n en la especialidad deportiva de cada participantes una expresi\u00f3n de alegr\u00eda y emoci\u00f3n brillaba con mayor fuerza comparada a las medallas que cada uno de los deportistas portaban con orgullo.<\/span><\/p>\n<p><span style=\"font-weight: 400;\">Algunos de los homenajeados tienen en mente para el 2025 una preparaci\u00f3n igual o mejor que la que realizaron para obtener sus t\u00edtulos, la idea de representar y dejar en alto el nombre no solo de un municipio sino de un pa\u00eds es un evento \u00fanico e importante para cada uno de los deportistas quienes recib\u00edan el homenaje en compa\u00f1\u00eda de\u00a0 sus amigos y familiares, demostrando que el apoyo\u00a0 y la mejor inspiraci\u00f3n deportiva es la familia.<\/span><\/p>\n<figure id=\"attachment_4016\" aria-describedby=\"caption-attachment-4016\" style=\"width: 169px\" class=\"wp-caption alignright\"><img loading=\"lazy\" decoding=\"async\" class=\"wp-image-4016 size-medium lazyload\" src=\"data:image\/gif;base64,R0lGODlhAQABAAAAACH5BAEKAAEALAAAAAABAAEAAAICTAEAOw==\" alt=\"\" width=\"169\" height=\"300\" sizes=\"auto, (max-width: 169px) 100vw, 169px\" data-src=\"https:\/\/stcmedios.com\/wp-content\/uploads\/2024\/11\/WhatsApp-Image-2024-11-14-at-4.32.16-PM-169x300.jpeg\" data-srcset=\"https:\/\/stcmedios.com\/wp-content\/uploads\/2024\/11\/WhatsApp-Image-2024-11-14-at-4.32.16-PM-169x300.jpeg 169w, https:\/\/stcmedios.com\/wp-content\/uploads\/2024\/11\/WhatsApp-Image-2024-11-14-at-4.32.16-PM-576x1024.jpeg 576w, https:\/\/stcmedios.com\/wp-content\/uploads\/2024\/11\/WhatsApp-Image-2024-11-14-at-4.32.16-PM-768x1365.jpeg 768w, https:\/\/stcmedios.com\/wp-content\/uploads\/2024\/11\/WhatsApp-Image-2024-11-14-at-4.32.16-PM-864x1536.jpeg 864w, https:\/\/stcmedios.com\/wp-content\/uploads\/2024\/11\/WhatsApp-Image-2024-11-14-at-4.32.16-PM.jpeg 900w\"><figcaption id=\"caption-attachment-4016\" class=\"wp-caption-text\">En la foto Waira Bustos, oro en Panamericano de JiuJitsu<\/figcaption><\/figure>\n<p><span style=\"font-weight: 400;\">Durante el evento se dio a conocer a los medios de comunicaci\u00f3n presentes que se est\u00e1 realizando una gesti\u00f3n en cabeza de la primera autoridad del municipio y\u00a0 el Instituto Municipal de Cultura, Recreaci\u00f3n y Deporte De Zipaquir\u00e1 \u00a0 bajo la presentaci\u00f3n el pasado martes 12 de noviembre ante el Consejo Municipal un proyecto de ley que, seg\u00fan Carlos Poveda Gerente del\u00a0 IMCRDZ mencion\u00f3 a STC MEDIOS \u00ablogra consolidar el d\u00eda conmemorativo del deportista zipaquire\u00f1o, que a trav\u00e9s de este d\u00eda se pueda estipular como decreto en el municipio\u00bb.<\/span><\/p>\n<p><span style=\"font-weight: 400;\">para establecer \u00abEl d\u00eda del deportista\u00bb como una fecha de celebraci\u00f3n y reconocimiento (galardonado) a los competidores que en cada participaci\u00f3n dejan en alto el nombre de su lugar de origen. Se plantea que este d\u00eda conmemorativo se establezca en una fecha (no definida a\u00fan) en el mes de diciembre, \u00abrespetando los eventos programados calendario\u00bb.<\/span><\/p>\n<p><span style=\"font-weight: 400;\">La emoci\u00f3n y alegr\u00eda que familiares y deportistas reflejaban en sus rostros hace ver que el deporte para Zipaquir\u00e1 avanza con pasos amplios y seguros, camino a potencializar aun m\u00e1s al municipio en materia de deporte, teniendo en mente \u00abesa alianza estrat\u00e9gica con las federaciones , Indeportes, con la Gobernaci\u00f3n de Cundinamarca Y el Ministerio del Deporte en torno a un trabajo en equipo que los llevar\u00e1 al oro.<\/span><\/p>\n<p>Fotograf\u00eda y redacci\u00f3n por:<\/p>\n<p>Katherine Valencia Pedroza<\/p>\n<p>Comunicador social &#8211; Periodista<\/p>\n","protected":false},"excerpt":{"rendered":"<p>&nbsp; El deporte fu\u00e9 centro de atenci\u00f3n con el reconocimiento que el Alcalde de Zipaquir\u00e1 Fab\u00edan Rojas realiz\u00f3 en la Sala de juntas del Despacho Municipal. Sandra Milena \u00c1ngel, Luis Duv\u00e1n Rinc\u00f3n, Chrystian Bustos, Waira Bustos, Mar\u00eda Paula Useche y Nikol Andr\u00e9 Motta recibieron un reconocimiento por parte de la administraci\u00f3n al dejar en alto [&hellip;]<\/p>\n","protected":false},"author":1,"featured_media":4014,"comment_status":"open","ping_status":"open","sticky":false,"template":"","format":"standard","meta":{"rop_custom_images_group":[],"rop_custom_messages_group":[],"rop_publish_now":"initial","rop_publish_now_accounts":{"facebook_1821922728178256_102311254498371":""},"rop_publish_now_history":[],"rop_publish_now_status":"pending","footnotes":""},"categories":[4],"tags":[],"class_list":["post-4013","post","type-post","status-publish","format-standard","has-post-thumbnail","hentry","category-prensa"],"_links":{"self":[{"href":"https:\/\/stcmedios.com\/index.php\/wp-json\/wp\/v2\/posts\/4013","targetHints":{"allow":["GET"]}}],"collection":[{"href":"https:\/\/stcmedios.com\/index.php\/wp-json\/wp\/v2\/posts"}],"about":[{"href":"https:\/\/stcmedios.com\/index.php\/wp-json\/wp\/v2\/types\/post"}],"author":[{"embeddable":true,"href":"https:\/\/stcmedios.com\/index.php\/wp-json\/wp\/v2\/users\/1"}],"replies":[{"embeddable":true,"href":"https:\/\/stcmedios.com\/index.php\/wp-json\/wp\/v2\/comments?post=4013"}],"version-history":[{"count":0,"href":"https:\/\/stcmedios.com\/index.php\/wp-json\/wp\/v2\/posts\/4013\/revisions"}],"wp:featuredmedia":[{"embeddable":true,"href":"https:\/\/stcmedios.com\/index.php\/wp-json\/wp\/v2\/media\/4014"}],"wp:attachment":[{"href":"https:\/\/stcmedios.com\/index.php\/wp-json\/wp\/v2\/media?parent=4013"}],"wp:term":[{"taxonomy":"category","embeddable":true,"href":"https:\/\/stcmedios.com\/index.php\/wp-json\/wp\/v2\/categories?post=4013"},{"taxonomy":"post_tag","embeddable":true,"href":"https:\/\/stcmedios.com\/index.php\/wp-json\/wp\/v2\/tags?post=4013"}],"curies":[{"name":"wp","href":"https:\/\/api.w.org\/{rel}","templated":true}]}}