{"id":4002,"date":"2024-11-14T15:30:12","date_gmt":"2024-11-14T15:30:12","guid":{"rendered":"https:\/\/stcmedios.com\/?p=4002"},"modified":"2024-11-15T14:29:57","modified_gmt":"2024-11-15T14:29:57","slug":"mala-memoria-o-tendencia-moral","status":"publish","type":"post","link":"https:\/\/stcmedios.com\/index.php\/2024\/11\/14\/mala-memoria-o-tendencia-moral\/","title":{"rendered":"\u00bfMala memoria o  tendencia moral?"},"content":{"rendered":"<p>&nbsp;<\/p>\n<p><span style=\"font-weight: 400;\">Dicen que la m\u00fasica es el lenguaje del amor pero \u00faltimamente inspira odio e inconformidad; la canci\u00f3n titulada como antesala a un n\u00famero de celular cualquiera en Colombia (+ 57) a generado gran controversia entre los fan\u00e1ticos del reggaeton pero, a muchos se les olvida que este g\u00e9nero musical no es la primera vez\u00a0 ni el \u00fanico que toca este tipo de tem\u00e1ticas.<\/span><\/p>\n<p>&nbsp;<\/p>\n<p><b><i>Haga memoria\u00a0<\/i><\/b><\/p>\n<p><span style=\"font-weight: 400;\">Desde los inicios del g\u00e9nero los tema que trata son controversiales, de doble sentido y (para algunos) \u201cdoble moral\u201d, pero se les olvida que letras como la <\/span><i><span style=\"font-weight: 400;\">quemona <\/span><\/i><span style=\"font-weight: 400;\">tambi\u00e9n sexualizan a la mujer, incluso aquellas que en los 2000 fueron ni\u00f1as, artista revelaci\u00f3n, como es el caso de Josenid ya trataban temas fuertes,<\/span><span style=\"font-weight: 400;\"> en canciones como <\/span><i><span style=\"font-weight: 400;\">no le pegues,\u00a0 <\/span><\/i><span style=\"font-weight: 400;\">violencia intrafamiliar, <\/span><i><span style=\"font-weight: 400;\">Te voy a olvidar, <\/span><\/i><span style=\"font-weight: 400;\">el desamor de una ni\u00f1a de 12 a\u00f1os que ya no es \u201caquella ni\u00f1a inocente\u201d, \u00bfque vivi\u00f3 desilusiones por sus decepciones?, \u00bfacaso uno piensa en el amor a esa edad?, si, lo puede hacer, pero aqu\u00ed nos presentan una <strong>MENOR DE EDAD<\/strong> que al parecer ha tenido un gran recorrido cuando apenas va iniciar bachillerato.\u00a0<\/span><\/p>\n<p><span style=\"font-weight: 400;\">Ahora cambiemos de g\u00e9nero, veamos la bachata. Sus letras son bastante seductoras y claramente, doble sentido. Canciones como<\/span><i><span style=\"font-weight: 400;\"> propuesta indecente<\/span><\/i><span style=\"font-weight: 400;\"> no se dirigen muy bien a la mujer \u201csi te falto al respeto y luego culpo al alcohol, si levanto tu falda, \u00bfme dar\u00edas el derecho a medir tu sensatez?\u201d; habr\u00e1 algunos que digan \u201cpero aqu\u00ed ya habla de una mujer adulta\u201d, est\u00e1 bien, entonces miremos el merengue con <\/span><i><span style=\"font-weight: 400;\">trece a\u00f1os. <\/span><\/i><span style=\"font-weight: 400;\">Desde su t\u00edtulo nos da la gran pista, la base de la gran controversia que incomoda a muchos, pero cuando sali\u00f3 la canci\u00f3n en el 89 todos la bailaban, la cantaban y se la saben de memoria. Habla de una <strong>NI\u00d1A<\/strong> que trabaja con su cuerpo en una habitaci\u00f3n poco amigable, que por fortuna se encontr\u00f3 con un <strong>HOMBRE ADULTO<\/strong> y adem\u00e1s borracho que escucha su historia tras llevar un tiempo en el lugar porque \u201cel maquillaje la ayud\u00f3 (&#8230;) y la vest\u00ed entera\u201d.<\/span><\/p>\n<p><span style=\"font-weight: 400;\">Para cerrar con letras controversiales tenemos <\/span><i><span style=\"font-weight: 400;\">Al rojo vivo <\/span><\/i><span style=\"font-weight: 400;\">interpretada por Octavio Mesa, que si tiene un tiempo, le invito a escucharla y sacar sus propias conclusiones.\u00a0<\/span><\/p>\n<p><b><i>Eran otros tiempos\u00a0\u00a0<\/i><\/b><\/p>\n<p><span style=\"font-weight: 400;\">Es clara<\/span> <span style=\"font-weight: 400;\">la diferencia de generaciones. Entre finales de los 80 principios de los 2000 se vive la idea de \u201ces una buena letra\u201d, \u201cque canci\u00f3n tan buena\u201d y solo es eso, una canci\u00f3n que busca entretener y que, como muchas otras solo refleja una realidad que se sabe ocurre pero, como \u201cno me pasa a mi\u201d solamente me dedico a disfrutarla, a cantarla en un Karaoke y repetirla una y otra vez en la playlist de preferencia, incluso para muchos es se\u00f1al de que \u201cse puso buena la fiesta\u201d.<\/span><\/p>\n<p><span style=\"font-weight: 400;\">Las nuevas generaciones conocidas como <\/span><i><span style=\"font-weight: 400;\">centennials<\/span><\/i><span style=\"font-weight: 400;\"> o <\/span><i><span style=\"font-weight: 400;\">generaci\u00f3n de cristal<\/span><\/i><span style=\"font-weight: 400;\">, escuchan a cada rato canciones m\u00e1s fuertes e incluso perturbadoras que aquella que nos trajo hasta este punto, incluso los videos musicales son m\u00e1s expl\u00edcitos, tanto, que en algunos pa\u00edses son censurados.<\/span><\/p>\n<p><span style=\"font-weight: 400;\">Aqu\u00ed entramos en un VS de generaciones, \u00e9pocas y gustos en los que millennials y\u00a0 centennials se contraponen por letras de canciones que para aquellos que crecieron con ellas \u201cson buen\u00edsimas\u201d pero quien hasta ahora la escucha la expresi\u00f3n de desagrado en el rostro no tardar\u00e1 en salir a flote.\u00a0<\/span><\/p>\n<p><b><i>\u00bfPol\u00edtica y m\u00fasica?\u00a0<\/i><\/b><\/p>\n<p><span style=\"font-weight: 400;\">La canci\u00f3n +57 ahora es el centro de atenci\u00f3n de todos los recursos que la pol\u00edtica puede ofrecer. Un grupo de congresistas colombianos presentaron una proposici\u00f3n para que el ICBF capacite a los artistas involucrados en la letra ante los derechos de los ni\u00f1os en torno al art\u00edculo 44 de la Constituci\u00f3n Pol\u00edtica.<\/span><\/p>\n<p><span style=\"font-weight: 400;\">\u201cLa familia, la sociedad y el Estado tienen la obligaci\u00f3n de asistir y proteger al ni\u00f1o para garantizar su desarrollo arm\u00f3nico e integral y el ejercicio pleno de sus derechos\u201d<\/span><\/p>\n<p><span style=\"font-weight: 400;\">Adem\u00e1s, se les solicit\u00f3 a los artistas bajar la canci\u00f3n que para la fecha tiene la posici\u00f3n n\u00famero uno en Spotify. Claramente en lugar de ser la contraparte de la canci\u00f3n le est\u00e1n dando un impulso y publicidad gratis a la letra e int\u00e9rpretes. Se han puesto a pensar si cuando salieron las canciones que mencionamos antes \u00bfsolicitaron quitarlas?, claramente esto no fu\u00e9 as\u00ed, hoy en d\u00eda hacen parte de la memoria de muchos e incluso son contenido ideal para los famosos \u00ab14 ca\u00f1onazos\u201d que por estas fechas vuelven a revivir en torno a los bu\u00f1uelos, la natilla y una familia que abarca muchas generaciones, desde la \u201cgeneraci\u00f3n perdida\u201d hasta la generaci\u00f3n Z.<\/span><\/p>\n<p>&nbsp;<\/p>\n<p><b><i>Cambios por presi\u00f3n p\u00fablica\u00a0<\/i><\/b><\/p>\n<p><span style=\"font-weight: 400;\">Aqu\u00ed perfectamente aplica el dicho \u201csali\u00f3 peor el remedio que la enfermedad\u201d. En vista de la controversia que gener\u00f3 la letra de la canci\u00f3n los artistas \u00a1 hicieron el gran cambio ! solo un n\u00famero fu\u00e9 la causa de todo y por eso pasar de fourteen (14)\u00a0 a\u00a0 eighteen (18) es una soluci\u00f3n, con esto volvemos al principio de todo e incluso hasta generado burlas por parte de los internautas quienes ven innecesario el cambio adem\u00e1s de absurdo pues cambiamos la edad pero sigue el problema de fondo.\u00a0<\/span><\/p>\n<p style=\"padding-left: 40px;\"><span style=\"font-weight: 400;\">Es desici\u00f3n de cada quien c\u00f3mo percibe \u201cel cambio\u201d\u00a0 o la letra original pero realmente es un hecho el que este tipo de controversias siempre van a estar ah\u00ed y siempre existir\u00e1 alguien que se oponga a la letra, el tema\u00a0 e incluso el artista, es mejor que la pol\u00edtica se encargue de leyes reales, los amantes de la m\u00fasica de disfrutar su g\u00e9nero predilecto y las generaciones de ver c\u00f3mo las diferencias entre s\u00ed son algo inevitable.\u00a0\u00a0<\/span><\/p>\n<p><span style=\"font-weight: 400;\">Por: Katherine Valencia Pedroza.<\/span><\/p>\n<p><span style=\"font-weight: 400;\">Comunicadora social &#8211; Periodista.<\/span><\/p>\n<p>&nbsp;<\/p>\n","protected":false},"excerpt":{"rendered":"<p>&nbsp; Dicen que la m\u00fasica es el lenguaje del amor pero \u00faltimamente inspira odio e inconformidad; la canci\u00f3n titulada como antesala a un n\u00famero de celular cualquiera en Colombia (+ 57) a generado gran controversia entre los fan\u00e1ticos del reggaeton pero, a muchos se les olvida que este g\u00e9nero musical no es la primera vez\u00a0 [&hellip;]<\/p>\n","protected":false},"author":1,"featured_media":4005,"comment_status":"open","ping_status":"open","sticky":false,"template":"","format":"standard","meta":{"rop_custom_images_group":[],"rop_custom_messages_group":[],"rop_publish_now":"initial","rop_publish_now_accounts":{"facebook_1821922728178256_102311254498371":""},"rop_publish_now_history":[],"rop_publish_now_status":"pending","footnotes":""},"categories":[4],"tags":[],"class_list":["post-4002","post","type-post","status-publish","format-standard","has-post-thumbnail","hentry","category-prensa"],"_links":{"self":[{"href":"https:\/\/stcmedios.com\/index.php\/wp-json\/wp\/v2\/posts\/4002","targetHints":{"allow":["GET"]}}],"collection":[{"href":"https:\/\/stcmedios.com\/index.php\/wp-json\/wp\/v2\/posts"}],"about":[{"href":"https:\/\/stcmedios.com\/index.php\/wp-json\/wp\/v2\/types\/post"}],"author":[{"embeddable":true,"href":"https:\/\/stcmedios.com\/index.php\/wp-json\/wp\/v2\/users\/1"}],"replies":[{"embeddable":true,"href":"https:\/\/stcmedios.com\/index.php\/wp-json\/wp\/v2\/comments?post=4002"}],"version-history":[{"count":0,"href":"https:\/\/stcmedios.com\/index.php\/wp-json\/wp\/v2\/posts\/4002\/revisions"}],"wp:featuredmedia":[{"embeddable":true,"href":"https:\/\/stcmedios.com\/index.php\/wp-json\/wp\/v2\/media\/4005"}],"wp:attachment":[{"href":"https:\/\/stcmedios.com\/index.php\/wp-json\/wp\/v2\/media?parent=4002"}],"wp:term":[{"taxonomy":"category","embeddable":true,"href":"https:\/\/stcmedios.com\/index.php\/wp-json\/wp\/v2\/categories?post=4002"},{"taxonomy":"post_tag","embeddable":true,"href":"https:\/\/stcmedios.com\/index.php\/wp-json\/wp\/v2\/tags?post=4002"}],"curies":[{"name":"wp","href":"https:\/\/api.w.org\/{rel}","templated":true}]}}