{"id":3993,"date":"2024-11-08T15:30:36","date_gmt":"2024-11-08T15:30:36","guid":{"rendered":"https:\/\/stcmedios.com\/?p=3993"},"modified":"2024-11-08T15:30:36","modified_gmt":"2024-11-08T15:30:36","slug":"es-un-exito-que-por-primera-vez-el-mundo-se-reuna-a-hablar-de-la-ninez-directora-icbf","status":"publish","type":"post","link":"https:\/\/stcmedios.com\/index.php\/2024\/11\/08\/es-un-exito-que-por-primera-vez-el-mundo-se-reuna-a-hablar-de-la-ninez-directora-icbf\/","title":{"rendered":"Es un \u00e9xito que por primera vez el mundo se re\u00fana a hablar de la ni\u00f1ez: directora ICBF"},"content":{"rendered":"<div class=\"panel-pane pane-entity-field pane-node-field-resume\">\n<div class=\"pane-content\">\n<div class=\"field field-name-field-resume field-type-text-long field-label-hidden\">\n<div class=\"field-items\">\n<div class=\"field-item even\">Colombia es el epicentro de la Primera Conferencia Ministerial para poner fin a la violencia contra la ni\u00f1ez, iniciativa que re\u00fane a representantes de todo el mundo para impulsar el cambio de pol\u00edticas, cuya apertura estuvo a cargo del presidente de la Rep\u00fablica, Gustavo Petro.<\/div>\n<\/div>\n<\/div>\n<\/div>\n<\/div>\n<div class=\"panel-separator\"><\/div>\n<div class=\"panel-pane pane-entity-field pane-node-field-content\">\n<div class=\"pane-content\">\n<div class=\"field field-name-field-content field-type-text-long field-label-hidden\">\n<div class=\"field-items\">\n<div class=\"field-item even\">En la instalaci\u00f3n del encuentro global, el mandatario de los colombianos\u00a0 expres\u00f3 su preocupaci\u00f3n por todas las formas de violencia contra los ni\u00f1os, ni\u00f1as y adolescentes, haciendo \u00e9nfasis en la importancia de hacer un pacto mundial que integre la protecci\u00f3n de la infancia con un enfoque en la preservaci\u00f3n del medio ambiente. \u201cPrimero las ni\u00f1as y los ni\u00f1os\u201d, recalc\u00f3.<\/p>\n<p>Por su parte, la directora general del Instituto Colombiano de Bienestar Familiar (ICBF), Astrid C\u00e1ceres C\u00e1rdenas, expres\u00f3 que \u201ces un \u00e9xito que por primera vez el mundo se re\u00fana para hablar de violencias contra la ni\u00f1ez, porque lo hace para abordar otros temas, pero la agenda de ni\u00f1ez siempre es secundaria, ah\u00ed radica la importancia de reunir a\u00a0 m\u00e1s 144 ministras y ministros en Bogot\u00e1 y ponerlos al servicio de la ni\u00f1ez\u201d.<\/p>\n<p>Gracias a un acuerdo entre el gobierno de Colombia, el gobierno de Suiza, la sociedad civil, Naciones Unidas, la Organizaci\u00f3n Mundial de la Salud, Unicef y otras organizaciones internacionales, fue posible realizar este encuentro mundial que tejer\u00e1 alianzas estrat\u00e9gicas con el objetivo de generar impactos significativos para la ni\u00f1ez.<\/p>\n<p>\u201cQue el movimiento de sobrevivientes que ya son j\u00f3venes y que han pasado por violencias se unifique en el mundo y levante su voz. Lo segundo es que se tiene que hacer una declaraci\u00f3n que permita al mundo visibilizar c\u00f3mo las pol\u00edticas y c\u00f3mo las decisiones pol\u00edticas est\u00e1n afectando las ni\u00f1as y los ni\u00f1os\u201d, explic\u00f3 Astrid C\u00e1ceres C\u00e1rdenas.<\/p>\n<p>De igual forma, el canciller Luis Gilberto Murillo destac\u00f3 el liderazgo del presidente de la Rep\u00fablica, Gustavo Petro, y la vicepresidente, Francia M\u00e1rquez, as\u00ed como de la directora general del Instituto Colombiano de Bienestar Familiar, Astrid C\u00e1ceres, en la b\u00fasqueda de acciones en favor de la ni\u00f1ez colombiana.<\/p>\n<p>\u201cEs la primera vez que nos encontramos en el contexto global para hablar sobre un tema tan importante como es el fin a la violencia contra la ni\u00f1ez. Recibimos a m\u00e1s de 1400 personas en esta conferencia. Actualmente m\u00e1s de la mitad de los ni\u00f1os y ni\u00f1as del mundo sufren alg\u00fan tipo de violencia, m\u00e1s de 100 millones de casos en el mundo, esta situaci\u00f3n es devastadora porque les impide a estos ni\u00f1os y ni\u00f1as vivir en condiciones de normalidad\u201d, se\u00f1al\u00f3 el Canciller.<\/p>\n<p>Para la ministra de Servicios Sociales de Suecia, Camila Waltersson Gro\u0308nvall, esta conferencia debe servir para que se tomen acciones efectivas que permitan acabar con las violencias contra los ni\u00f1os, ni\u00f1as y adolescentes del mundo. \u201cLos ni\u00f1os en el mundo siguen sufriendo la violencia hoy en 2024, tenemos 5 a\u00f1os hasta el 2030 para cumplir los Objetivos de Desarrollo del Milenio incluyendo el objetivo 16.2 para terminar toda forma de violencia contra la ni\u00f1ez, ning\u00fan ni\u00f1o deber\u00eda ser v\u00edctima de la violencia\u201d, dijo.<\/p>\n<p>A su turno la representante Especial del Secretario General sobre la Violencia contra los Ni\u00f1os, Najat Maalla M&#8217;jid, sostuvo que en el mundo la violencia no es aceptable contra los ni\u00f1os, y se puede prevenir, \u201ctenemos una responsabilidad para implementar programas basados en la evidencia para prevenir de forma efectiva\u201d.<\/p>\n<p>Indic\u00f3 que \u201csabemos que la violencia contra los ni\u00f1os tiene un costo humano muy elevado. Nos reunimos para encontrar alianzas, pero la pregunta es \u00bfestamos seguros que esta conferencia va a terminar con las violencias contra los ni\u00f1os? Espero que al final de esta conferencia los compromisos se traduzcan en acciones concretas, voy a mover lo que pueda mover con los Estados y los colegas sirviendo para que nos conectemos juntos\u201d, indic\u00f3.<\/p>\n<p>El encuentro tambi\u00e9n cont\u00f3 con la presencia la vicepresidente de la Rep\u00fablica, Francia M\u00e1rquez y el ministro de Salud, Guillermo Alfonso Jaramillo, entre otros integrantes del gobierno nacional.<\/p><\/div>\n<\/div>\n<\/div>\n<\/div>\n<\/div>\n","protected":false},"excerpt":{"rendered":"<p>Colombia es el epicentro de la Primera Conferencia Ministerial para poner fin a la violencia contra la ni\u00f1ez, iniciativa que re\u00fane a representantes de todo el mundo para impulsar el cambio de pol\u00edticas, cuya apertura estuvo a cargo del presidente de la Rep\u00fablica, Gustavo Petro. En la instalaci\u00f3n del encuentro global, el mandatario de los [&hellip;]<\/p>\n","protected":false},"author":1,"featured_media":3994,"comment_status":"open","ping_status":"open","sticky":false,"template":"","format":"standard","meta":{"rop_custom_images_group":[],"rop_custom_messages_group":[],"rop_publish_now":"initial","rop_publish_now_accounts":{"facebook_1821922728178256_102311254498371":""},"rop_publish_now_history":[],"rop_publish_now_status":"pending","footnotes":""},"categories":[4],"tags":[133],"class_list":["post-3993","post","type-post","status-publish","format-standard","has-post-thumbnail","hentry","category-prensa","tag-icbf"],"_links":{"self":[{"href":"https:\/\/stcmedios.com\/index.php\/wp-json\/wp\/v2\/posts\/3993","targetHints":{"allow":["GET"]}}],"collection":[{"href":"https:\/\/stcmedios.com\/index.php\/wp-json\/wp\/v2\/posts"}],"about":[{"href":"https:\/\/stcmedios.com\/index.php\/wp-json\/wp\/v2\/types\/post"}],"author":[{"embeddable":true,"href":"https:\/\/stcmedios.com\/index.php\/wp-json\/wp\/v2\/users\/1"}],"replies":[{"embeddable":true,"href":"https:\/\/stcmedios.com\/index.php\/wp-json\/wp\/v2\/comments?post=3993"}],"version-history":[{"count":0,"href":"https:\/\/stcmedios.com\/index.php\/wp-json\/wp\/v2\/posts\/3993\/revisions"}],"wp:featuredmedia":[{"embeddable":true,"href":"https:\/\/stcmedios.com\/index.php\/wp-json\/wp\/v2\/media\/3994"}],"wp:attachment":[{"href":"https:\/\/stcmedios.com\/index.php\/wp-json\/wp\/v2\/media?parent=3993"}],"wp:term":[{"taxonomy":"category","embeddable":true,"href":"https:\/\/stcmedios.com\/index.php\/wp-json\/wp\/v2\/categories?post=3993"},{"taxonomy":"post_tag","embeddable":true,"href":"https:\/\/stcmedios.com\/index.php\/wp-json\/wp\/v2\/tags?post=3993"}],"curies":[{"name":"wp","href":"https:\/\/api.w.org\/{rel}","templated":true}]}}