{"id":3957,"date":"2024-11-02T13:33:48","date_gmt":"2024-11-02T13:33:48","guid":{"rendered":"https:\/\/stcmedios.com\/?p=3957"},"modified":"2024-11-02T13:34:19","modified_gmt":"2024-11-02T13:34:19","slug":"la-fao-lanza-iniciativa-mundial-para-acelerar-la-integracion-de-la-biodiversidad-en-los-sistemas-agroalimentarios","status":"publish","type":"post","link":"https:\/\/stcmedios.com\/index.php\/2024\/11\/02\/la-fao-lanza-iniciativa-mundial-para-acelerar-la-integracion-de-la-biodiversidad-en-los-sistemas-agroalimentarios\/","title":{"rendered":"La FAO lanza iniciativa mundial para acelerar la integraci\u00f3n de la biodiversidad en los sistemas agroalimentarios"},"content":{"rendered":"<p style=\"font-weight: 400;\"><strong><em>Biodiversidad, agricultura y alimentaci\u00f3n, conexiones ecosist\u00e9micas que resguardan la vida<\/em><\/strong><\/p>\n<p style=\"font-weight: 400; text-align: center;\"><img loading=\"lazy\" decoding=\"async\" class=\"alignnone wp-image-3953 lazyload\" src=\"data:image\/gif;base64,R0lGODlhAQABAAAAACH5BAEKAAEALAAAAAABAAEAAAICTAEAOw==\" alt=\"\" width=\"580\" height=\"327\" sizes=\"auto, (max-width: 580px) 100vw, 580px\" data-src=\"https:\/\/stcmedios.com\/wp-content\/uploads\/2024\/11\/image005-300x169.jpg\" data-srcset=\"https:\/\/stcmedios.com\/wp-content\/uploads\/2024\/11\/image005-300x169.jpg 300w, https:\/\/stcmedios.com\/wp-content\/uploads\/2024\/11\/image005-1024x576.jpg 1024w, https:\/\/stcmedios.com\/wp-content\/uploads\/2024\/11\/image005-768x432.jpg 768w, https:\/\/stcmedios.com\/wp-content\/uploads\/2024\/11\/image005-1536x864.jpg 1536w, https:\/\/stcmedios.com\/wp-content\/uploads\/2024\/11\/image005-2048x1153.jpg 2048w\"> <img loading=\"lazy\" decoding=\"async\" class=\"alignnone wp-image-3954 lazyload\" src=\"data:image\/gif;base64,R0lGODlhAQABAAAAACH5BAEKAAEALAAAAAABAAEAAAICTAEAOw==\" alt=\"\" width=\"583\" height=\"326\" sizes=\"auto, (max-width: 583px) 100vw, 583px\" data-src=\"https:\/\/stcmedios.com\/wp-content\/uploads\/2024\/11\/image004-300x168.jpg\" data-srcset=\"https:\/\/stcmedios.com\/wp-content\/uploads\/2024\/11\/image004-300x168.jpg 300w, https:\/\/stcmedios.com\/wp-content\/uploads\/2024\/11\/image004-1024x575.jpg 1024w, https:\/\/stcmedios.com\/wp-content\/uploads\/2024\/11\/image004-768x431.jpg 768w, https:\/\/stcmedios.com\/wp-content\/uploads\/2024\/11\/image004-1536x862.jpg 1536w, https:\/\/stcmedios.com\/wp-content\/uploads\/2024\/11\/image004-2048x1150.jpg 2048w\"><\/p>\n<ul style=\"font-weight: 400;\">\n<li><strong><em>FAO, MinAgricultura y MinAmbiente se unen para lanzar la Iniciativa Agri-NBSAPs en el marco de la COP16. Contribuciones para incorporar la biodiversidad como elemento fundamental en los sistemas agroalimentarios.<\/em><\/strong><\/li>\n<li><strong><em>Es necesario encontrar soluciones a la degradaci\u00f3n de ecosistemas y recursos naturales ocasionados por la producci\u00f3n alimentaria.<\/em><\/strong><\/li>\n<li><strong><em>Problemas como la erosi\u00f3n, pueden causar hasta un 50 % de p\u00e9rdidas en el rendimiento de las cosechas.<\/em><\/strong><\/li>\n<li><strong><em>Se estima que ser\u00e1 necesaria la optimizaci\u00f3n del agua para producir el 60 % de los alimentos calculados a 2050 para 9 000 millones de personas en el mundo.<\/em><\/strong><\/li>\n<\/ul>\n<p style=\"font-weight: 400;\">Con la presencia de la se\u00f1ora Astrid Schomaker, Secretaria Ejecutiva de la Convenio sobre la Diversidad Biol\u00f3gica (CDB), el se\u00f1or Mauricio Cabrera, Viceministro de Medio Ambiente de Colombia, y representantes de diferentes pa\u00edses, la delegaci\u00f3n de la Organizaci\u00f3n de las Naciones Unidas para la Alimentaci\u00f3n y la Agricultura (FAO) present\u00f3 la\u00a0<a href=\"https:\/\/openknowledge.fao.org\/items\/1b59cb34-125f-4ba8-84f7-fedc2bac04a0\" data-saferedirecturl=\"https:\/\/www.google.com\/url?q=https:\/\/openknowledge.fao.org\/items\/1b59cb34-125f-4ba8-84f7-fedc2bac04a0&amp;source=gmail&amp;ust=1730639859538000&amp;usg=AOvVaw1yopK8kNOFMBmAfWv7cy4k\">Iniciativa de Apoyo AGRI-NBSAPs<\/a>\u00a0(National Biodiversity Strategies and Action Plans), que busca ayudar a los pa\u00edses a identificar, integrar e implementar soluciones agroalimentarias respetuosas con la biodiversidad en los procesos nacionales de planificaci\u00f3n y presupuestaci\u00f3n, como contribuci\u00f3n a sus estrategias y planes de acci\u00f3n nacionales sobre la diversidad biol\u00f3gica.<\/p>\n<p style=\"font-weight: 400;\">\u201cNecesitamos un di\u00e1logo mucho m\u00e1s inclusivo en la necesidad de reconciliar la producci\u00f3n alimentaria con la sostenibilidad. Debemos conversar y llegar a un consenso sobre c\u00f3mo el consumo y la producci\u00f3n insostenibles de alimentos tienen que cambiar. Como reducir el desperdicio de alimentos que est\u00e1 superando otras crisis\u201d, se\u00f1al\u00f3 la Secretaria Ejecutiva de la CBD, Astrid Schomaker.<\/p>\n<p style=\"font-weight: 400;\">El se\u00f1or Godfrey Magwenzi, Director de Gabinete y l\u00edder de la delegaci\u00f3n de la FAO, integrada por la se\u00f1ora Mar\u00eda Helena Semedo, exdirectora adjunta; y el Se\u00f1or Embajador Marcel Beukeboom, de la Representaci\u00f3n Permanente ante la FAO por el Reino del Pa\u00edses Bajos; destac\u00f3 que de acuerdo con las metas del Objetivo de Desarrollo Sostenible n\u00famero dos: Hambre Cero, la Organizaci\u00f3n trabaja en pro de la reducci\u00f3n del hambre, garantizar la seguridad alimentaria y mejorar la nutrici\u00f3n, a la vez que se promueve la agricultura sostenible.<\/p>\n<p style=\"font-weight: 400;\">Por su parte, el Viceministro Cabrera anunci\u00f3 agreg\u00f3 que \u201cnecesitamos sinergias entre sectores para implementar pr\u00e1cticas agr\u00edcolas amigables con la biodiversidad, as\u00ed como el contar con pol\u00edticas vigentes y la capacitaci\u00f3n de las instituciones nacionales y a productores\u201d.<\/p>\n<p style=\"font-weight: 400;\">\u201cSiendo la biodiversidad la piedra angular de nuestros sistemas agr\u00edcolas, hoy presentamos la iniciativa Agri-NBSAPs, pues estamos frente a un escenario de suma importancia: si la biodiversidad disminuye, corremos el riesgo de perder nuestra capacidad de alimentar al mundo de forma sostenible, saludable y nutritiva\u201d, agreg\u00f3 Magwenzi.<\/p>\n<p style=\"font-weight: 400;\">La iniciativa Agri-NBSAPs brindar\u00e1 apoyo espec\u00edfico a los gobiernos en sus esfuerzos por identificar e implementar acciones en los sistemas agroalimentarios que les permitan cumplir con los compromisos en materia de biodiversidad descritos en sus planes de acci\u00f3n nacionales sobre la diversidad biol\u00f3gica. Este apoyo se centra en la capacidad institucional, la coherencia de las pol\u00edticas, la participaci\u00f3n de las partes interesadas, la generaci\u00f3n de conocimientos y el acceso a la financiaci\u00f3n.<\/p>\n<p style=\"font-weight: 400;\">Hasta el momento la FAO ha brindado apoyo t\u00e9cnico y financiero a m\u00e1s de 40 pa\u00edses en el desarrollo e implementaci\u00f3n de sus estrategias y planes de acci\u00f3n nacionales sobre biodiversidad, y seguimos recibiendo solicitudes de pa\u00edses para el asesoramiento pol\u00edtico, la asistencia t\u00e9cnica y las pr\u00e1cticas de integraci\u00f3n en sus Planes Nacionales\u201d, dijo el Director de Gabinete de la FAO.<\/p>\n<p style=\"font-weight: 400;\">Pronunciamiento que fue avalado por el Embajador Marcel Beukeboom, de la Representaci\u00f3n Permanente ante la FAO por el Reino de los Pa\u00edses Bajos, afirmando que \u201ceste es un importante paso adelante en nuestros esfuerzos colectivos para cumplir con el objetivo del Marco Global de Biodiversidad de Kunming-Montreal\u201d.<\/p>\n<p style=\"font-weight: 400;\"><strong>\u00bfPor qu\u00e9 es importante hablar de biodiversidad en la producci\u00f3n agroalimentaria?<\/strong><\/p>\n<p style=\"font-weight: 400;\">Aunque los sistemas agroalimentarios son contemplados como elemento clave en el Plan de Biodiversidad, adoptado en la Conferencia de las Naciones Unidas sobre la Biodiversidad de 2022, reciben en gran medida una atenci\u00f3n limitada en el desarrollo y la aplicaci\u00f3n de pol\u00edticas de biodiversidad, incluidas las Estrategias Nacionales de Biodiversidad y Planes de Acci\u00f3n (NBSAPs, por sus siglas en ingl\u00e9s).<\/p>\n<p style=\"font-weight: 400;\">Los sectores agroalimentarios (agricultura, ganader\u00eda, pesca, acuicultura y actividad forestal) dependen de la biodiversidad y de los servicios ecosist\u00e9micos que esta proporciona. Sin embargo, su funcionamiento actual es insostenible. Contribuyen a un tercio de las emisiones de gases de efecto invernadero (GEI) y a la p\u00e9rdida de biodiversidad, a trav\u00e9s de la deforestaci\u00f3n, la contaminaci\u00f3n y la sobreexplotaci\u00f3n de especies, entre otras.<\/p>\n<p style=\"font-weight: 400;\">Los suelos, por ejemplo, presentan problemas como la erosi\u00f3n, que pueden causar hasta un 50 % de p\u00e9rdidas en el rendimiento de las cosechas, lo que repercute en los medios de vida de los agricultores, en nuestro medio ambiente, la agricultura y la alimentaci\u00f3n.<\/p>\n<p style=\"font-weight: 400;\">En relaci\u00f3n con el agua, la agricultura se enfrenta a retos complejos de aqu\u00ed al 2050 para alimentar a una poblaci\u00f3n que alcanzar\u00e1 9 000 millones de personas. Se estima que se necesitar\u00e1 m\u00e1s agua para producir el 60 % de los alimentos adicionales que se calcula ser\u00e1n necesarios, problem\u00e1tica que afecta actualmente a 2 400 millones de personas que viven en pa\u00edses sometidos a estr\u00e9s h\u00eddrico.<\/p>\n<p style=\"font-weight: 400;\">Otra de las preocupaciones est\u00e1 en la deforestaci\u00f3n. De acuerdo con cifras de la FAO, cada a\u00f1o 10\u202fmillones de hect\u00e1reas a de bosques se pierden debida a esta. Mejorar la capacidad de respuesta de los gobiernos y comunidades es esencial para adelantar acciones como el monitoreo, el cierre de la frontera agr\u00edcola con el Manejo Forestal Sostenible de productos maderables y no maderables, y el fortalecimiento de la gobernanza territorial.<\/p>\n","protected":false},"excerpt":{"rendered":"<p>Biodiversidad, agricultura y alimentaci\u00f3n, conexiones ecosist\u00e9micas que resguardan la vida FAO, MinAgricultura y MinAmbiente se unen para lanzar la Iniciativa Agri-NBSAPs en el marco de la COP16. Contribuciones para incorporar la biodiversidad como elemento fundamental en los sistemas agroalimentarios. Es necesario encontrar soluciones a la degradaci\u00f3n de ecosistemas y recursos naturales ocasionados por la producci\u00f3n [&hellip;]<\/p>\n","protected":false},"author":1,"featured_media":3955,"comment_status":"open","ping_status":"open","sticky":false,"template":"","format":"standard","meta":{"rop_custom_images_group":[],"rop_custom_messages_group":[],"rop_publish_now":"initial","rop_publish_now_accounts":{"facebook_1821922728178256_102311254498371":""},"rop_publish_now_history":[],"rop_publish_now_status":"pending","footnotes":""},"categories":[4],"tags":[],"class_list":["post-3957","post","type-post","status-publish","format-standard","has-post-thumbnail","hentry","category-prensa"],"_links":{"self":[{"href":"https:\/\/stcmedios.com\/index.php\/wp-json\/wp\/v2\/posts\/3957","targetHints":{"allow":["GET"]}}],"collection":[{"href":"https:\/\/stcmedios.com\/index.php\/wp-json\/wp\/v2\/posts"}],"about":[{"href":"https:\/\/stcmedios.com\/index.php\/wp-json\/wp\/v2\/types\/post"}],"author":[{"embeddable":true,"href":"https:\/\/stcmedios.com\/index.php\/wp-json\/wp\/v2\/users\/1"}],"replies":[{"embeddable":true,"href":"https:\/\/stcmedios.com\/index.php\/wp-json\/wp\/v2\/comments?post=3957"}],"version-history":[{"count":0,"href":"https:\/\/stcmedios.com\/index.php\/wp-json\/wp\/v2\/posts\/3957\/revisions"}],"wp:featuredmedia":[{"embeddable":true,"href":"https:\/\/stcmedios.com\/index.php\/wp-json\/wp\/v2\/media\/3955"}],"wp:attachment":[{"href":"https:\/\/stcmedios.com\/index.php\/wp-json\/wp\/v2\/media?parent=3957"}],"wp:term":[{"taxonomy":"category","embeddable":true,"href":"https:\/\/stcmedios.com\/index.php\/wp-json\/wp\/v2\/categories?post=3957"},{"taxonomy":"post_tag","embeddable":true,"href":"https:\/\/stcmedios.com\/index.php\/wp-json\/wp\/v2\/tags?post=3957"}],"curies":[{"name":"wp","href":"https:\/\/api.w.org\/{rel}","templated":true}]}}