{"id":3939,"date":"2024-11-01T21:49:33","date_gmt":"2024-11-01T21:49:33","guid":{"rendered":"https:\/\/stcmedios.com\/?p=3939"},"modified":"2024-11-01T21:49:50","modified_gmt":"2024-11-01T21:49:50","slug":"comerciantes-a-postularse-para-la-primera-feria-del-restrepo-en-el-parque-de-la-93","status":"publish","type":"post","link":"https:\/\/stcmedios.com\/index.php\/2024\/11\/01\/comerciantes-a-postularse-para-la-primera-feria-del-restrepo-en-el-parque-de-la-93\/","title":{"rendered":"Comerciantes, a postularse para la  primera Feria del Restrepo en el Parque de la 93"},"content":{"rendered":"<ul>\n<li style=\"font-weight: 400;\" aria-level=\"1\"><i><span style=\"font-weight: 400;\">La actividad, que no tendr\u00e1 costo, es liderada por la CCB y cuenta con el apoyo de la Alcald\u00eda Local de Antonio Nari\u00f1o, la Alcald\u00eda Mayor de Bogot\u00e1 y la Asociaci\u00f3n Amigos del Parque 93.\u00a0<\/span><\/i><\/li>\n<li style=\"font-weight: 400;\" aria-level=\"1\"><i><span style=\"font-weight: 400;\">Las inscripciones para las empresas del barrio Restrepo interesadas en participar en la Feria estar\u00e1n activas hasta el pr\u00f3ximo 1\u00b0 de noviembre en el siguiente link: <\/span><\/i><a href=\"https:\/\/forms.office.com\/r\/1gXyRjziXr\"><b><i>https:\/\/forms.office.com\/r\/1gXyRjziXr<\/i><\/b><\/a><\/li>\n<\/ul>\n<p><span style=\"font-weight: 400;\">a C\u00e1mara de Comercio de Bogot\u00e1 (CCB) llevar\u00e1 a cabo del 15 al 17 de noviembre del presente a\u00f1o una feria comercial en el exclusivo Parque de la 93, en la que los comerciantes del tradicional barrio Restrepo tendr\u00e1n la oportunidad de poner en marcha la temporada de fin de a\u00f1o exhibiendo su oferta de cuero, calzado, marroquiner\u00eda y afines.\u00a0<\/span><\/p>\n<p><span style=\"font-weight: 400;\">La actividad, que no tendr\u00e1 costo, es liderada por la CCB y cuenta con el apoyo de la Alcald\u00eda Local de Antonio Nari\u00f1o, la Alcald\u00eda Mayor de Bogot\u00e1 y la Asociaci\u00f3n Amigos del Parque 93.\u00a0<\/span><\/p>\n<p><span style=\"font-weight: 400;\">Los empresarios interesados en postularse a la Feria deben cumplir con los siguientes requisitos: contar con registro mercantil renovado al a\u00f1o 2024; ser fabricante del sector de cuero, calzado y marroquiner\u00eda y afines de la localidad de Antonio Nari\u00f1o; y disponer de los productos y el personal necesario para atender la Feria del 15 al 17 de noviembre, entre las 10 a.m. y las 9 p.m.<\/span><\/p>\n<p><span style=\"font-weight: 400;\">Ovidio Claros Polanco, presidente de la C\u00e1mara de Comercio de Bogot\u00e1, dijo que \u201cEsta Feria en el Parque de la 93 es una actividad que ratifica nuestro compromiso con el crecimiento empresarial de la econom\u00eda popular y confirma nuestra apuesta en favor de los comerciantes de Restrepo, as\u00ed como la de los diferentes sectores de la econom\u00eda de Bogot\u00e1 y la regi\u00f3n. Desde la CCB consideramos que esta es una gran oportunidad para que los comerciantes de este tradicional barrio capitalino ampl\u00eden su mercado, generen ventas adicionales y conquisten una nueva audiencia para sus productos\u201d.<\/span><\/p>\n<p><img loading=\"lazy\" decoding=\"async\" class=\"alignnone size-medium wp-image-3940 lazyload\" src=\"data:image\/gif;base64,R0lGODlhAQABAAAAACH5BAEKAAEALAAAAAABAAEAAAICTAEAOw==\" alt=\"\" width=\"300\" height=\"200\" sizes=\"auto, (max-width: 300px) 100vw, 300px\" data-src=\"https:\/\/stcmedios.com\/wp-content\/uploads\/2024\/11\/Fotos-Cortesia-de-la-CCB-14-300x200.jpg\" data-srcset=\"https:\/\/stcmedios.com\/wp-content\/uploads\/2024\/11\/Fotos-Cortesia-de-la-CCB-14-300x200.jpg 300w, https:\/\/stcmedios.com\/wp-content\/uploads\/2024\/11\/Fotos-Cortesia-de-la-CCB-14-1024x682.jpg 1024w, https:\/\/stcmedios.com\/wp-content\/uploads\/2024\/11\/Fotos-Cortesia-de-la-CCB-14-768x512.jpg 768w, https:\/\/stcmedios.com\/wp-content\/uploads\/2024\/11\/Fotos-Cortesia-de-la-CCB-14-1536x1023.jpg 1536w, https:\/\/stcmedios.com\/wp-content\/uploads\/2024\/11\/Fotos-Cortesia-de-la-CCB-14-2048x1364.jpg 2048w\"> <img loading=\"lazy\" decoding=\"async\" class=\"alignnone size-medium wp-image-3942 lazyload\" src=\"data:image\/gif;base64,R0lGODlhAQABAAAAACH5BAEKAAEALAAAAAABAAEAAAICTAEAOw==\" alt=\"\" width=\"300\" height=\"200\" sizes=\"auto, (max-width: 300px) 100vw, 300px\" data-src=\"https:\/\/stcmedios.com\/wp-content\/uploads\/2024\/11\/Fotos-Cortesia-de-la-CCB-12-300x200.jpg\" data-srcset=\"https:\/\/stcmedios.com\/wp-content\/uploads\/2024\/11\/Fotos-Cortesia-de-la-CCB-12-300x200.jpg 300w, https:\/\/stcmedios.com\/wp-content\/uploads\/2024\/11\/Fotos-Cortesia-de-la-CCB-12-1024x683.jpg 1024w, https:\/\/stcmedios.com\/wp-content\/uploads\/2024\/11\/Fotos-Cortesia-de-la-CCB-12-768x513.jpg 768w, https:\/\/stcmedios.com\/wp-content\/uploads\/2024\/11\/Fotos-Cortesia-de-la-CCB-12-1536x1025.jpg 1536w, https:\/\/stcmedios.com\/wp-content\/uploads\/2024\/11\/Fotos-Cortesia-de-la-CCB-12-2048x1367.jpg 2048w\"> <img loading=\"lazy\" decoding=\"async\" class=\"alignnone size-medium wp-image-3943 lazyload\" src=\"data:image\/gif;base64,R0lGODlhAQABAAAAACH5BAEKAAEALAAAAAABAAEAAAICTAEAOw==\" alt=\"\" width=\"300\" height=\"200\" sizes=\"auto, (max-width: 300px) 100vw, 300px\" data-src=\"https:\/\/stcmedios.com\/wp-content\/uploads\/2024\/11\/Fotos-Cortesia-de-la-CCB-10-300x200.jpg\" data-srcset=\"https:\/\/stcmedios.com\/wp-content\/uploads\/2024\/11\/Fotos-Cortesia-de-la-CCB-10-300x200.jpg 300w, https:\/\/stcmedios.com\/wp-content\/uploads\/2024\/11\/Fotos-Cortesia-de-la-CCB-10-1024x683.jpg 1024w, https:\/\/stcmedios.com\/wp-content\/uploads\/2024\/11\/Fotos-Cortesia-de-la-CCB-10-768x512.jpg 768w, https:\/\/stcmedios.com\/wp-content\/uploads\/2024\/11\/Fotos-Cortesia-de-la-CCB-10-1536x1024.jpg 1536w\"> <img loading=\"lazy\" decoding=\"async\" class=\"alignnone size-medium wp-image-3945 lazyload\" src=\"data:image\/gif;base64,R0lGODlhAQABAAAAACH5BAEKAAEALAAAAAABAAEAAAICTAEAOw==\" alt=\"\" width=\"300\" height=\"200\" sizes=\"auto, (max-width: 300px) 100vw, 300px\" data-src=\"https:\/\/stcmedios.com\/wp-content\/uploads\/2024\/11\/Fotos-Cortesia-de-la-CCB-11-300x200.jpg\" data-srcset=\"https:\/\/stcmedios.com\/wp-content\/uploads\/2024\/11\/Fotos-Cortesia-de-la-CCB-11-300x200.jpg 300w, https:\/\/stcmedios.com\/wp-content\/uploads\/2024\/11\/Fotos-Cortesia-de-la-CCB-11-1024x683.jpg 1024w, https:\/\/stcmedios.com\/wp-content\/uploads\/2024\/11\/Fotos-Cortesia-de-la-CCB-11-768x512.jpg 768w, https:\/\/stcmedios.com\/wp-content\/uploads\/2024\/11\/Fotos-Cortesia-de-la-CCB-11-1536x1024.jpg 1536w, https:\/\/stcmedios.com\/wp-content\/uploads\/2024\/11\/Fotos-Cortesia-de-la-CCB-11-2048x1365.jpg 2048w\"> <img loading=\"lazy\" decoding=\"async\" class=\"alignnone size-medium wp-image-3946 lazyload\" src=\"data:image\/gif;base64,R0lGODlhAQABAAAAACH5BAEKAAEALAAAAAABAAEAAAICTAEAOw==\" alt=\"\" width=\"300\" height=\"200\" sizes=\"auto, (max-width: 300px) 100vw, 300px\" data-src=\"https:\/\/stcmedios.com\/wp-content\/uploads\/2024\/11\/Fotos-Cortesia-de-la-CCB-1-1-300x200.jpg\" data-srcset=\"https:\/\/stcmedios.com\/wp-content\/uploads\/2024\/11\/Fotos-Cortesia-de-la-CCB-1-1-300x200.jpg 300w, https:\/\/stcmedios.com\/wp-content\/uploads\/2024\/11\/Fotos-Cortesia-de-la-CCB-1-1-1024x683.jpg 1024w, https:\/\/stcmedios.com\/wp-content\/uploads\/2024\/11\/Fotos-Cortesia-de-la-CCB-1-1-768x513.jpg 768w, https:\/\/stcmedios.com\/wp-content\/uploads\/2024\/11\/Fotos-Cortesia-de-la-CCB-1-1-1536x1025.jpg 1536w, https:\/\/stcmedios.com\/wp-content\/uploads\/2024\/11\/Fotos-Cortesia-de-la-CCB-1-1-2048x1367.jpg 2048w\"><img loading=\"lazy\" decoding=\"async\" class=\"alignnone size-medium wp-image-3948 lazyload\" src=\"data:image\/gif;base64,R0lGODlhAQABAAAAACH5BAEKAAEALAAAAAABAAEAAAICTAEAOw==\" alt=\"\" width=\"300\" height=\"200\" sizes=\"auto, (max-width: 300px) 100vw, 300px\" data-src=\"https:\/\/stcmedios.com\/wp-content\/uploads\/2024\/11\/Fotos-Cortesia-de-la-CCB-16-300x200.jpg\" data-srcset=\"https:\/\/stcmedios.com\/wp-content\/uploads\/2024\/11\/Fotos-Cortesia-de-la-CCB-16-300x200.jpg 300w, https:\/\/stcmedios.com\/wp-content\/uploads\/2024\/11\/Fotos-Cortesia-de-la-CCB-16-1024x683.jpg 1024w, https:\/\/stcmedios.com\/wp-content\/uploads\/2024\/11\/Fotos-Cortesia-de-la-CCB-16-768x513.jpg 768w, https:\/\/stcmedios.com\/wp-content\/uploads\/2024\/11\/Fotos-Cortesia-de-la-CCB-16-1536x1025.jpg 1536w, https:\/\/stcmedios.com\/wp-content\/uploads\/2024\/11\/Fotos-Cortesia-de-la-CCB-16-2048x1367.jpg 2048w\"> <img loading=\"lazy\" decoding=\"async\" class=\"alignnone size-medium wp-image-3949 lazyload\" src=\"data:image\/gif;base64,R0lGODlhAQABAAAAACH5BAEKAAEALAAAAAABAAEAAAICTAEAOw==\" alt=\"\" width=\"300\" height=\"200\" sizes=\"auto, (max-width: 300px) 100vw, 300px\" data-src=\"https:\/\/stcmedios.com\/wp-content\/uploads\/2024\/11\/Fotos-Cortesia-de-la-CCB-15-300x200.jpg\" data-srcset=\"https:\/\/stcmedios.com\/wp-content\/uploads\/2024\/11\/Fotos-Cortesia-de-la-CCB-15-300x200.jpg 300w, https:\/\/stcmedios.com\/wp-content\/uploads\/2024\/11\/Fotos-Cortesia-de-la-CCB-15-1024x683.jpg 1024w, https:\/\/stcmedios.com\/wp-content\/uploads\/2024\/11\/Fotos-Cortesia-de-la-CCB-15-768x512.jpg 768w, https:\/\/stcmedios.com\/wp-content\/uploads\/2024\/11\/Fotos-Cortesia-de-la-CCB-15-1536x1024.jpg 1536w, https:\/\/stcmedios.com\/wp-content\/uploads\/2024\/11\/Fotos-Cortesia-de-la-CCB-15-2048x1365.jpg 2048w\"><\/p>\n<p><span style=\"font-weight: 400;\">Una vez aceptada la postulaci\u00f3n, los criterios que se tendr\u00e1n en cuenta para la elecci\u00f3n de las empresas participantes en el evento ser\u00e1n:\u00a0<\/span><\/p>\n<ol>\n<li style=\"font-weight: 400;\" aria-level=\"1\"><span style=\"font-weight: 400;\">Mayor puntaje de la empresa que haya participado en programas de fortalecimiento empresarial de la CCB, Alcald\u00eda Local de Antonio Nari\u00f1o y\/o Secretar\u00eda Distrital de Desarrollo Econ\u00f3mico.<\/span><\/li>\n<\/ol>\n<ol>\n<li style=\"font-weight: 400;\" aria-level=\"1\"><span style=\"font-weight: 400;\">Mayor puntaje a la empresa con mayor diferenciaci\u00f3n de producto, es decir propuesta de dise\u00f1o y la inclusi\u00f3n de elementos innovadores.\u00a0<\/span><\/li>\n<\/ol>\n<ol>\n<li style=\"font-weight: 400;\" aria-level=\"1\"><span style=\"font-weight: 400;\">Mayor puntaje a la empresa con mejor ADN de marca y comunicaci\u00f3n. Se evaluar\u00e1 el logo, las redes sociales activas y la historia de la marca.\u00a0<\/span><\/li>\n<\/ol>\n<p><span style=\"font-weight: 400;\">Las inscripciones estar\u00e1n activas hasta el 1\u00b0 de noviembre pr\u00f3ximo en el siguiente link: <\/span><a href=\"https:\/\/forms.office.com\/r\/1gXyRjziXr\"><b>https:\/\/forms.office.com\/r\/1gXyRjziXr<\/b><\/a><\/p>\n<p><b>Jugados con el Restrepo<\/b><\/p>\n<p><span style=\"font-weight: 400;\">Esta Feria del barrio Restrepo en el Parque de la 93 hace parte del compromiso de la CCB por fortalecer e impulsar a los comerciantes de esta zona de la ciudad a trav\u00e9s de una serie de acciones que han sido implementadas en el segundo semestre de este a\u00f1o<\/span><\/p>\n<p><span style=\"font-weight: 400;\">El pasado 1\u00b0 de octubre la CCB hizo el lanzamiento del Centro de Experiencia y Aprendizaje en Moda en el Restrepo, con el objetivo de impulsar y acelerar el fortalecimiento de las empresas del sector de cuero, calzado y marroquiner\u00eda y ofrecerles un espacio de inspiraci\u00f3n, conexi\u00f3n y transformaci\u00f3n.<\/span><\/p>\n<p><span style=\"font-weight: 400;\">As\u00ed mismo, entre los pr\u00f3ximos 29 de noviembre y 8 de diciembre la CCB realizar\u00e1 una activaci\u00f3n comercial con el objetivo de atraer compradores de Bogot\u00e1 y Regi\u00f3n al Restrepo para que adelanten sus compras de la temporada de fin de a\u00f1o.\u00a0\u00a0<\/span><\/p>\n<p>&nbsp;<\/p>\n","protected":false},"excerpt":{"rendered":"<p>La actividad, que no tendr\u00e1 costo, es liderada por la CCB y cuenta con el apoyo de la Alcald\u00eda Local de Antonio Nari\u00f1o, la Alcald\u00eda Mayor de Bogot\u00e1 y la Asociaci\u00f3n Amigos del Parque 93.\u00a0 Las inscripciones para las empresas del barrio Restrepo interesadas en participar en la Feria estar\u00e1n activas hasta el pr\u00f3ximo 1\u00b0 [&hellip;]<\/p>\n","protected":false},"author":1,"featured_media":3950,"comment_status":"open","ping_status":"open","sticky":false,"template":"","format":"standard","meta":{"rop_custom_images_group":[],"rop_custom_messages_group":[],"rop_publish_now":"initial","rop_publish_now_accounts":{"facebook_1821922728178256_102311254498371":""},"rop_publish_now_history":[],"rop_publish_now_status":"pending","footnotes":""},"categories":[4],"tags":[],"class_list":["post-3939","post","type-post","status-publish","format-standard","has-post-thumbnail","hentry","category-prensa"],"_links":{"self":[{"href":"https:\/\/stcmedios.com\/index.php\/wp-json\/wp\/v2\/posts\/3939","targetHints":{"allow":["GET"]}}],"collection":[{"href":"https:\/\/stcmedios.com\/index.php\/wp-json\/wp\/v2\/posts"}],"about":[{"href":"https:\/\/stcmedios.com\/index.php\/wp-json\/wp\/v2\/types\/post"}],"author":[{"embeddable":true,"href":"https:\/\/stcmedios.com\/index.php\/wp-json\/wp\/v2\/users\/1"}],"replies":[{"embeddable":true,"href":"https:\/\/stcmedios.com\/index.php\/wp-json\/wp\/v2\/comments?post=3939"}],"version-history":[{"count":0,"href":"https:\/\/stcmedios.com\/index.php\/wp-json\/wp\/v2\/posts\/3939\/revisions"}],"wp:featuredmedia":[{"embeddable":true,"href":"https:\/\/stcmedios.com\/index.php\/wp-json\/wp\/v2\/media\/3950"}],"wp:attachment":[{"href":"https:\/\/stcmedios.com\/index.php\/wp-json\/wp\/v2\/media?parent=3939"}],"wp:term":[{"taxonomy":"category","embeddable":true,"href":"https:\/\/stcmedios.com\/index.php\/wp-json\/wp\/v2\/categories?post=3939"},{"taxonomy":"post_tag","embeddable":true,"href":"https:\/\/stcmedios.com\/index.php\/wp-json\/wp\/v2\/tags?post=3939"}],"curies":[{"name":"wp","href":"https:\/\/api.w.org\/{rel}","templated":true}]}}