{"id":3936,"date":"2024-10-31T14:28:31","date_gmt":"2024-10-31T14:28:31","guid":{"rendered":"https:\/\/stcmedios.com\/?p=3936"},"modified":"2024-10-31T14:28:31","modified_gmt":"2024-10-31T14:28:31","slug":"con-reverso-bogota-la-poesia-se-ubica-en-primer-plano-en-la-agenda-cultural-de-la-ciudad","status":"publish","type":"post","link":"https:\/\/stcmedios.com\/index.php\/2024\/10\/31\/con-reverso-bogota-la-poesia-se-ubica-en-primer-plano-en-la-agenda-cultural-de-la-ciudad\/","title":{"rendered":"Con Reverso Bogot\u00e1, la poes\u00eda se ubica en primer plano en la agenda cultural de la ciudad"},"content":{"rendered":"<div>\n<table role=\"presentation\" border=\"0\" cellspacing=\"0\" cellpadding=\"0\" align=\"center\">\n<tbody>\n<tr>\n<td>\n<div class=\"m_-4937605116321847480mj-column-per-100\">\n<table role=\"presentation\" border=\"0\" width=\"100%\" cellspacing=\"0\" cellpadding=\"0\">\n<tbody>\n<tr>\n<td align=\"left\">\n<div>\n<ul dir=\"ltr\">\n<li role=\"presentation\"><strong id=\"m_-4937605116321847480docs-internal-guid-ae658b21-7fff-7e10-d49d-87680c15c051\"><em>Con recitales, instalaciones po\u00e9ticas y la premiaci\u00f3n del concurso de poes\u00eda, la Secretar\u00eda de Cultura, Recreaci\u00f3n y Deporte (SCRD), y la Red de Bibliotecas P\u00fablicas de Bogot\u00e1 (BibloRed), realizar\u00e1n del 5 al 9 de noviembre la primera edici\u00f3n del Festival Reverso Bogot\u00e1, la Poes\u00eda en la Radio y en las Bibliotecas.<\/em><\/strong><\/li>\n<li role=\"presentation\"><strong id=\"m_-4937605116321847480docs-internal-guid-ae658b21-7fff-7e10-d49d-87680c15c051\"><em>El Festival, que se desarrolla con el liderazgo de la escritora Piedad Bonnett, entregar\u00e1 100 millones de pesos en incentivos econ\u00f3micos para los poetas ganadores del concurso &#8216;Reverso Bogot\u00e1&#8217; en cuatro categor\u00edas.<\/em><\/strong><\/li>\n<\/ul>\n<p dir=\"ltr\"><strong id=\"m_-4937605116321847480docs-internal-guid-ae658b21-7fff-7e10-d49d-87680c15c051\">Del 5 al 9 de noviembre, los bogotanos se sumergir\u00e1n en una experiencia inmersiva con la poes\u00eda que llega a distintos escenarios de la ciudad. Con cuarenta poetas preseleccionados de un total de 685 participantes en el concurso de poes\u00eda<em> &#8216;Reverso Bogot\u00e1&#8217;<\/em>, 12 poetas y poetisas invitados, talleres e instalaciones y performances po\u00e9ticos, la Secretar\u00eda de Cultura, Recreaci\u00f3n y Deporte, y la Red de Bibliotecas P\u00fablicas de Bogot\u00e1 (BibloRed), invitan a la primera edici\u00f3n del Festival Reverso Bogot\u00e1, la Poes\u00eda en la Radio y en las Bibliotecas.\u00a0\u00a0<\/strong><\/p>\n<p dir=\"ltr\"><strong id=\"m_-4937605116321847480docs-internal-guid-ae658b21-7fff-7e10-d49d-87680c15c051\">La reconocida escritora Piedad Bonnett, quien se suma a esta iniciativa, reunir\u00e1 a destacados poetas y poetisas nacionales como Tania Ganitsky, Vito Ap\u00fcshana, Juan Manuel Roca,\u00a0 Mery Yolanda S\u00e1nchez, Federico D\u00edaz Granados, John F. Galindo, Mar\u00eda Paz Guerrero, John Gal\u00e1n Casanova, Lina Alonso, Alejo Morales y Ahmed Mohsen en recitales y talleres que se realizar\u00e1n en las Bibliotecas P\u00fablicas Carlos E. Restrepo, Gabriel Garc\u00eda M\u00e1rquez &#8211; El Tunal y Virgilio Barco.\u00a0<\/strong><\/p>\n<p dir=\"ltr\"><strong id=\"m_-4937605116321847480docs-internal-guid-ae658b21-7fff-7e10-d49d-87680c15c051\">Ser\u00e1 una semana en la que los versos y poemas inspirar\u00e1n y entretendr\u00e1n a las y los bogotanos mediante una programaci\u00f3n que se extender\u00e1 a la radio, con el prop\u00f3sito de fomentar la creaci\u00f3n po\u00e9tica y acercar este g\u00e9nero literario a todos los p\u00fablicos, gracias a la alianza de la Secretar\u00eda de Cultura, Recreaci\u00f3n y Deporte con las emisoras universitarias LAUD 90.4 FM Est\u00e9reo, Javeriana Est\u00e9reo 91.9 FM, Emisora HJUT de la Universidad Jorge Tadeo Lozano y LEO Radio, de la Red Distrital de Bibliotecas P\u00fablicas &#8211; BibloRed.<\/strong><\/p>\n<p dir=\"ltr\"><strong id=\"m_-4937605116321847480docs-internal-guid-ae658b21-7fff-7e10-d49d-87680c15c051\"><em>\u201cCon Reverso Bogot\u00e1 queremos poner en primer lugar de la agenda cultural de la ciudad el verso y los poemas. La poes\u00eda nos permite ver el mundo con una mirada diferente y renovada, y justamente a eso le apostamos con el concurso que entrega 100 millones de pesos en incentivos; algo hist\u00f3rico para el sector de la poes\u00eda en Bogot\u00e1. Estar m\u00e1s cerca de la poes\u00eda es construir equidad y felicidad, y es la oportunidad para generar una reflexi\u00f3n profunda sobre la existencia y los diferentes pensamientos po\u00e9ticos que habitan la ciudad\u201d, <\/em>destac\u00f3 el secretario de Cultura, Recreaci\u00f3n y Deporte, Santiago Trujillo.<\/strong><\/p>\n<p dir=\"ltr\"><strong id=\"m_-4937605116321847480docs-internal-guid-ae658b21-7fff-7e10-d49d-87680c15c051\">El Festival incluir\u00e1, adem\u00e1s, instalaciones y performances con artistas como Diana Avella, Mar\u00eda Tabares y Mar\u00eda Jos\u00e9 Arjona, quienes presentar\u00e1n sus propuestas en torno a vivir y entender las nuevas maneras que toma el lenguaje po\u00e9tico en el siglo XXI.\u00a0<\/strong><\/p>\n<p dir=\"ltr\"><strong>Versos al aire\u00a0<\/strong><\/p>\n<p dir=\"ltr\"><strong id=\"m_-4937605116321847480docs-internal-guid-ae658b21-7fff-7e10-d49d-87680c15c051\">Un total de 685 personas y agrupaciones amantes de la poes\u00eda, respondieron a la convocatoria para participar en el primer Festival Reverso Bogot\u00e1, la Poes\u00eda en la Radio y en las Bibliotecas, a trav\u00e9s de cuatro categor\u00edas: Poes\u00eda infantil, Poes\u00eda desde la juventud, Poes\u00eda desde la experiencia y Poes\u00eda interdisciplinar. Un total de 40 finalistas resultaron seleccionados (10 por cada categor\u00eda), los cuales leer\u00e1n sus poemas en las emisoras aliadas del Festival, y ser\u00e1n evaluados por un jurado conformado por Piedad Bonnett, Ram\u00f3n Cote, Henry Alexander G\u00f3mez, Irene Vasco, Pilar Lozano, Carmenza Botero, Carolina Cer\u00f3n, Carolina L\u00f3pez y Liliana Moreno.\u00a0\u00a0<\/strong><\/p>\n<p dir=\"ltr\"><strong id=\"m_-4937605116321847480docs-internal-guid-ae658b21-7fff-7e10-d49d-87680c15c051\">Estos jurados tendr\u00e1n la tarea de seleccionar 12 ganadores, los cuales ser\u00e1n anunciados el s\u00e1bado 9 de noviembre de 2024 a las 3:00 p.m., en la ceremonia de premiaci\u00f3n de Reverso Bogot\u00e1 en el Centro Felicidad de Chapinero, Sal\u00f3n de Arte.<\/strong><\/p>\n<p dir=\"ltr\"><strong id=\"m_-4937605116321847480docs-internal-guid-ae658b21-7fff-7e10-d49d-87680c15c051\">La entrega de incentivos econ\u00f3micos por 100 millones de pesos, ser\u00e1n distribuidos as\u00ed:<\/strong><\/p>\n<ul dir=\"ltr\">\n<li role=\"presentation\"><strong id=\"m_-4937605116321847480docs-internal-guid-ae658b21-7fff-7e10-d49d-87680c15c051\"><em>Poes\u00eda infantil (dirigida a personas mayores de 18 a\u00f1os con o sin obra publicada orientada a poblaci\u00f3n infantil)<\/em><\/strong><\/li>\n<\/ul>\n<p dir=\"ltr\"><strong id=\"m_-4937605116321847480docs-internal-guid-ae658b21-7fff-7e10-d49d-87680c15c051\"><em>Primer puesto:\u00a0 \u00a0 \u00a0 \u00a0 <\/em><em>$12.000.000<\/em><\/strong><\/p>\n<p dir=\"ltr\"><strong><em>Segundo puesto: \u00a0 <\/em><em>$7.000.000<\/em><\/strong><\/p>\n<p dir=\"ltr\"><strong><em>Tercer puesto:\u00a0 \u00a0 \u00a0 \u00a0 <\/em><em>$3.000.000<\/em><\/strong><\/p>\n<ul dir=\"ltr\">\n<li role=\"presentation\"><strong id=\"m_-4937605116321847480docs-internal-guid-ae658b21-7fff-7e10-d49d-87680c15c051\"><em>Poes\u00eda desde la juventud (dirigida a personas naturales entre 18 y 28 a\u00f1os)<\/em><\/strong><\/li>\n<\/ul>\n<p dir=\"ltr\"><strong id=\"m_-4937605116321847480docs-internal-guid-ae658b21-7fff-7e10-d49d-87680c15c051\"><em>Primer puesto:\u00a0 \u00a0 \u00a0 \u00a0 <\/em><em>$12.000.000<\/em><\/strong><\/p>\n<p dir=\"ltr\"><strong><em>Segundo puesto: \u00a0 <\/em><em>$7.000.000<\/em><\/strong><\/p>\n<p dir=\"ltr\"><strong><em>Tercer puesto:\u00a0 \u00a0 \u00a0 \u00a0 <\/em><em>$3.000.000<\/em><\/strong><\/p>\n<\/div>\n<div>\n<ul dir=\"ltr\">\n<li role=\"presentation\"><strong id=\"m_-4937605116321847480docs-internal-guid-ae658b21-7fff-7e10-d49d-87680c15c051\"><em>Poes\u00eda desde la experiencia (dirigida a personas mayores de 28 a\u00f1os, con al menos una obra publicada durante los \u00faltimos cinco a\u00f1os)<\/em><\/strong><\/li>\n<\/ul>\n<p dir=\"ltr\"><strong id=\"m_-4937605116321847480docs-internal-guid-ae658b21-7fff-7e10-d49d-87680c15c051\"><em>Primer puesto:\u00a0 \u00a0 \u00a0 \u00a0 <\/em><em>$18.000.000<\/em><\/strong><\/p>\n<p dir=\"ltr\"><strong><em>Segundo puesto: \u00a0 <\/em><em>$10.000.000<\/em><\/strong><\/p>\n<p dir=\"ltr\"><strong><em>Tercer puesto:\u00a0 \u00a0 \u00a0 \u00a0 <\/em><em>$6.000.000<\/em><\/strong><\/p>\n<ul dir=\"ltr\">\n<li role=\"presentation\"><strong id=\"m_-4937605116321847480docs-internal-guid-ae658b21-7fff-7e10-d49d-87680c15c051\"><em>Poes\u00eda interdisciplinar (dirigida a personas mayores de 18 a\u00f1os con o sin obra publicada con una exploraci\u00f3n que pone en di\u00e1logo la poes\u00eda con nuevos formatos o lenguajes art\u00edsticos)<\/em><\/strong><\/li>\n<\/ul>\n<p dir=\"ltr\"><strong id=\"m_-4937605116321847480docs-internal-guid-ae658b21-7fff-7e10-d49d-87680c15c051\"><em>Primer puesto:\u00a0 \u00a0 \u00a0 \u00a0 <\/em><em>$12.000.000<\/em><\/strong><\/p>\n<p dir=\"ltr\"><strong><em>Segundo puesto: \u00a0 <\/em><em>$7.000.000<\/em><\/strong><\/p>\n<p dir=\"ltr\"><strong><em>Tercer puesto:\u00a0 \u00a0 \u00a0 \u00a0 <\/em><em>$3.000.000<\/em><\/strong><\/p>\n<p dir=\"ltr\"><strong id=\"m_-4937605116321847480docs-internal-guid-ae658b21-7fff-7e10-d49d-87680c15c051\"><strong>Programaci\u00f3n en bibliotecas\u00a0<\/strong><\/strong><\/p>\n<p dir=\"ltr\"><strong id=\"m_-4937605116321847480docs-internal-guid-ae658b21-7fff-7e10-d49d-87680c15c051\">El evento inaugural del Festival Reverso Bogot\u00e1, la Poes\u00eda en la Radio y en las Bibliotecas, ser\u00e1 el pr\u00f3ximo martes 5 de noviembre a las 5:00 p.m. en la Biblioteca P\u00fablica Julio Mario Santo Domingo. La ceremonia, de entrada libre, contar\u00e1 con un recital de poes\u00eda a cargo de los escritores Piedad Bonnett, Tania Ganitsky y Vito Ap\u00fcshana, seguido de la instalaci\u00f3n po\u00e9tica de la artista de performance Mar\u00eda Jos\u00e9 Arjona, que quedar\u00e1 instalada a lo largo del festival en la Sala General de esta biblioteca.<\/strong><\/p>\n<p dir=\"ltr\"><strong id=\"m_-4937605116321847480docs-internal-guid-ae658b21-7fff-7e10-d49d-87680c15c051\">Simult\u00e1neamente, en la Biblioteca P\u00fablica Gabriel Garc\u00eda M\u00e1rquez &#8211; El Tunal, a las 5:00 p.m., se realizar\u00e1 un recital de poes\u00eda con los escritores Juan Manuel Roca, Mery Yolanda S\u00e1nchez y Alejo Morales, junto con el performance de poes\u00eda y danza <em>\u00abHaSer persona\u00bb<\/em>, a cargo de Mar\u00eda Tabares. De igual manera, en la Biblioteca P\u00fablica Carlos E. Restrepo el recital de poes\u00eda estar\u00e1 a cargo de los escritores Mar\u00eda Paz Guerrero, Lina Alonso y Ahmed Mohsen.<\/strong><\/p>\n<p dir=\"ltr\"><strong id=\"m_-4937605116321847480docs-internal-guid-ae658b21-7fff-7e10-d49d-87680c15c051\">El s\u00e1bado 9 de noviembre a las 3:00 pm, el Festival Reverso Bogot\u00e1 concluir\u00e1 con la esperada premiaci\u00f3n del concurso de poes\u00eda en el Sal\u00f3n de Arte del Centro Felicidad Chapinero. El evento estar\u00e1 a cargo de la reconocida escritora Piedad Bonnett, junto con los jurados del concurso, quienes destacar\u00e1n a las voces emergentes que brillaron en esta edici\u00f3n.\u00a0<\/strong><\/p>\n<p dir=\"ltr\"><strong id=\"m_-4937605116321847480docs-internal-guid-ae658b21-7fff-7e10-d49d-87680c15c051\">Consulta a continuaci\u00f3n la programaci\u00f3n de los talleres gratuitos de poes\u00eda del Festival Reverso Bogot\u00e1 del 5 al 8 de noviembre en a Red de Bibliotecas P\u00fablicas de Bogot\u00e1 (BibloRed).\u00a0<\/strong><\/p>\n<p dir=\"ltr\"><strong id=\"m_-4937605116321847480docs-internal-guid-ae658b21-7fff-7e10-d49d-87680c15c051\"><a href=\"https:\/\/masivo.scrd.gov.co\/c\/9npmy76\/7z-5h4bf\/xj3ux-t5_4y\" target=\"_blank\" rel=\"noopener\" data-saferedirecturl=\"https:\/\/www.google.com\/url?q=https:\/\/masivo.scrd.gov.co\/c\/9npmy76\/7z-5h4bf\/xj3ux-t5_4y&amp;source=gmail&amp;ust=1730470417472000&amp;usg=AOvVaw0mxxIcnJPY8NrCFaAsJyKU\"><strong>Ver programaci\u00f3n<\/strong><\/a><\/strong><\/p>\n<p dir=\"ltr\"><strong id=\"m_-4937605116321847480docs-internal-guid-ae658b21-7fff-7e10-d49d-87680c15c051\"><strong>Talleres de poes\u00eda<\/strong><\/strong><\/p>\n<p dir=\"ltr\"><strong id=\"m_-4937605116321847480docs-internal-guid-ae658b21-7fff-7e10-d49d-87680c15c051\"><strong>Mi\u00e9rcoles 6 de noviembre<\/strong><\/strong><\/p>\n<p dir=\"ltr\"><strong id=\"m_-4937605116321847480docs-internal-guid-ae658b21-7fff-7e10-d49d-87680c15c051\"><strong>Biblioteca P\u00fablica Carlos E. Restrepo<\/strong><\/strong><\/p>\n<p dir=\"ltr\"><strong id=\"m_-4937605116321847480docs-internal-guid-ae658b21-7fff-7e10-d49d-87680c15c051\">Libertad, cuerpo y ciudad a cargo de John Galan Casanova: Sesi\u00f3n 1<\/strong><\/p>\n<p dir=\"ltr\"><strong id=\"m_-4937605116321847480docs-internal-guid-ae658b21-7fff-7e10-d49d-87680c15c051\"><strong>\u00a05:00 p.m.<\/strong><\/strong><\/p>\n<p dir=\"ltr\"><strong id=\"m_-4937605116321847480docs-internal-guid-ae658b21-7fff-7e10-d49d-87680c15c051\"><strong>Jueves 7 de noviembre<\/strong><\/strong><\/p>\n<p dir=\"ltr\"><strong id=\"m_-4937605116321847480docs-internal-guid-ae658b21-7fff-7e10-d49d-87680c15c051\"><strong>Biblioteca P\u00fablica Julio Mario Santo Domingo<\/strong><\/strong><\/p>\n<p dir=\"ltr\"><strong id=\"m_-4937605116321847480docs-internal-guid-ae658b21-7fff-7e10-d49d-87680c15c051\">\u00d3rganos Transversales: intersecciones y pulsos po\u00e9ticos a cargo de John F. Galindo &#8211; Sesi\u00f3n 1<\/strong><\/p>\n<p dir=\"ltr\"><strong id=\"m_-4937605116321847480docs-internal-guid-ae658b21-7fff-7e10-d49d-87680c15c051\">5:00 p.m.\u00a0<\/strong><\/p>\n<p dir=\"ltr\"><strong id=\"m_-4937605116321847480docs-internal-guid-ae658b21-7fff-7e10-d49d-87680c15c051\"><strong>Biblioteca P\u00fablica Gabriel Garc\u00eda M\u00e1rquez &#8211; El Tunal<\/strong><\/strong><\/p>\n<p dir=\"ltr\"><strong id=\"m_-4937605116321847480docs-internal-guid-ae658b21-7fff-7e10-d49d-87680c15c051\"><strong>Taller de poes\u00eda<\/strong><\/strong><\/p>\n<p dir=\"ltr\"><strong id=\"m_-4937605116321847480docs-internal-guid-ae658b21-7fff-7e10-d49d-87680c15c051\">La poes\u00eda como talism\u00e1n a cargo de Federico D\u00edaz Granados Sesi\u00f3n 1<\/strong><\/p>\n<p dir=\"ltr\"><strong id=\"m_-4937605116321847480docs-internal-guid-ae658b21-7fff-7e10-d49d-87680c15c051\">4:30 p.m.\u00a0<\/strong><\/p>\n<p dir=\"ltr\"><strong id=\"m_-4937605116321847480docs-internal-guid-ae658b21-7fff-7e10-d49d-87680c15c051\"><strong>Biblioteca P\u00fablica Carlos E. Restrepo<\/strong><\/strong><\/p>\n<p dir=\"ltr\"><strong id=\"m_-4937605116321847480docs-internal-guid-ae658b21-7fff-7e10-d49d-87680c15c051\"><strong>Taller de poes\u00eda<\/strong><\/strong><\/p>\n<p dir=\"ltr\"><strong id=\"m_-4937605116321847480docs-internal-guid-ae658b21-7fff-7e10-d49d-87680c15c051\">Libertad, cuerpo y ciudad a cargo de John Galan Casanova: Sesi\u00f3n 2<\/strong><\/p>\n<p dir=\"ltr\"><strong id=\"m_-4937605116321847480docs-internal-guid-ae658b21-7fff-7e10-d49d-87680c15c051\">5:00 p.m.\u00a0<\/strong><\/p>\n<p dir=\"ltr\"><strong id=\"m_-4937605116321847480docs-internal-guid-ae658b21-7fff-7e10-d49d-87680c15c051\"><strong>Viernes 8 de noviembre<\/strong><\/strong><\/p>\n<p dir=\"ltr\"><strong id=\"m_-4937605116321847480docs-internal-guid-ae658b21-7fff-7e10-d49d-87680c15c051\"><strong>Biblioteca P\u00fablica Julio Mario Santo Domingo<\/strong><\/strong><\/p>\n<p dir=\"ltr\"><strong id=\"m_-4937605116321847480docs-internal-guid-ae658b21-7fff-7e10-d49d-87680c15c051\">\u00d3rganos Transversales: intersecciones y pulsos po\u00e9ticos a cargo de John F. Galindo: Sesi\u00f3n 2<\/strong><\/p>\n<p dir=\"ltr\"><strong id=\"m_-4937605116321847480docs-internal-guid-ae658b21-7fff-7e10-d49d-87680c15c051\">5:00 p.m.\u00a0<\/strong><\/p>\n<p dir=\"ltr\"><strong id=\"m_-4937605116321847480docs-internal-guid-ae658b21-7fff-7e10-d49d-87680c15c051\"><strong>Biblioteca P\u00fablica Gabriel Garc\u00eda M\u00e1rquez &#8211; El Tunal<\/strong><\/strong><\/p>\n<p dir=\"ltr\"><strong id=\"m_-4937605116321847480docs-internal-guid-ae658b21-7fff-7e10-d49d-87680c15c051\">La Poes\u00eda como Talism\u00e1n a cargo de Federico D\u00edaz Granados &#8211; Sesi\u00f3n 2<\/strong><\/p>\n<p><strong id=\"m_-4937605116321847480docs-internal-guid-ae658b21-7fff-7e10-d49d-87680c15c051\">4:30 p.m.\u00a0 <\/strong><\/p>\n<\/div>\n<\/td>\n<\/tr>\n<\/tbody>\n<\/table>\n<\/div>\n<\/td>\n<\/tr>\n<\/tbody>\n<\/table>\n<\/div>\n<div>\n<table role=\"presentation\" border=\"0\" cellspacing=\"0\" cellpadding=\"0\" align=\"center\">\n<tbody>\n<tr>\n<td>\n<div class=\"m_-4937605116321847480mj-column-per-100\">\n<table role=\"presentation\" border=\"0\" width=\"100%\" cellspacing=\"0\" cellpadding=\"0\">\n<tbody>\n<tr>\n<td align=\"center\">&nbsp;<\/td>\n<\/tr>\n<\/tbody>\n<\/table>\n<\/div>\n<\/td>\n<\/tr>\n<\/tbody>\n<\/table>\n<\/div>\n<div>\n<table role=\"presentation\" border=\"0\" cellspacing=\"0\" cellpadding=\"0\" align=\"center\">\n<tbody>\n<tr>\n<td>\n<div class=\"m_-4937605116321847480mj-column-per-100\">\n<table role=\"presentation\" border=\"0\" width=\"100%\" cellspacing=\"0\" cellpadding=\"0\">\n<tbody>\n<tr>\n<td align=\"center\">\n<table role=\"presentation\" border=\"0\" cellspacing=\"0\" cellpadding=\"0\">\n<tbody>\n<tr>\n<td role=\"presentation\" align=\"center\" valign=\"middle\" bgcolor=\"#5d4294\"><a href=\"https:\/\/masivo.scrd.gov.co\/c\/9npmy76\/7z-5h4bf\/-tshykr1ede\" target=\"_blank\" rel=\"noopener\" data-saferedirecturl=\"https:\/\/www.google.com\/url?q=https:\/\/masivo.scrd.gov.co\/c\/9npmy76\/7z-5h4bf\/-tshykr1ede&amp;source=gmail&amp;ust=1730470417472000&amp;usg=AOvVaw2CAjrv0jfdSSgO7Y6spRyl\">Conoce m\u00e1s informaci\u00f3n del sector Cultura, Recreaci\u00f3n y Deporte<\/a><\/td>\n<\/tr>\n<\/tbody>\n<\/table>\n<\/td>\n<\/tr>\n<\/tbody>\n<\/table>\n<\/div>\n<\/td>\n<\/tr>\n<\/tbody>\n<\/table>\n<\/div>\n","protected":false},"excerpt":{"rendered":"<p>Con recitales, instalaciones po\u00e9ticas y la premiaci\u00f3n del concurso de poes\u00eda, la Secretar\u00eda de Cultura, Recreaci\u00f3n y Deporte (SCRD), y la Red de Bibliotecas P\u00fablicas de Bogot\u00e1 (BibloRed), realizar\u00e1n del 5 al 9 de noviembre la primera edici\u00f3n del Festival Reverso Bogot\u00e1, la Poes\u00eda en la Radio y en las Bibliotecas. El Festival, que se [&hellip;]<\/p>\n","protected":false},"author":1,"featured_media":3937,"comment_status":"open","ping_status":"open","sticky":false,"template":"","format":"standard","meta":{"rop_custom_images_group":[],"rop_custom_messages_group":[],"rop_publish_now":"initial","rop_publish_now_accounts":{"facebook_1821922728178256_102311254498371":""},"rop_publish_now_history":[],"rop_publish_now_status":"pending","footnotes":""},"categories":[4],"tags":[],"class_list":["post-3936","post","type-post","status-publish","format-standard","has-post-thumbnail","hentry","category-prensa"],"_links":{"self":[{"href":"https:\/\/stcmedios.com\/index.php\/wp-json\/wp\/v2\/posts\/3936","targetHints":{"allow":["GET"]}}],"collection":[{"href":"https:\/\/stcmedios.com\/index.php\/wp-json\/wp\/v2\/posts"}],"about":[{"href":"https:\/\/stcmedios.com\/index.php\/wp-json\/wp\/v2\/types\/post"}],"author":[{"embeddable":true,"href":"https:\/\/stcmedios.com\/index.php\/wp-json\/wp\/v2\/users\/1"}],"replies":[{"embeddable":true,"href":"https:\/\/stcmedios.com\/index.php\/wp-json\/wp\/v2\/comments?post=3936"}],"version-history":[{"count":0,"href":"https:\/\/stcmedios.com\/index.php\/wp-json\/wp\/v2\/posts\/3936\/revisions"}],"wp:featuredmedia":[{"embeddable":true,"href":"https:\/\/stcmedios.com\/index.php\/wp-json\/wp\/v2\/media\/3937"}],"wp:attachment":[{"href":"https:\/\/stcmedios.com\/index.php\/wp-json\/wp\/v2\/media?parent=3936"}],"wp:term":[{"taxonomy":"category","embeddable":true,"href":"https:\/\/stcmedios.com\/index.php\/wp-json\/wp\/v2\/categories?post=3936"},{"taxonomy":"post_tag","embeddable":true,"href":"https:\/\/stcmedios.com\/index.php\/wp-json\/wp\/v2\/tags?post=3936"}],"curies":[{"name":"wp","href":"https:\/\/api.w.org\/{rel}","templated":true}]}}