{"id":3930,"date":"2024-11-01T03:01:23","date_gmt":"2024-11-01T03:01:23","guid":{"rendered":"https:\/\/stcmedios.com\/?p=3930"},"modified":"2024-11-01T21:30:19","modified_gmt":"2024-11-01T21:30:19","slug":"luego-de-13-anos-regresan-las-vitrinas-navidenas-de-la-ccb","status":"publish","type":"post","link":"https:\/\/stcmedios.com\/index.php\/2024\/11\/01\/luego-de-13-anos-regresan-las-vitrinas-navidenas-de-la-ccb\/","title":{"rendered":"Luego de 13 a\u00f1os regresan las Vitrinas Navide\u00f1as de la CCB"},"content":{"rendered":"<ul style=\"font-weight: 400;\">\n<li><em>Las inscripciones a la convocatoria estar\u00e1n habilitadas a partir del 30 de octubre y hasta el 21 de noviembre en la p\u00e1gina web de la C\u00e1mara de Comercio de Bogot\u00e1, en la secci\u00f3n \u201cVitrinas Navide\u00f1as\u201d, cuya direcci\u00f3n electr\u00f3nica\u00a0<\/em><a href=\"https:\/\/www.ccb.org.co\/de-interes\/noticias\/vitrinas-navidenas-ccb\" data-saferedirecturl=\"https:\/\/www.google.com\/url?q=https:\/\/www.ccb.org.co\/de-interes\/noticias\/vitrinas-navidenas-ccb&amp;source=gmail&amp;ust=1730429391480000&amp;usg=AOvVaw2votsSv8ugsqkyUQtAVGtz\"><em>https:\/\/www.ccb.org.co\/de-interes\/noticias\/vitrinas-navidenas-ccb<\/em><\/a><em>.<\/em><\/li>\n<li><em>Las empresas participantes deben corresponder a una de las 11 categor\u00edas dispuestas para la convocatoria: decoraci\u00f3n y hogar; moda; art\u00edculos infantiles y regalos; joyer\u00eda y bisuter\u00eda; gastronom\u00eda; mascotas; salud y belleza; recreaci\u00f3n y deporte; tecnolog\u00eda; tiendas; y centros comerciales.<\/em><\/li>\n<li><em>Dentro de los criterios de evaluaci\u00f3n, los jurados tendr\u00e1n en cuenta la sostenibilidad medioambiental, dando un mayor puntaje a los comercios que utilicen elementos de decoraci\u00f3n responsables ambientalmente, como por ejemplo materiales reciclados, opciones de iluminaci\u00f3n ecoamigables, entre otros.<\/em><em>\u00a0<\/em><\/li>\n<\/ul>\n<p style=\"text-align: center;\"><img loading=\"lazy\" decoding=\"async\" class=\"alignnone wp-image-3933 lazyload\" src=\"data:image\/gif;base64,R0lGODlhAQABAAAAACH5BAEKAAEALAAAAAABAAEAAAICTAEAOw==\" alt=\"\" width=\"480\" height=\"309\" sizes=\"auto, (max-width: 480px) 100vw, 480px\" data-src=\"https:\/\/stcmedios.com\/wp-content\/uploads\/2024\/10\/Fotos-Cortesia-de-la-CCB-1-300x193.jpg\" data-srcset=\"https:\/\/stcmedios.com\/wp-content\/uploads\/2024\/10\/Fotos-Cortesia-de-la-CCB-1-300x193.jpg 300w, https:\/\/stcmedios.com\/wp-content\/uploads\/2024\/10\/Fotos-Cortesia-de-la-CCB-1-1024x660.jpg 1024w, https:\/\/stcmedios.com\/wp-content\/uploads\/2024\/10\/Fotos-Cortesia-de-la-CCB-1-768x495.jpg 768w, https:\/\/stcmedios.com\/wp-content\/uploads\/2024\/10\/Fotos-Cortesia-de-la-CCB-1-1536x989.jpg 1536w, https:\/\/stcmedios.com\/wp-content\/uploads\/2024\/10\/Fotos-Cortesia-de-la-CCB-1.jpg 2048w\"> <img loading=\"lazy\" decoding=\"async\" class=\"alignnone wp-image-3932 lazyload\" src=\"data:image\/gif;base64,R0lGODlhAQABAAAAACH5BAEKAAEALAAAAAABAAEAAAICTAEAOw==\" alt=\"\" width=\"512\" height=\"309\" sizes=\"auto, (max-width: 512px) 100vw, 512px\" data-src=\"https:\/\/stcmedios.com\/wp-content\/uploads\/2024\/10\/Fotos-Cortesia-de-la-CCB-2-300x181.jpg\" data-srcset=\"https:\/\/stcmedios.com\/wp-content\/uploads\/2024\/10\/Fotos-Cortesia-de-la-CCB-2-300x181.jpg 300w, https:\/\/stcmedios.com\/wp-content\/uploads\/2024\/10\/Fotos-Cortesia-de-la-CCB-2-1024x617.jpg 1024w, https:\/\/stcmedios.com\/wp-content\/uploads\/2024\/10\/Fotos-Cortesia-de-la-CCB-2-768x462.jpg 768w, https:\/\/stcmedios.com\/wp-content\/uploads\/2024\/10\/Fotos-Cortesia-de-la-CCB-2-1536x925.jpg 1536w, https:\/\/stcmedios.com\/wp-content\/uploads\/2024\/10\/Fotos-Cortesia-de-la-CCB-2.jpg 2048w\"> <img loading=\"lazy\" decoding=\"async\" class=\"alignnone wp-image-3931 lazyload\" src=\"data:image\/gif;base64,R0lGODlhAQABAAAAACH5BAEKAAEALAAAAAABAAEAAAICTAEAOw==\" alt=\"\" width=\"462\" height=\"308\" sizes=\"auto, (max-width: 462px) 100vw, 462px\" data-src=\"https:\/\/stcmedios.com\/wp-content\/uploads\/2024\/10\/Fotos-Cortesia-de-la-CCB-3-300x200.jpg\" data-srcset=\"https:\/\/stcmedios.com\/wp-content\/uploads\/2024\/10\/Fotos-Cortesia-de-la-CCB-3-300x200.jpg 300w, https:\/\/stcmedios.com\/wp-content\/uploads\/2024\/10\/Fotos-Cortesia-de-la-CCB-3-1024x684.jpg 1024w, https:\/\/stcmedios.com\/wp-content\/uploads\/2024\/10\/Fotos-Cortesia-de-la-CCB-3-768x513.jpg 768w, https:\/\/stcmedios.com\/wp-content\/uploads\/2024\/10\/Fotos-Cortesia-de-la-CCB-3-1536x1026.jpg 1536w, https:\/\/stcmedios.com\/wp-content\/uploads\/2024\/10\/Fotos-Cortesia-de-la-CCB-3.jpg 1941w\"><\/p>\n<p style=\"font-weight: 400;\">Con el objetivo de impulsar el comercio, fomentar el turismo y dinamizar las ventas en la temporada de fin de a\u00f1o, entre el 30 de octubre y el 4 de diciembre la C\u00e1mara de Comercio de Bogot\u00e1 (CCB), con el apoyo de Fenalco, la Alcald\u00eda Mayor de Bogot\u00e1 y la Gobernaci\u00f3n de Cundinamarca, realizar\u00e1 una nueva edici\u00f3n de la convocatoria de vitrinas navide\u00f1as, en la que participar\u00e1n 1.000 negocios y empresas de Bogot\u00e1 y regi\u00f3n.<\/p>\n<p style=\"font-weight: 400;\">Las inscripciones a la convocatoria estar\u00e1n habilitadas a partir del 30 de octubre y hasta el 21 de noviembre en la p\u00e1gina web de la C\u00e1mara de Comercio de Bogot\u00e1, en la secci\u00f3n \u201cVitrinas Navide\u00f1as\u201d, cuya direcci\u00f3n electr\u00f3nica\u00a0<a href=\"https:\/\/www.ccb.org.co\/de-interes\/noticias\/vitrinas-navidenas-ccb\" data-saferedirecturl=\"https:\/\/www.google.com\/url?q=https:\/\/www.ccb.org.co\/de-interes\/noticias\/vitrinas-navidenas-ccb&amp;source=gmail&amp;ust=1730429391480000&amp;usg=AOvVaw2votsSv8ugsqkyUQtAVGtz\">https:\/\/www.ccb.org.co\/de-interes\/noticias\/vitrinas-navidenas-ccb<\/a>.<u>\u00a0<\/u><\/p>\n<p style=\"font-weight: 400;\">La iniciativa, que tambi\u00e9n incluye actividades complementarias como desarrollo de habilidades en vitrinismo, recorridos familiares y caravanas navide\u00f1as, est\u00e1 dirigida a todas las empresas registradas y renovadas en Bogot\u00e1 y la jurisdicci\u00f3n de la CCB que tengan un punto de venta y est\u00e9n ubicadas en algunas de las zonas comerciales definidas.<\/p>\n<p style=\"font-weight: 400;\">Ovidio Claros Polanco, presidente de la C\u00e1mara de Comercio de Bogot\u00e1, dijo que: \u201cDesde la CCB hemos decidido revivir, luego de 13 a\u00f1os, las vitrinas navide\u00f1as porque queremos dinamizar el comercio para que genere m\u00e1s ventas en la temporada de fin de a\u00f1o, as\u00ed como fomentar el esp\u00edritu navide\u00f1o. Esta iniciativa les va a permitir iniciar esta temporada con pie derecho y mover las cajas registradoras de los negocios de Bogot\u00e1 y regi\u00f3n\u201d.<\/p>\n<p style=\"font-weight: 400;\">Por su parte, el director de Fenalco Bogot\u00e1 Cundinamarca, Juan Esteban Orrego, se\u00f1al\u00f3: \u00abCon la convocatoria de Vitrinas Navide\u00f1as, buscamos no solo embellecer la ciudad y llevar el esp\u00edritu de la Navidad a cada rinc\u00f3n, sino tambi\u00e9n incentivar el comercio y promover el talento de nuestros comerciantes. Las vitrinas decoradas atraen a clientes y turistas, creando una experiencia \u00fanica y generando oportunidades de negocio en esta importante temporada. Invitamos a todos a sumarse y demostrar que el comercio en Bogot\u00e1 es innovador, creativo y est\u00e1 comprometido con la reactivaci\u00f3n econ\u00f3mica\u201d.<\/p>\n<p style=\"font-weight: 400;\"><strong>\u00a0<\/strong><strong>Categor\u00edas y requisitos<\/strong><\/p>\n<p style=\"font-weight: 400;\">Las empresas participantes deben corresponder a una de las 11 categor\u00edas dispuestas para la convocatoria: decoraci\u00f3n y hogar; moda; art\u00edculos infantiles y regalos; joyer\u00eda y bisuter\u00eda; gastronom\u00eda; mascotas; salud y belleza; recreaci\u00f3n y deporte; tecnolog\u00eda; tiendas; y centros comerciales.<\/p>\n<p style=\"font-weight: 400;\">As\u00ed mismo, los requisitos establecidos por la organizaci\u00f3n de la convocatoria son:<\/p>\n<ul style=\"font-weight: 400;\">\n<li>Estar inscrito en el Registro Mercantil como comerciante, ya sea persona natural o jur\u00eddica, con matr\u00edcula mercantil activa de la CCB y contar con la renovaci\u00f3n para el 2024.<\/li>\n<li>As\u00ed mismo, el establecimiento de comercio postulado debe estar inscrito y activo en el Registro Mercantil, con renovaci\u00f3n al presente a\u00f1o.<\/li>\n<li>El formulario de inscripci\u00f3n debe estar correctamente diligenciado.<\/li>\n<li>El establecimiento debe pertenecer a una de las categor\u00edas fijadas en la convocatoria y cada vitrina puede inscribirse solo en una categor\u00eda.<\/li>\n<li>Cabe destacar que la participaci\u00f3n est\u00e1 sujeta a la aprobaci\u00f3n previa de la CCB, que revisar\u00e1 el cumplimiento de todos los requisitos.<\/li>\n<\/ul>\n<p style=\"font-weight: 400;\"><strong>Ubicaci\u00f3n<\/strong><\/p>\n<p style=\"font-weight: 400;\">Otro de los requisitos esenciales es la localizaci\u00f3n del establecimiento. En Bogot\u00e1, debe estar ubicado en las localidades de Usaqu\u00e9n, Chapinero, Barrios Unidos, Teusaquillo, Engativ\u00e1, Puente Aranda, Antonio Nari\u00f1o, La Candelaria y Kennedy.<\/p>\n<p style=\"font-weight: 400;\">En regi\u00f3n, deben estar localizados en Ch\u00eda, Cota, Tocancip\u00e1, Zipaquir\u00e1, Fusagasug\u00e1 y Soacha.<\/p>\n<p style=\"font-weight: 400;\"><strong>Reconocimientos<\/strong><\/p>\n<p style=\"font-weight: 400;\">La C\u00e1mara de Comercio de Bogot\u00e1 (CCB) reconocer\u00e1 a las mejores vitrinas navide\u00f1as de la siguiente manera y de acuerdo con los resultados entregados por los jurados:<\/p>\n<p style=\"font-weight: 400;\">Mejor Vitrina Navide\u00f1a por Categor\u00eda en Bogot\u00e1: se reconocer\u00e1 la vitrina con la mayor puntuaci\u00f3n en cada una de las 10 categor\u00edas, seg\u00fan la evaluaci\u00f3n del jurado calificador en las ubicaciones definidas en Bogot\u00e1.<\/p>\n<p style=\"font-weight: 400;\">Mejor Vitrina Navide\u00f1a en la regi\u00f3n: se reconocer\u00e1 la vitrina con la mayor puntuaci\u00f3n en los municipios de Ch\u00eda, Cota, Tocancip\u00e1, Zipaquir\u00e1, Fusagasug\u00e1 y Soacha.<\/p>\n<p style=\"font-weight: 400;\">Mejor Centro Comercial: la fachada con la mayor puntuaci\u00f3n otorgada por el jurado calificador recibir\u00e1 un reconocimiento especial.<\/p>\n<p style=\"font-weight: 400;\">La Vitrina + Viral: este premio se otorgar\u00e1 a la vitrina que logre el mayor n\u00famero de clics en redes sociales, gracias a la participaci\u00f3n activa de los ciudadanos.<\/p>\n<p style=\"font-weight: 400;\">Igualmente, dentro de los criterios de evaluaci\u00f3n, los jurados tendr\u00e1n en cuenta la sostenibilidad medioambiental, dando un mayor puntaje a los comercios que utilicen elementos de decoraci\u00f3n responsables ambientalmente, como por ejemplo materiales reciclados, opciones de iluminaci\u00f3n ecoamigables, entre otros.<\/p>\n<p style=\"font-weight: 400;\"><strong>Los reconocimientos<\/strong><\/p>\n<ul style=\"font-weight: 400;\">\n<li>Reconocimiento p\u00fablico<\/li>\n<li>Participaci\u00f3n en un stand colectivo en la Feria del Hogar.<\/li>\n<li>Acompa\u00f1amiento de un consultor empresarial.<\/li>\n<li>Y placa de reconocimiento que acredita al ganador del primer puesto.<\/li>\n<li>Todos los reconocimientos se otorgar\u00e1n seg\u00fan las condiciones establecidas por la C\u00e1mara de Comercio de Bogot\u00e1, los cuales podr\u00e1 modificar o a\u00f1adir seg\u00fan lo considere necesario.<\/li>\n<\/ul>\n<p style=\"font-weight: 400;\">\n","protected":false},"excerpt":{"rendered":"<p>Las inscripciones a la convocatoria estar\u00e1n habilitadas a partir del 30 de octubre y hasta el 21 de noviembre en la p\u00e1gina web de la C\u00e1mara de Comercio de Bogot\u00e1, en la secci\u00f3n \u201cVitrinas Navide\u00f1as\u201d, cuya direcci\u00f3n electr\u00f3nica\u00a0https:\/\/www.ccb.org.co\/de-interes\/noticias\/vitrinas-navidenas-ccb. Las empresas participantes deben corresponder a una de las 11 categor\u00edas dispuestas para la convocatoria: decoraci\u00f3n y [&hellip;]<\/p>\n","protected":false},"author":1,"featured_media":3934,"comment_status":"open","ping_status":"open","sticky":false,"template":"","format":"standard","meta":{"rop_custom_images_group":[],"rop_custom_messages_group":[],"rop_publish_now":"initial","rop_publish_now_accounts":{"facebook_1821922728178256_102311254498371":""},"rop_publish_now_history":[],"rop_publish_now_status":"pending","footnotes":""},"categories":[4],"tags":[],"class_list":["post-3930","post","type-post","status-publish","format-standard","has-post-thumbnail","hentry","category-prensa"],"_links":{"self":[{"href":"https:\/\/stcmedios.com\/index.php\/wp-json\/wp\/v2\/posts\/3930","targetHints":{"allow":["GET"]}}],"collection":[{"href":"https:\/\/stcmedios.com\/index.php\/wp-json\/wp\/v2\/posts"}],"about":[{"href":"https:\/\/stcmedios.com\/index.php\/wp-json\/wp\/v2\/types\/post"}],"author":[{"embeddable":true,"href":"https:\/\/stcmedios.com\/index.php\/wp-json\/wp\/v2\/users\/1"}],"replies":[{"embeddable":true,"href":"https:\/\/stcmedios.com\/index.php\/wp-json\/wp\/v2\/comments?post=3930"}],"version-history":[{"count":0,"href":"https:\/\/stcmedios.com\/index.php\/wp-json\/wp\/v2\/posts\/3930\/revisions"}],"wp:featuredmedia":[{"embeddable":true,"href":"https:\/\/stcmedios.com\/index.php\/wp-json\/wp\/v2\/media\/3934"}],"wp:attachment":[{"href":"https:\/\/stcmedios.com\/index.php\/wp-json\/wp\/v2\/media?parent=3930"}],"wp:term":[{"taxonomy":"category","embeddable":true,"href":"https:\/\/stcmedios.com\/index.php\/wp-json\/wp\/v2\/categories?post=3930"},{"taxonomy":"post_tag","embeddable":true,"href":"https:\/\/stcmedios.com\/index.php\/wp-json\/wp\/v2\/tags?post=3930"}],"curies":[{"name":"wp","href":"https:\/\/api.w.org\/{rel}","templated":true}]}}