{"id":3836,"date":"2024-10-02T14:23:17","date_gmt":"2024-10-02T14:23:17","guid":{"rendered":"https:\/\/stcmedios.com\/?p=3836"},"modified":"2024-10-02T14:23:17","modified_gmt":"2024-10-02T14:23:17","slug":"atencion-de-adolescente-y-adulto-para-el-servicio-medico","status":"publish","type":"post","link":"https:\/\/stcmedios.com\/index.php\/2024\/10\/02\/atencion-de-adolescente-y-adulto-para-el-servicio-medico\/","title":{"rendered":"Atenci\u00f3n de adolescente y adulto para el servicio medico"},"content":{"rendered":"<p><div class='wpo_youtube_preview_container'><img src=\"https:\/\/stcmedios.com\/wp-content\/cache\/wpo-youtube-thumbnails\/McyVp2lGf2Q-maxresdefault.jpg\" class=\"wpo_youtube_preview\" data-video-url=\"https:\/\/www.youtube.com\/embed\/McyVp2lGf2Q?feature=oembed\" alt=\"YouTube thumbnail\" data-iframe-attr=\"{&quot;loading&quot;:&quot;lazy&quot;,&quot;title&quot;:&quot;Atenci\\u00f3n de adolescente y adulto para el servicio medico&quot;,&quot;width&quot;:&quot;640&quot;,&quot;height&quot;:&quot;360&quot;,&quot;src&quot;:&quot;https:\\\/\\\/www.youtube.com\\\/embed\\\/McyVp2lGf2Q?feature=oembed&quot;,&quot;frameborder&quot;:&quot;0&quot;,&quot;allow&quot;:&quot;accelerometer; autoplay; clipboard-write; encrypted-media; gyroscope; picture-in-picture; web-share&quot;,&quot;referrerpolicy&quot;:&quot;strict-origin-when-cross-origin&quot;,&quot;allowfullscreen&quot;:&quot;&quot;}\"\/><span class=\"wpo_youtube_preview_overlay\"><img src=\"https:\/\/stcmedios.com\/wp-content\/plugins\/wp-optimize-premium\/images\/icon\/icons8-youtube-96.svg\" alt=\"YouTube icon\"\/><\/span><\/div><\/p>\n<p>&nbsp;<\/p>\n<p><span class=\"yt-core-attributed-string--link-inherit-color\" dir=\"auto\">Salud y Vida \/\/Espacio Institucional de Hospital Nuestra Se\u00f1ora del Tr\u00e1nsito de Tocancip\u00e1. Hoy con el coordinador de consulta externa: Alejandro Zambrano, habla sobre la atenci\u00f3n de adolescente y adulto en el hospital nuestra se\u00f1ora del transito. La misi\u00f3n del hospital es brindar atenci\u00f3n m\u00e9dica de calidad y con calidez. \u00a1No dudes en acercarte y aprovechar estos servicios al servicio de la comunidad! <\/span><span class=\"yt-core-attributed-string--link-inherit-color\" dir=\"auto\"><a class=\"yt-core-attributed-string__link yt-core-attributed-string__link--call-to-action-color\" tabindex=\"0\" href=\"https:\/\/www.youtube.com\/hashtag\/hospitaldetocancipa\" target=\"\" rel=\"noopener\">#hospitaldetocancipa<\/a><\/span> <span class=\"yt-core-attributed-string--link-inherit-color\" dir=\"auto\"><a class=\"yt-core-attributed-string__link yt-core-attributed-string__link--call-to-action-color\" tabindex=\"0\" href=\"https:\/\/www.youtube.com\/hashtag\/hospitalnuestrase%C3%B1oradeltransitotocancipa\" target=\"\" rel=\"noopener\">#hospitalnuestrase\u00f1oradeltransitotocancipa<\/a><\/span> <span class=\"yt-core-attributed-string--link-inherit-color\" dir=\"auto\"><a class=\"yt-core-attributed-string__link yt-core-attributed-string__link--call-to-action-color\" tabindex=\"0\" href=\"https:\/\/www.youtube.com\/hashtag\/atencionmedica\" target=\"\" rel=\"noopener\">#atencionmedica<\/a><\/span><span class=\"yt-core-attributed-string--link-inherit-color\" dir=\"auto\">\ud83d\ude37 <\/span><span class=\"yt-core-attributed-string--link-inherit-color\" dir=\"auto\"><a class=\"yt-core-attributed-string__link yt-core-attributed-string__link--call-to-action-color\" tabindex=\"0\" href=\"https:\/\/www.youtube.com\/hashtag\/salud\" target=\"\" rel=\"noopener\">#salud<\/a><\/span><span class=\"yt-core-attributed-string--link-inherit-color\" dir=\"auto\"> Hospital Nuestra Se\u00f1ora del Transito de Tocancip\u00e1<\/span><\/p>\n","protected":false},"excerpt":{"rendered":"<p>&nbsp; Salud y Vida \/\/Espacio Institucional de Hospital Nuestra Se\u00f1ora del Tr\u00e1nsito de Tocancip\u00e1. Hoy con el coordinador de consulta externa: Alejandro Zambrano, habla sobre la atenci\u00f3n de adolescente y adulto en el hospital nuestra se\u00f1ora del transito. La misi\u00f3n del hospital es brindar atenci\u00f3n m\u00e9dica de calidad y con calidez. \u00a1No dudes en acercarte [&hellip;]<\/p>\n","protected":false},"author":1,"featured_media":3837,"comment_status":"open","ping_status":"open","sticky":false,"template":"","format":"video","meta":{"rop_custom_images_group":[],"rop_custom_messages_group":[],"rop_publish_now":"initial","rop_publish_now_accounts":{"facebook_1821922728178256_102311254498371":""},"rop_publish_now_history":[],"rop_publish_now_status":"pending","footnotes":""},"categories":[5],"tags":[430],"class_list":["post-3836","post","type-post","status-publish","format-video","has-post-thumbnail","hentry","category-cultura","tag-hospitaldetocancipa-hospitalnuestrasenoradeltransitotocancipa-enfermedadesrespiratorias-salud","post_format-post-format-video"],"_links":{"self":[{"href":"https:\/\/stcmedios.com\/index.php\/wp-json\/wp\/v2\/posts\/3836","targetHints":{"allow":["GET"]}}],"collection":[{"href":"https:\/\/stcmedios.com\/index.php\/wp-json\/wp\/v2\/posts"}],"about":[{"href":"https:\/\/stcmedios.com\/index.php\/wp-json\/wp\/v2\/types\/post"}],"author":[{"embeddable":true,"href":"https:\/\/stcmedios.com\/index.php\/wp-json\/wp\/v2\/users\/1"}],"replies":[{"embeddable":true,"href":"https:\/\/stcmedios.com\/index.php\/wp-json\/wp\/v2\/comments?post=3836"}],"version-history":[{"count":0,"href":"https:\/\/stcmedios.com\/index.php\/wp-json\/wp\/v2\/posts\/3836\/revisions"}],"wp:featuredmedia":[{"embeddable":true,"href":"https:\/\/stcmedios.com\/index.php\/wp-json\/wp\/v2\/media\/3837"}],"wp:attachment":[{"href":"https:\/\/stcmedios.com\/index.php\/wp-json\/wp\/v2\/media?parent=3836"}],"wp:term":[{"taxonomy":"category","embeddable":true,"href":"https:\/\/stcmedios.com\/index.php\/wp-json\/wp\/v2\/categories?post=3836"},{"taxonomy":"post_tag","embeddable":true,"href":"https:\/\/stcmedios.com\/index.php\/wp-json\/wp\/v2\/tags?post=3836"}],"curies":[{"name":"wp","href":"https:\/\/api.w.org\/{rel}","templated":true}]}}