{"id":3782,"date":"2024-09-24T14:47:20","date_gmt":"2024-09-24T14:47:20","guid":{"rendered":"https:\/\/stcmedios.com\/?p=3782"},"modified":"2024-09-24T14:47:20","modified_gmt":"2024-09-24T14:47:20","slug":"experto-colombiano-de-fao-seleccionado-para-integrar-mesa-tecnica-de-la-unfccc-sobre-metas-e-indicadores-globales-de-adaptacion-al-cambio-climatico","status":"publish","type":"post","link":"https:\/\/stcmedios.com\/index.php\/2024\/09\/24\/experto-colombiano-de-fao-seleccionado-para-integrar-mesa-tecnica-de-la-unfccc-sobre-metas-e-indicadores-globales-de-adaptacion-al-cambio-climatico\/","title":{"rendered":"Experto colombiano de FAO seleccionado para integrar mesa t\u00e9cnica de la UNFCCC sobre metas e indicadores globales de adaptaci\u00f3n al cambio clim\u00e1tico"},"content":{"rendered":"<p>Los presidentes de los \u00f3rganos subsidiarios de la Convenci\u00f3n Marco de las Naciones Unidas sobre el Cambio Clim\u00e1tico (UNFCC) designaron esta semana 78 expertos en indicadores de adaptaci\u00f3n al cambio clim\u00e1tico en todo el mundo, una de esas postulaciones fue para Colombia con la nominaci\u00f3n del profesional en Ciencias Biol\u00f3gicas (U. Andes) y candidato a PhD en Geograf\u00eda (U. Nacional de Colombia), Jorge Guti\u00e9rrez Valderrama, coordinador de la FAO en Colombia de la l\u00ednea de cambio clim\u00e1tico con \u00e9nfasis en adaptaci\u00f3n y\u00a0 la herramienta WaPOR, la base de datos de acceso libre sobre la productividad del agua para el sector agropecuario (por sus siglas en ingl\u00e9s).<\/p>\n<p>Los expertos convocados representan un grupo multidisciplinario y diverso de cient\u00edficos y l\u00edderes t\u00e9cnicos para llevar a cabo la tarea de desarrollar en lo que en t\u00e9rminos especializados se denomina el \u201cMarco Global para la Resiliencia Clim\u00e1tica\u201d (<strong>United Arab Emirates\u2013Bel\u00e9m work programme)<\/strong>.<\/p>\n<p>En Am\u00e9rica Latina los otros pa\u00edses que lograron esta asignaci\u00f3n fueron: M\u00e9xico, Argentina, Brasil, Per\u00fa y Uruguay. Este espacio permite extender la cooperaci\u00f3n t\u00e9cnica de la FAO en Colombia a diferentes actores del sector agropecuario y as\u00ed lograr que el pa\u00eds sea un referente en el dise\u00f1o, recopilaci\u00f3n, fortalecimiento y extensi\u00f3n de las pr\u00e1cticas de adaptaci\u00f3n existentes.<\/p>\n<p>Para Jorge Guti\u00e9rrez, cada vez toma m\u00e1s fuerza el reportar y evidenciar m\u00e9tricas en la transformaci\u00f3n de pr\u00e1cticas de adaptaci\u00f3n. \u201cEstamos confirmando y consolidando conocimiento sobre un aspecto complejo de la adaptaci\u00f3n, las m\u00e9tricas y la evidencia a trav\u00e9s del tiempo: es la primera vez que se generar\u00e1 un marco global de indicadores para una meta global en adaptaci\u00f3n y desde Colombia podemos aportar basados en lo aprendido en la implementaci\u00f3n de proyectos de adaptaci\u00f3n transformativa en el territorio\u201d.<\/p>\n<p>En este sentido, y con la cooperaci\u00f3n t\u00e9cnica brindada a trav\u00e9s del proyecto SCALA, Guti\u00e9rrez destaca la importancia que tiene la\u00a0<strong><em>Certificaci\u00f3n de Agricultura Adaptada al Cambio Clim\u00e1tico<\/em><\/strong>, un mecanismo que permite valorar e incentivar acciones de adaptaci\u00f3n en sistemas agr\u00edcolas fortaleciendo procesos de monitoreo y evaluaci\u00f3n a trav\u00e9s de la identificaci\u00f3n de indicadores aplicados a sistemas productivos de peque\u00f1a escala. Este proceso viene implement\u00e1ndose desde el a\u00f1o 2022 con el primer piloto nacional adelantado en caficultura adaptada al cambio clim\u00e1tico, realizado en Pitalito (Huila) y en el que se ha tenido el apoyo y participaci\u00f3n del Comit\u00e9 de Cafeteros del Huila, el gobierno municipal, en conjunto con el Ministerio de Agricultura y Desarrollo Rural.<\/p>\n<p>La presencia de Guti\u00e9rrez Valderrama en esta mesa t\u00e9cnica global de expertos abre ventanas de oportunidad, pues constituye el reconocimiento del pa\u00eds en la experiencia de generaci\u00f3n de indicadores y a su vez permite la posibilidad de interacci\u00f3n global y construcci\u00f3n de la Meta Global en Adaptaci\u00f3n. \u201cPodemos incluir indicadores que hemos venido gestionando, sobre la base de nuestra biodiversidad, sistemas productivos agr\u00edcolas y conocimiento tradicional, entre otros, identificar trayectorias adaptativas y poder decir si nos adaptamos o no y en qu\u00e9 medida\u201d explic\u00f3.<\/p>\n<p>El cambio clim\u00e1tico es uno de los m\u00e1s grandes desaf\u00edos en nuestro tiempo. Lograr este espacio en la mesa t\u00e9cnica, previo al desarrollo de la\u00a0<a href=\"https:\/\/www.fao.org\/biodiversity\/our-work\/cbd-processes\/fao-at-cop16\/es\">COP16<\/a> en Colombia, evidencia que el pa\u00eds es un referente en la b\u00fasqueda de soluciones para adaptarse a sus efectos inminentes y con ello se posiciona en espacios de investigaci\u00f3n y toma de decisiones clim\u00e1ticas internacionales.<\/p>\n<p><strong>La labor de la FAO en materia de cambio clim\u00e1tico<\/strong><\/p>\n<p>El cambio clim\u00e1tico amenaza la capacidad de garantizar la seguridad alimentaria mundial, erradicar la pobreza y lograr el desarrollo sostenible. En 2016, el 31 % de las emisiones mundiales generadas por la actividad humana provinieron de los sistemas agroalimentarios, incluidos temas relacionados con deforestaci\u00f3n, producci\u00f3n ganadera, la gesti\u00f3n de los suelos y nutrientes, y la p\u00e9rdida y el desperdicio de alimentos.<\/p>\n<p>El cambio clim\u00e1tico tiene efectos tanto directos como indirectos en los sistemas agroalimentarios debido a reg\u00edmenes de precipitaciones y temperaturas cambiantes e impredecibles, una mayor incidencia de fen\u00f3menos meteorol\u00f3gicos extremos como sequ\u00edas e inundaciones, y brotes de plagas y enfermedades.<\/p>\n<p>Ante los m\u00faltiples desaf\u00edos que trae el cambio clim\u00e1tico, la FAO brinda apoyo a los pa\u00edses desde la mitigaci\u00f3n, mediante la reducci\u00f3n o prevenci\u00f3n de las emisiones de gases de efecto invernadero, as\u00ed como en la adaptaci\u00f3n, a trav\u00e9s del desarrollo de un amplio abanico de programas y proyectos pr\u00e1cticos y basados en investigaciones, como parte integral de la Agenda 2030 y de su\u00a0<a href=\"https:\/\/www.fao.org\/climate-change\/action-areas\/fao-strategic-framework\/es\">Marco Estrat\u00e9gico<\/a>.<\/p>\n<p>Temas, que entre otros, har\u00e1n parte de la agenda de la Conferencia de las Naciones Unidas sobre el Cambio Clim\u00e1tico de 2024 (<a href=\"https:\/\/www.fao.org\/climate-change\/fao-at-cop29\/en\">COP29<\/a>), que se celebrar\u00e1 en Bak\u00fa, Azerbaiy\u00e1n, del 11 al 22 de noviembre, y que representa un acontecimiento hist\u00f3rico en el esfuerzo mundial por combatir el cambio clim\u00e1tico y garantizar la seguridad alimentaria para las generaciones presentes y futuras.<\/p>\n<p><strong>Elaborado por:<br \/>\n<\/strong><a href=\"mailto:diana.samacaramirez@fao.org\">Diana Samac\u00e1 Ram\u00edrez<br \/>\n<\/a>Oficina de Comunicaciones<br \/>\nRepresentaci\u00f3n de la FAO en Colombia<\/p>\n","protected":false},"excerpt":{"rendered":"<p>Los presidentes de los \u00f3rganos subsidiarios de la Convenci\u00f3n Marco de las Naciones Unidas sobre el Cambio Clim\u00e1tico (UNFCC) designaron esta semana 78 expertos en indicadores de adaptaci\u00f3n al cambio clim\u00e1tico en todo el mundo, una de esas postulaciones fue para Colombia con la nominaci\u00f3n del profesional en Ciencias Biol\u00f3gicas (U. Andes) y candidato a [&hellip;]<\/p>\n","protected":false},"author":1,"featured_media":3783,"comment_status":"open","ping_status":"open","sticky":false,"template":"","format":"standard","meta":{"rop_custom_images_group":[],"rop_custom_messages_group":[],"rop_publish_now":"initial","rop_publish_now_accounts":{"facebook_1821922728178256_102311254498371":""},"rop_publish_now_history":[],"rop_publish_now_status":"pending","footnotes":""},"categories":[4],"tags":[],"class_list":["post-3782","post","type-post","status-publish","format-standard","has-post-thumbnail","hentry","category-prensa"],"_links":{"self":[{"href":"https:\/\/stcmedios.com\/index.php\/wp-json\/wp\/v2\/posts\/3782","targetHints":{"allow":["GET"]}}],"collection":[{"href":"https:\/\/stcmedios.com\/index.php\/wp-json\/wp\/v2\/posts"}],"about":[{"href":"https:\/\/stcmedios.com\/index.php\/wp-json\/wp\/v2\/types\/post"}],"author":[{"embeddable":true,"href":"https:\/\/stcmedios.com\/index.php\/wp-json\/wp\/v2\/users\/1"}],"replies":[{"embeddable":true,"href":"https:\/\/stcmedios.com\/index.php\/wp-json\/wp\/v2\/comments?post=3782"}],"version-history":[{"count":0,"href":"https:\/\/stcmedios.com\/index.php\/wp-json\/wp\/v2\/posts\/3782\/revisions"}],"wp:featuredmedia":[{"embeddable":true,"href":"https:\/\/stcmedios.com\/index.php\/wp-json\/wp\/v2\/media\/3783"}],"wp:attachment":[{"href":"https:\/\/stcmedios.com\/index.php\/wp-json\/wp\/v2\/media?parent=3782"}],"wp:term":[{"taxonomy":"category","embeddable":true,"href":"https:\/\/stcmedios.com\/index.php\/wp-json\/wp\/v2\/categories?post=3782"},{"taxonomy":"post_tag","embeddable":true,"href":"https:\/\/stcmedios.com\/index.php\/wp-json\/wp\/v2\/tags?post=3782"}],"curies":[{"name":"wp","href":"https:\/\/api.w.org\/{rel}","templated":true}]}}