{"id":3752,"date":"2024-09-20T21:27:35","date_gmt":"2024-09-20T21:27:35","guid":{"rendered":"https:\/\/stcmedios.com\/?p=3752"},"modified":"2024-09-20T21:27:35","modified_gmt":"2024-09-20T21:27:35","slug":"las-altas-temperaturas-presentadas-en-las-ultimas-horas-han-marcado-record-en-varios-municipios-del-pais","status":"publish","type":"post","link":"https:\/\/stcmedios.com\/index.php\/2024\/09\/20\/las-altas-temperaturas-presentadas-en-las-ultimas-horas-han-marcado-record-en-varios-municipios-del-pais\/","title":{"rendered":"Las altas temperaturas presentadas en las ultimas horas, han marcado record en varios municipios del pa\u00eds"},"content":{"rendered":"<p>La situaci\u00f3n clim\u00e1tica del pa\u00eds en la actualidad ha sido cr\u00edtica, lo que ha generado precipitaciones y altas temperaturas en gran parte del pa\u00eds; de acuerdo con el \u00faltimo informe entregado por el t\u00e9cnico Dar\u00edo de condiciones Hidrometeorol\u00f3gicas, Alertas y Pron\u00f3sticos del Ideam, en las ultimas horas se han registrado en al menos 21 municipios, temperaturas por encima de los 36 grados cent\u00edgrados.<br \/>\nSeg\u00fan dicho reporte, los municipios que superaron sus r\u00e9cords de temperatura en las \u00faltimas 24 horas fueron: el municipio de Alejandr\u00eda, Antioquia que alcanz\u00f3 los 28,2 \u00b0C, sobrepasando su tope hist\u00f3rico de 28 \u00b0C presentado el 2 de septiembre de 2014. En Taminango, Nari\u00f1o, alcanz\u00f3 una temperatura de 30,6 \u00b0C, superando su tope hist\u00f3rico de 30 \u00b0C reportado el 28 de septiembre de 2015, por ultimo encontramos el municipio de Anapoima, Cundinamarca: con un reporte de 37,4 \u00b0C rebasando su marca hist\u00f3rica de 36,8 \u00b0C presentada el 3 de septiembre de 2019.<br \/>\nDe acuerdo con la directora del ideam Ghisliane Echeverry Prieto, lo ocurrido en las \u00faltimas horas es el resultado de las condiciones clim\u00e1ticas del pa\u00eds; la cual afirmo, que en el mes de septiembre la temperatura del pa\u00eds siempre es alta, sin embargo existen varios factores que alteran los cambios clim\u00e1ticos; y a\u00f1adi\u00f3:<br \/>\n\u201cEl primero de ellos es el cambio clim\u00e1tico que nos est\u00e1 dando esta nueva realidad atmosf\u00e9rica, rompiendo r\u00e9cords de temperatura en varios municipios. Tambi\u00e9n est\u00e1 pasando la oscilaci\u00f3n de Maiden-Julian en una fase que genera aumento de temperaturas y disminuye las precipitaciones. Pero con todo esto, tambi\u00e9n tenemos la zona de confluencia intertropical, que es en general una gran banda de nubes que, dependiendo de d\u00f3nde se ubiquen, pueden provocar lluvias\u201d, se\u00f1al\u00f3 Echeverry.<br \/>\nDe acuerdo, con lo mencionado por la funcionaria el area de confluencia intertropical est\u00e1 ubicada en este momento en la zona del norte del pa\u00eds, debido a la situaci\u00f3n clim\u00e1tica del atl\u00e1ntico, el cual ha generado un d\u00e9ficit de lluvias en el sur. Dichas condiciones se mantendr\u00e1n todo el mes de septiembre, por lo cual, continuaran las emergencias de vendavales en el caribe e incendios forestales en el resto del pa\u00eds; de igual manera afirmo que la temporada de ciclones ira hasta el mes el noviembre del presente a\u00f1o, mientras se presentes las ondas tropicales que afectaran las regiones caribe y andina.<br \/>\nPara concluir la directora del Ideam agrego, que las predicciones clim\u00e1ticas frente a las regiones Amaz\u00f3nica y Orinoquia se mantendr\u00e1n en condiciones de sequ\u00eda hasta el mes de abril del a\u00f1o 2025, por lo cual es de vital importancia tomar medidas urgentes frente a los embalses y la fauna de dichas zonas.<\/p>\n","protected":false},"excerpt":{"rendered":"<p>La situaci\u00f3n clim\u00e1tica del pa\u00eds en la actualidad ha sido cr\u00edtica, lo que ha generado precipitaciones y altas temperaturas en gran parte del pa\u00eds; de acuerdo con el \u00faltimo informe entregado por el t\u00e9cnico Dar\u00edo de condiciones Hidrometeorol\u00f3gicas, Alertas y Pron\u00f3sticos del Ideam, en las ultimas horas se han registrado en al menos 21 municipios, [&hellip;]<\/p>\n","protected":false},"author":1,"featured_media":3753,"comment_status":"open","ping_status":"open","sticky":false,"template":"","format":"standard","meta":{"rop_custom_images_group":[],"rop_custom_messages_group":[],"rop_publish_now":"initial","rop_publish_now_accounts":{"facebook_1821922728178256_102311254498371":""},"rop_publish_now_history":[],"rop_publish_now_status":"pending","footnotes":""},"categories":[4],"tags":[],"class_list":["post-3752","post","type-post","status-publish","format-standard","has-post-thumbnail","hentry","category-prensa"],"_links":{"self":[{"href":"https:\/\/stcmedios.com\/index.php\/wp-json\/wp\/v2\/posts\/3752","targetHints":{"allow":["GET"]}}],"collection":[{"href":"https:\/\/stcmedios.com\/index.php\/wp-json\/wp\/v2\/posts"}],"about":[{"href":"https:\/\/stcmedios.com\/index.php\/wp-json\/wp\/v2\/types\/post"}],"author":[{"embeddable":true,"href":"https:\/\/stcmedios.com\/index.php\/wp-json\/wp\/v2\/users\/1"}],"replies":[{"embeddable":true,"href":"https:\/\/stcmedios.com\/index.php\/wp-json\/wp\/v2\/comments?post=3752"}],"version-history":[{"count":0,"href":"https:\/\/stcmedios.com\/index.php\/wp-json\/wp\/v2\/posts\/3752\/revisions"}],"wp:featuredmedia":[{"embeddable":true,"href":"https:\/\/stcmedios.com\/index.php\/wp-json\/wp\/v2\/media\/3753"}],"wp:attachment":[{"href":"https:\/\/stcmedios.com\/index.php\/wp-json\/wp\/v2\/media?parent=3752"}],"wp:term":[{"taxonomy":"category","embeddable":true,"href":"https:\/\/stcmedios.com\/index.php\/wp-json\/wp\/v2\/categories?post=3752"},{"taxonomy":"post_tag","embeddable":true,"href":"https:\/\/stcmedios.com\/index.php\/wp-json\/wp\/v2\/tags?post=3752"}],"curies":[{"name":"wp","href":"https:\/\/api.w.org\/{rel}","templated":true}]}}