{"id":3719,"date":"2024-09-11T20:27:07","date_gmt":"2024-09-11T20:27:07","guid":{"rendered":"https:\/\/stcmedios.com\/?p=3719"},"modified":"2024-09-11T20:27:38","modified_gmt":"2024-09-11T20:27:38","slug":"gremio-de-taxistas-en-medellin-convoca-paro-pero-bogota-no-se-une-satisfaccion-por-controles-vigentes","status":"publish","type":"post","link":"https:\/\/stcmedios.com\/index.php\/2024\/09\/11\/gremio-de-taxistas-en-medellin-convoca-paro-pero-bogota-no-se-une-satisfaccion-por-controles-vigentes\/","title":{"rendered":"Gremio de taxistas en Medell\u00edn convoca paro, pero Bogot\u00e1 no se une: satisfacci\u00f3n por controles vigentes"},"content":{"rendered":"<p>El gremio de taxistas en Medell\u00edn, representado por la Confederaci\u00f3n de Taxis (Confetax), ha convocado un paro para protestar contra lo que consideran una falta de control por parte de las autoridades frente a la \u00abpirater\u00eda\u00bb en el transporte individual. La manifestaci\u00f3n, que se llevar\u00e1 a cabo en las principales ciudades de Antioquia, busca que los taxistas de otras ciudades del pa\u00eds se unan al cese de actividades. Sin embargo, en Bogot\u00e1, los l\u00edderes de los taxistas han expresado su desacuerdo con la convocatoria y se muestran satisfechos con los controles que actualmente est\u00e1n en marcha en la capital.<\/p>\n<p>La protesta promovida por Confetax surge en respuesta a la supuesta permisividad de las autoridades de tr\u00e1nsito frente a veh\u00edculos que ofrecen servicios de transporte sin la debida homologaci\u00f3n, lo que afecta a los taxistas que operan bajo la legalidad. Patricio Gaviria, abogado y propietario de taxis en Medell\u00edn, en declaraciones a Red +, aclar\u00f3 que los taxistas no est\u00e1n en contra de las aplicaciones tecnol\u00f3gicas de transporte, ya que ellos mismos las utilizan para optimizar su servicio. No obstante, exigen que se tomen medidas en contra de los veh\u00edculos que no cuentan con los permisos necesarios para operar, tal y como lo establece la ley.<\/p>\n<p><strong>Antecedentes del paro camionero<\/strong><\/p>\n<p>Este nuevo paro del gremio de taxistas se presenta apenas una semana despu\u00e9s de la masiva movilizaci\u00f3n de transportadores de carga, que afect\u00f3 a 22 departamentos del pa\u00eds. A diferencia de aquel paro, que tuvo como motivo central el aumento del precio del di\u00e9sel, los taxistas de Medell\u00edn no se manifestar\u00e1n por el costo de los combustibles. En esta ocasi\u00f3n, sus demandas se centran exclusivamente en exigir mayores controles a lo que consideran \u00abcompetencia ilegal\u00bb, es decir, veh\u00edculos que movilizan pasajeros sin contar con las habilitaciones legales correspondientes.<\/p>\n<p>Las manifestaciones no se limitar\u00e1n a Medell\u00edn, sino que tambi\u00e9n se extender\u00e1n a municipios antioque\u00f1os como Envigado, Itag\u00fc\u00ed, Sabaneta, Caldas, La Estrella y Bello. De acuerdo con los promotores del paro, se espera que taxistas de otras ciudades como Bogot\u00e1, Ibagu\u00e9, Manizales, Florencia, Valledupar y Monter\u00eda tambi\u00e9n se sumen a las protestas, aunque este \u00faltimo punto ha generado controversia.<\/p>\n<p><strong>Desacuerdo en Bogot\u00e1<\/strong><\/p>\n<p>Hugo Ospina, l\u00edder del gremio de taxistas en Bogot\u00e1 y representante legal de la Asociaci\u00f3n de Propietarios y Conductores de Taxi (Asoproctax), ha sido enf\u00e1tico al declarar que no apoyar\u00e1n este paro convocado desde Medell\u00edn. Ospina, en declaraciones a los medios, asegur\u00f3 que no conocen a quienes han organizado la protesta y que las organizaciones sindicales de taxistas en la capital del pa\u00eds no respaldar\u00e1n estas acciones.<\/p>\n<p>\u00abEn Bogot\u00e1 no apoyamos ese paro\u00bb, sentenci\u00f3 Ospina. Seg\u00fan \u00e9l, en la capital se han cumplido los acuerdos que se establecieron con la Alcald\u00eda y las autoridades de tr\u00e1nsito tras el paro de finales de julio. En aquel momento, los taxistas bogotanos lograron pactar una serie de compromisos con el gobierno local, especialmente en cuanto al control de los veh\u00edculos que prestan servicios de transporte de manera ilegal.<\/p>\n<p>\u00abA ese se\u00f1or que promueve ese paro no lo conocemos ni en Bogot\u00e1 ni en Medell\u00edn, no sabemos qui\u00e9n es y no tenemos conocimiento de ese paro. Nadie lo va a apoyar\u00bb, agreg\u00f3 el representante de Asoproctax, dejando en claro que, al menos en la capital del pa\u00eds, no habr\u00e1 respaldo para la manifestaci\u00f3n que se est\u00e1 organizando en el departamento de Antioquia.<\/p>\n<p><strong>\u00bfQu\u00e9 sigue para los taxistas?<\/strong><\/p>\n<p>El paro de taxistas en Medell\u00edn pone de manifiesto una creciente tensi\u00f3n en el gremio frente a la regulaci\u00f3n del transporte individual en el pa\u00eds. Mientras que en algunas ciudades, como Bogot\u00e1, los acuerdos alcanzados con las autoridades locales han generado satisfacci\u00f3n en el gremio, en otras regiones, como Antioquia, persiste la insatisfacci\u00f3n por la falta de control sobre los veh\u00edculos no autorizados.<\/p>\n<p>A medida que se acercan las fechas de la manifestaci\u00f3n, se espera que m\u00e1s ciudades confirmen su participaci\u00f3n o su rechazo a la convocatoria. De momento, el escenario parece dividido, con una clara l\u00ednea entre quienes apoyan el paro y quienes, como en Bogot\u00e1, prefieren mantener la calma y seguir apostando por los acuerdos vigentes con las autoridades.<img loading=\"lazy\" decoding=\"async\" class=\"alignnone size-medium wp-image-3720 lazyload\" src=\"data:image\/gif;base64,R0lGODlhAQABAAAAACH5BAEKAAEALAAAAAABAAEAAAICTAEAOw==\" alt=\"\" width=\"300\" height=\"169\" sizes=\"auto, (max-width: 300px) 100vw, 300px\" data-src=\"https:\/\/stcmedios.com\/wp-content\/uploads\/2024\/09\/WhatsApp-Image-2024-09-11-at-3.25.54-PM-300x169.jpeg\" data-srcset=\"https:\/\/stcmedios.com\/wp-content\/uploads\/2024\/09\/WhatsApp-Image-2024-09-11-at-3.25.54-PM-300x169.jpeg 300w, https:\/\/stcmedios.com\/wp-content\/uploads\/2024\/09\/WhatsApp-Image-2024-09-11-at-3.25.54-PM-1024x576.jpeg 1024w, https:\/\/stcmedios.com\/wp-content\/uploads\/2024\/09\/WhatsApp-Image-2024-09-11-at-3.25.54-PM-768x432.jpeg 768w, https:\/\/stcmedios.com\/wp-content\/uploads\/2024\/09\/WhatsApp-Image-2024-09-11-at-3.25.54-PM.jpeg 1280w\"><\/p>\n","protected":false},"excerpt":{"rendered":"<p>El gremio de taxistas en Medell\u00edn, representado por la Confederaci\u00f3n de Taxis (Confetax), ha convocado un paro para protestar contra lo que consideran una falta de control por parte de las autoridades frente a la \u00abpirater\u00eda\u00bb en el transporte individual. La manifestaci\u00f3n, que se llevar\u00e1 a cabo en las principales ciudades de Antioquia, busca que [&hellip;]<\/p>\n","protected":false},"author":1,"featured_media":3720,"comment_status":"open","ping_status":"open","sticky":false,"template":"","format":"standard","meta":{"rop_custom_images_group":[],"rop_custom_messages_group":[],"rop_publish_now":"initial","rop_publish_now_accounts":{"facebook_1821922728178256_102311254498371":""},"rop_publish_now_history":[],"rop_publish_now_status":"pending","footnotes":""},"categories":[4],"tags":[86,29,30,15,125],"class_list":["post-3719","post","type-post","status-publish","format-standard","has-post-thumbnail","hentry","category-prensa","tag-gobernacion-de-cundinamarca","tag-movilidad","tag-periodismo","tag-stcmedios","tag-zipaquira"],"_links":{"self":[{"href":"https:\/\/stcmedios.com\/index.php\/wp-json\/wp\/v2\/posts\/3719","targetHints":{"allow":["GET"]}}],"collection":[{"href":"https:\/\/stcmedios.com\/index.php\/wp-json\/wp\/v2\/posts"}],"about":[{"href":"https:\/\/stcmedios.com\/index.php\/wp-json\/wp\/v2\/types\/post"}],"author":[{"embeddable":true,"href":"https:\/\/stcmedios.com\/index.php\/wp-json\/wp\/v2\/users\/1"}],"replies":[{"embeddable":true,"href":"https:\/\/stcmedios.com\/index.php\/wp-json\/wp\/v2\/comments?post=3719"}],"version-history":[{"count":0,"href":"https:\/\/stcmedios.com\/index.php\/wp-json\/wp\/v2\/posts\/3719\/revisions"}],"wp:featuredmedia":[{"embeddable":true,"href":"https:\/\/stcmedios.com\/index.php\/wp-json\/wp\/v2\/media\/3720"}],"wp:attachment":[{"href":"https:\/\/stcmedios.com\/index.php\/wp-json\/wp\/v2\/media?parent=3719"}],"wp:term":[{"taxonomy":"category","embeddable":true,"href":"https:\/\/stcmedios.com\/index.php\/wp-json\/wp\/v2\/categories?post=3719"},{"taxonomy":"post_tag","embeddable":true,"href":"https:\/\/stcmedios.com\/index.php\/wp-json\/wp\/v2\/tags?post=3719"}],"curies":[{"name":"wp","href":"https:\/\/api.w.org\/{rel}","templated":true}]}}