{"id":3704,"date":"2024-09-10T16:49:14","date_gmt":"2024-09-10T16:49:14","guid":{"rendered":"https:\/\/stcmedios.com\/?p=3704"},"modified":"2024-09-10T16:49:14","modified_gmt":"2024-09-10T16:49:14","slug":"la-camara-de-comercio-de-bogota-y-la-primera-dama-del-distrito-lanzan-la-segunda-fase-del-programa-mision-nutricion-bogota","status":"publish","type":"post","link":"https:\/\/stcmedios.com\/index.php\/2024\/09\/10\/la-camara-de-comercio-de-bogota-y-la-primera-dama-del-distrito-lanzan-la-segunda-fase-del-programa-mision-nutricion-bogota\/","title":{"rendered":"La C\u00e1mara de Comercio de Bogot\u00e1 y la Primera Dama del Distrito lanzan la segunda fase del programa Misi\u00f3n Nutrici\u00f3n Bogot\u00e1"},"content":{"rendered":"<ul style=\"font-weight: 400;\">\n<li>Esta iniciativa, que\u00a0inici\u00f3 el pasado mes de abril, busca mejorar las condiciones de seguridad alimentaria en la primera infancia con un plan piloto gradual en las 4 localidades de Bogot\u00e1\u00a0m\u00e1s afectadas en materia de desnutrici\u00f3n.<\/li>\n<li>Misi\u00f3n Nutrici\u00f3n Bogot\u00e1 es una iniciativa 100% privada que articula principalmente esfuerzos empresariales y de entidades sin \u00e1nimo de lucro para complementar el accionar de entidades p\u00fablicas. A trav\u00e9s de donaciones de alimentos y de servicios log\u00edsticos y de transporte, se busca beneficiar en esta fase 2 a la localidad de Suba, la segunda m\u00e1s afectada por este flagelo, despu\u00e9s de Kennedy, seg\u00fan datos de la Secretar\u00eda Distrital de Integraci\u00f3n Social.<\/li>\n<li>Durante la segunda fase, se atender\u00e1n las necesidades de casi 1000\u00a0ni\u00f1os adicionales de Suba, localidad que cuenta con cinco de los barrios con los mayores\u00a0niveles de desnutrici\u00f3n en Bogot\u00e1.<\/li>\n<li>Las entidades aliadas invitan a las empresas y a los ciudadanos a sumarse como donantes a trav\u00e9s del enlace\u00a0<a href=\"https:\/\/www.cruzrojabogota.org.co\/mision-nutricion-bogota\" data-saferedirecturl=\"https:\/\/www.google.com\/url?q=https:\/\/www.cruzrojabogota.org.co\/mision-nutricion-bogota&amp;source=gmail&amp;ust=1726071493252000&amp;usg=AOvVaw3O0Cr6MwejJpixpfBCQN-N\">https:\/\/www.cruzrojabogota.org.co\/mision-nutricion-bogota<\/a>\u00a0a esta iniciativa y\/o escribir al correo\u00a0<a href=\"mailto:gestionsocial@alcadiabogota.gov.co\">gestionsocial@alcadiabogota.gov.co<\/a>.<\/li>\n<\/ul>\n<p style=\"text-align: center;\"><img loading=\"lazy\" decoding=\"async\" class=\"alignnone size-medium wp-image-3705 lazyload\" src=\"data:image\/gif;base64,R0lGODlhAQABAAAAACH5BAEKAAEALAAAAAABAAEAAAICTAEAOw==\" alt=\"\" width=\"300\" height=\"195\" sizes=\"auto, (max-width: 300px) 100vw, 300px\" data-src=\"https:\/\/stcmedios.com\/wp-content\/uploads\/2024\/09\/Fotos-Cortesia-de-la-CCB-5-300x195.jpeg\" data-srcset=\"https:\/\/stcmedios.com\/wp-content\/uploads\/2024\/09\/Fotos-Cortesia-de-la-CCB-5-300x195.jpeg 300w, https:\/\/stcmedios.com\/wp-content\/uploads\/2024\/09\/Fotos-Cortesia-de-la-CCB-5-1024x666.jpeg 1024w, https:\/\/stcmedios.com\/wp-content\/uploads\/2024\/09\/Fotos-Cortesia-de-la-CCB-5-768x499.jpeg 768w, https:\/\/stcmedios.com\/wp-content\/uploads\/2024\/09\/Fotos-Cortesia-de-la-CCB-5-1536x999.jpeg 1536w, https:\/\/stcmedios.com\/wp-content\/uploads\/2024\/09\/Fotos-Cortesia-de-la-CCB-5-2048x1332.jpeg 2048w\"><\/p>\n<p style=\"font-weight: 400;\">Con el fin de contribuir con la seguridad alimentaria y reducir la desnutrici\u00f3n infantil en Bogot\u00e1, el pasado mes de abril el presidente de la C\u00e1mara de Comercio de Bogot\u00e1, Ovidio Claros Polanco, y la Primera dama del Distrito, Carolina Deik, lanzaron la fase 1 del programa piloto\u00a0\u00a0\u201cMisi\u00f3n Nutrici\u00f3n Bogot\u00e1\u201d en la localidad de Kennedy.<\/p>\n<p style=\"font-weight: 400;\">Luego de los satisfactorios resultados con\u00a0m\u00e1s de 18,5 toneladas de alimentos\u00a0distribuidos de manera gratuita, que han beneficiado a 1080\u00a0ni\u00f1as y ni\u00f1os\u00a0en Kennedy,\u00a0ahora el turno es para la localidad de Suba que cuenta con cinco de los barrios con los mayores\u00a0niveles de desnutrici\u00f3n, despu\u00e9s de Kennedy. Esta\u00a0es la localidad m\u00e1s poblada de la ciudad, con cerca de 1.350.000 habitantes (14,3% de la poblaci\u00f3n de la ciudad). Seg\u00fan cifras de la Secretar\u00eda Distrital de Integraci\u00f3n Social, para 2021, m\u00e1s de 12 mil ni\u00f1as y ni\u00f1os, entre 0 y 13 a\u00f1os, se encontraban en extrema pobreza.<\/p>\n<p style=\"font-weight: 400;\">Los beneficiados\u00a0en Suba ser\u00e1n cerca de\u00a01000\u00a0ni\u00f1as y ni\u00f1os de 10 fundaciones como son: Fundaci\u00f3n Juntos de la Mano por una Colombia Mejor; Fundaci\u00f3n Dando con el Coraz\u00f3n; Fundaci\u00f3n Social La T\u00eda Loren; Fundaci\u00f3n B\u00fasqueda y Rescate; Fundaci\u00f3n por un Ma\u00f1ana Mejor; Fundaci\u00f3n Colombia Chiquita; Fundaci\u00f3n la Luz del Mundo; Fundaci\u00f3n una Tierra Feliz en Monte de Sion; Fundaci\u00f3n Misioneros Divina Redenci\u00f3n \u2013 Fundir; Asociaci\u00f3n Barranquillera de Caridad ABC \u2013 AMMA. Y como novedad, adem\u00e1s de tener m\u00e1s aliados (Kellogs y Bimbo, entre otros), la Fase 2 llega con una Mesa T\u00e9cnica de Salud, integrada por la Fundaci\u00f3n Santa Fe, Javesalud y Droguer\u00edas Dr Simi.<\/p>\n<p style=\"font-weight: 400;\">Seg\u00fan cifras del registro mercantil de la CCB, la localidad de Suba, reconocida por su importante actividad comercial, cuenta con m\u00e1s de 2 mil empresas potenciales donantes de alimentos en los barrios con alta desnutrici\u00f3n. En particular, en los cinco barrios priorizados existen 877 empresas y solo un comedor comunitario.<\/p>\n<p style=\"font-weight: 400;\">El esquema de colaboraci\u00f3n que propone la Misi\u00f3n Nutrici\u00f3n Bogot\u00e1\u00a0impulsa la activaci\u00f3n de soluciones log\u00edsticas sostenibles para la recolecci\u00f3n y redistribuci\u00f3n de\u00a0excedentes de alimentos, fomentando la educaci\u00f3n nutricional, combatiendo el hambre y promoviendo pr\u00e1cticas de consumo responsable en Bogot\u00e1.<\/p>\n<p style=\"font-weight: 400;\">El trabajo que se ha realizado se fundamenta en el principio de complementariedad para promover esquemas que sumen a los programas existentes en la materia, como son los Comedores Comunitarios, los Programas de Alimentaci\u00f3n Escolar (PAE), los Hogares Comunitarios del ICBF y las acciones del\u00a0Banco\u00a0de Alimentos, entre otros.<\/p>\n<p style=\"font-weight: 400;\">La Primera Dama, la CCB y la Cruz Roja, as\u00ed\u00a0como sus aliados, invitan a la comunidad en general, personas y empresas, a que visiten el enlace\u00a0<a href=\"https:\/\/www.cruzrojabogota.org.co\/mision-nutricion-bogota\" data-saferedirecturl=\"https:\/\/www.google.com\/url?q=https:\/\/www.cruzrojabogota.org.co\/mision-nutricion-bogota&amp;source=gmail&amp;ust=1726071493253000&amp;usg=AOvVaw1PSBDQnU4KkfjEmdvDoO-K\">https:\/\/www.cruzrojabogota.org.co\/mision-nutricion-bogota<\/a>\u00a0y activen sus donaciones en efectivo para que a trav\u00e9s de la reconocida operaci\u00f3n de la Cruz Roja en Bogot\u00e1\u00a0y Cundinamarca se puedan abastecer estas fundaciones en Suba con m\u00e1s y mejores alimentos para el cuidado y buena nutrici\u00f3n de las ni\u00f1as y ni\u00f1os que representan.<\/p>\n<p style=\"font-weight: 400;\"><strong>Las necesidades<\/strong><\/p>\n<p style=\"font-weight: 400;\">Ovidio Claros, presidente de la C\u00e1mara de Comercio de Bogot\u00e1 afirm\u00f3\u00a0que\u00a0\u201c<em>En la C<\/em><em>\u00e1<\/em><em>mara de Comercio de Bogot<\/em><em>\u00e1\u00a0<\/em><em>tenemos un fuerte compromiso en combatir la desnutrici<\/em><em>\u00f3n infantil en Bogot<\/em><em>\u00e1\u00a0<\/em><em>y por ello creamos este a\u00f1<\/em><em>o la Iniciativa Cl\u00fa<\/em><em>ster de Seguridad Alimentaria. En particular, desde este Cl<\/em><em>\u00fa<\/em><em>ster queremos fortalecer los modelos de operaci<\/em><em>\u00f3<\/em><em>n de estas fundaciones para lograr su sostenibilidad e impacto en el mediano y largo plazo, no solamente con el acceso a alimentos y otros elementos que requieren, tambi<\/em><em>\u00e9<\/em><em>n con el acompa\u00f1amiento t<\/em><em>\u00e9<\/em><em>cnico especializado para ajustar su gesti<\/em><em>\u00f3n.\u00a0<\/em><em>Suba, por el gran n<\/em><em>\u00fa<\/em><em>mero de personas que habitan en esta localidad y por las necesidades que tiene en materia de nutrici<\/em><em>\u00f3<\/em><em>n es nuestra segunda apuesta en este plan piloto. Invitamos a otras entidades a que se sumen a este esfuerzo para beneficiar cada vez a m<\/em><em>\u00e1s ni<\/em><em>\u00f1<\/em><em>os<\/em>\u201d.<\/p>\n<p style=\"font-weight: 400;\">\u201c<em>Misi\u00f3n Nutrici\u00f3n Bogot\u00e1 ya es una realidad, que cuenta no solo con la activa participaci\u00f3n de la industria de alimentos y los almacenes de cadena, sino con aliados log\u00edsticos como Rappi, DidiFood y Cruz Roja, sin los cuales no tendr\u00edamos c\u00f3mo distribuir de manera gratuita y efectiva tantas toneladas de alimentos entre los ni\u00f1os y ni\u00f1as de las fundaciones aliadas. Y gracias a los resultados, ahora han llegado tambi\u00e9n los aliados de la Mesa T\u00e9cnica de Salud (Fundaci\u00f3n Santa Fe, Javesalud y Droguer\u00edas Dr Simi) para llevar apoyo psicosocial y asesor\u00eda nutricional<\/em>\u201d, precis\u00f3 Carolina Deik, primera dama del Distrito.<\/p>\n<p style=\"font-weight: 400;\">\u201cInvitamos al sector empresarial, a los emprendedores y personas naturales a donar por medio de nuestra p\u00e1gina web\u00a0<a href=\"http:\/\/www.cruzrojabogota.org.co\/\" data-saferedirecturl=\"https:\/\/www.google.com\/url?q=http:\/\/www.cruzrojabogota.org.co&amp;source=gmail&amp;ust=1726071493253000&amp;usg=AOvVaw1KstJNW_z-DVYdTV6SoXzx\">www.cruzrojabogota.org.co<\/a>, all\u00ed encontraran el canal oficial y autorizado para recibir donaciones o pueden donar por medio de transferencia en nuestra cuenta de Ahorros Bancolombia # 0480000385\u201d, concluy\u00f3\u00a0Gabriel Camero, presidente de la Cruz Roja Bogot\u00e1.<\/p>\n<p style=\"font-weight: 400;\"><strong>Las cifras<\/strong><\/p>\n<p style=\"font-weight: 400;\">Seg\u00fan el\u00a0\u00faltimo reporte del Programa Mundial de Alimentos (PMA) de las Naciones Unidas, en febrero de 2024, Bogot\u00e1\u00a0registr\u00f3\u00a0alrededor de 1.5 millones de personas en condici\u00f3n de inseguridad alimentaria, siendo las localidades de Kennedy (6), Suba (5), Bosa (2) y Fontib\u00f3n (2)\u00a0las que presentan los mayores\u00a0niveles de desnutrici\u00f3n, contando con 15 barrios que tienen niveles superiores al 15% de desnutrici\u00f3n infantil.<\/p>\n<p style=\"font-weight: 400;\"><strong>C\u00e1mara de Comercio de Bogot\u00e1<\/strong>\u00a0<a href=\"http:\/\/www.ccb.org.co\/\" data-saferedirecturl=\"https:\/\/www.google.com\/url?q=http:\/\/www.ccb.org.co&amp;source=gmail&amp;ust=1726071493253000&amp;usg=AOvVaw1lRmc4ujeHXeiypPgpwj73\"><strong>www.ccb.org.co<\/strong><\/a><\/p>\n<p style=\"font-weight: 400;\"><strong>S\u00edguenos: Twitter, Instagram y Facebook @camaracomerbog<\/strong><\/p>\n<p style=\"font-weight: 400;\"><strong>\u00a0\u00a0\u00a0\u00a0<\/strong><\/p>\n","protected":false},"excerpt":{"rendered":"<p>Esta iniciativa, que\u00a0inici\u00f3 el pasado mes de abril, busca mejorar las condiciones de seguridad alimentaria en la primera infancia con un plan piloto gradual en las 4 localidades de Bogot\u00e1\u00a0m\u00e1s afectadas en materia de desnutrici\u00f3n. Misi\u00f3n Nutrici\u00f3n Bogot\u00e1 es una iniciativa 100% privada que articula principalmente esfuerzos empresariales y de entidades sin \u00e1nimo de lucro [&hellip;]<\/p>\n","protected":false},"author":1,"featured_media":3706,"comment_status":"open","ping_status":"open","sticky":false,"template":"","format":"standard","meta":{"rop_custom_images_group":[],"rop_custom_messages_group":[],"rop_publish_now":"initial","rop_publish_now_accounts":{"facebook_1821922728178256_102311254498371":""},"rop_publish_now_history":[],"rop_publish_now_status":"pending","footnotes":""},"categories":[4],"tags":[147,30,25],"class_list":["post-3704","post","type-post","status-publish","format-standard","has-post-thumbnail","hentry","category-prensa","tag-camara-de-comercio-de-bogota","tag-periodismo","tag-stcregion"],"_links":{"self":[{"href":"https:\/\/stcmedios.com\/index.php\/wp-json\/wp\/v2\/posts\/3704","targetHints":{"allow":["GET"]}}],"collection":[{"href":"https:\/\/stcmedios.com\/index.php\/wp-json\/wp\/v2\/posts"}],"about":[{"href":"https:\/\/stcmedios.com\/index.php\/wp-json\/wp\/v2\/types\/post"}],"author":[{"embeddable":true,"href":"https:\/\/stcmedios.com\/index.php\/wp-json\/wp\/v2\/users\/1"}],"replies":[{"embeddable":true,"href":"https:\/\/stcmedios.com\/index.php\/wp-json\/wp\/v2\/comments?post=3704"}],"version-history":[{"count":0,"href":"https:\/\/stcmedios.com\/index.php\/wp-json\/wp\/v2\/posts\/3704\/revisions"}],"wp:featuredmedia":[{"embeddable":true,"href":"https:\/\/stcmedios.com\/index.php\/wp-json\/wp\/v2\/media\/3706"}],"wp:attachment":[{"href":"https:\/\/stcmedios.com\/index.php\/wp-json\/wp\/v2\/media?parent=3704"}],"wp:term":[{"taxonomy":"category","embeddable":true,"href":"https:\/\/stcmedios.com\/index.php\/wp-json\/wp\/v2\/categories?post=3704"},{"taxonomy":"post_tag","embeddable":true,"href":"https:\/\/stcmedios.com\/index.php\/wp-json\/wp\/v2\/tags?post=3704"}],"curies":[{"name":"wp","href":"https:\/\/api.w.org\/{rel}","templated":true}]}}