{"id":3255,"date":"2024-05-03T19:41:22","date_gmt":"2024-05-03T19:41:22","guid":{"rendered":"https:\/\/stcmedios.com\/?p=3255"},"modified":"2024-05-03T19:46:47","modified_gmt":"2024-05-03T19:46:47","slug":"intercambio-de-experiencias-caribe-pacifico-un-espacio-para-el-fortalecimiento-de-la-gobernanza-de-las-comunidades","status":"publish","type":"post","link":"https:\/\/stcmedios.com\/index.php\/2024\/05\/03\/intercambio-de-experiencias-caribe-pacifico-un-espacio-para-el-fortalecimiento-de-la-gobernanza-de-las-comunidades\/","title":{"rendered":"Intercambio de experiencias Caribe-Pac\u00edfico: un espacio para el fortalecimiento de la gobernanza de las comunidades"},"content":{"rendered":"<p>En el marco del proyecto Paisajes Sostenibles: Herencia Colombia, financiado por la Uni\u00f3n Europea y coordinado por la Organizaci\u00f3n de la Naciones Unidas para la Alimentaci\u00f3n y la Agricultura-FAO y el INVEMAR, se realiz\u00f3 el \u2018Taller de fortalecimiento de gobernanza y encuentro de saberes para la conservaci\u00f3n de manglares entre comunidades del paisaje Caribe de la Ci\u00e9naga Grande de Santa Marta y Pac\u00edfico colombiano\u2019 en Bah\u00eda M\u00e1laga, Valle del Cauca.<\/p>\n<p>Durante el encuentro, el Consejo de Comunidades Negras de La Plata Bah\u00eda M\u00e1laga figur\u00f3 como anfitri\u00f3n, promoviendo el di\u00e1logo e intercambio de experiencias sobre los mecanismos que cada comunidad emplea para ejercer la gobernanza ambiental en el marco de sus formas de vida, saberes y tradiciones culturales para la conservaci\u00f3n y uso sostenible de los manglares y su biodiversidad.<\/p>\n<p>Asimismo, fue el espacio para explicar las din\u00e1micas y tensiones que subsisten en torno al ejercicio de la gobernanza del manglar en sus territorios, en donde sobresali\u00f3 la importante labor que han desarrollado las comunidades en torno a la restauraci\u00f3n del manglar.<\/p>\n<p>En el intercambio participaron 22 representantes\/ l\u00edderes de diferentes expresiones comunitarias como: raizales de la Isla de Providencia y Santa Catalina, Asomanglares (Punta Gallina, Alta Guajira), Fundamag y Asopesclarin (Magdalena), ESTUR y ASOPLAYA (Ci\u00e9naga de Mallorqu\u00edn, Atl\u00e1ntico),\u00a0 COPSANA (Bol\u00edvar),\u00a0 ASOMAUSAN (C\u00f3rdoba), Corporaci\u00f3n de ecoturismo \u00abLa Caimanera\u00bb (Cove\u00f1as, Sucre), APESCA (Turbo, Antioquia), Consejo Comunitario Los Riscales (Nuqu\u00ed, Choc\u00f3),\u00a0 Consejo Comunitario R\u00edo Cajambre (Valle del Cauca) y Consejo Comunitario Acapa (Nari\u00f1o).<\/p>\n<p>La jornada tambi\u00e9n cont\u00f3 con representantes de la Direcci\u00f3n de asuntos marinos y costeros del Ministerio de Ambiente y Desarrollo Sostenible, la Corporaci\u00f3n Aut\u00f3noma Regional del Valle del Cauca (CVC) como autoridad ambiental anfitriona, la coordinaci\u00f3n del programa Vida Manglar delegada por la Corporaci\u00f3n Aut\u00f3noma Regional de los Valles del Sin\u00fa y del San Jorge (CVS), WWF Colombia e INVEMAR.<\/p>\n<p>Fuente: <a href=\"https:\/\/www.invemar.org.co\/web\/guest\/noticias\/-\/asset_publisher\/k4yPhAR2OUnT\/content\/intercambio-de-experiencias-caribe-pac%25C3%25ADfico-un-espacio-para-el-fortalecimiento-de-la-gobernanza-de-las-comunidades.?_com_liferay_asset_publisher_web_portlet_AssetPublisherPortlet_INSTANCE_k4yPhAR2OUnT_assetEntryId=227434&amp;_com_liferay_asset_publisher_web_portlet_AssetPublisherPortlet_INSTANCE_k4yPhAR2OUnT_redirect=https%3A%2F%2Fwww.invemar.org.co%2Fweb%2Fguest%2Fnoticias%3Fp_p_id%3Dcom_liferay_asset_publisher_web_portlet_AssetPublisherPortlet_INSTANCE_k4yPhAR2OUnT%26p_p_lifecycle%3D0%26p_p_state%3Dnormal%26p_p_mode%3Dview%26_com_liferay_asset_publisher_web_portlet_AssetPublisherPortlet_INSTANCE_k4yPhAR2OUnT_cur%3D0%26p_r_p_resetCur%3Dfalse%26_com_liferay_asset_publisher_web_portlet_AssetPublisherPortlet_INSTANCE_k4yPhAR2OUnT_assetEntryId%3D227434\" target=\"_blank\" rel=\"noopener\">Invemar<\/a><\/p>\n<p>Foto: FAO Colombia<\/p>\n","protected":false},"excerpt":{"rendered":"<p>En el marco del proyecto Paisajes Sostenibles: Herencia Colombia, financiado por la Uni\u00f3n Europea y coordinado por la Organizaci\u00f3n de la Naciones Unidas para la Alimentaci\u00f3n y la Agricultura-FAO y el INVEMAR, se realiz\u00f3 el \u2018Taller de fortalecimiento de gobernanza y encuentro de saberes para la conservaci\u00f3n de manglares entre comunidades del paisaje Caribe de [&hellip;]<\/p>\n","protected":false},"author":1,"featured_media":3256,"comment_status":"open","ping_status":"open","sticky":false,"template":"","format":"standard","meta":{"rop_custom_images_group":[],"rop_custom_messages_group":[],"rop_publish_now":"initial","rop_publish_now_accounts":{"facebook_1821922728178256_102311254498371":""},"rop_publish_now_history":[],"rop_publish_now_status":"pending","footnotes":""},"categories":[4],"tags":[],"class_list":["post-3255","post","type-post","status-publish","format-standard","has-post-thumbnail","hentry","category-prensa"],"_links":{"self":[{"href":"https:\/\/stcmedios.com\/index.php\/wp-json\/wp\/v2\/posts\/3255","targetHints":{"allow":["GET"]}}],"collection":[{"href":"https:\/\/stcmedios.com\/index.php\/wp-json\/wp\/v2\/posts"}],"about":[{"href":"https:\/\/stcmedios.com\/index.php\/wp-json\/wp\/v2\/types\/post"}],"author":[{"embeddable":true,"href":"https:\/\/stcmedios.com\/index.php\/wp-json\/wp\/v2\/users\/1"}],"replies":[{"embeddable":true,"href":"https:\/\/stcmedios.com\/index.php\/wp-json\/wp\/v2\/comments?post=3255"}],"version-history":[{"count":0,"href":"https:\/\/stcmedios.com\/index.php\/wp-json\/wp\/v2\/posts\/3255\/revisions"}],"wp:featuredmedia":[{"embeddable":true,"href":"https:\/\/stcmedios.com\/index.php\/wp-json\/wp\/v2\/media\/3256"}],"wp:attachment":[{"href":"https:\/\/stcmedios.com\/index.php\/wp-json\/wp\/v2\/media?parent=3255"}],"wp:term":[{"taxonomy":"category","embeddable":true,"href":"https:\/\/stcmedios.com\/index.php\/wp-json\/wp\/v2\/categories?post=3255"},{"taxonomy":"post_tag","embeddable":true,"href":"https:\/\/stcmedios.com\/index.php\/wp-json\/wp\/v2\/tags?post=3255"}],"curies":[{"name":"wp","href":"https:\/\/api.w.org\/{rel}","templated":true}]}}