{"id":3222,"date":"2024-04-22T20:09:36","date_gmt":"2024-04-22T20:09:36","guid":{"rendered":"https:\/\/stcmedios.com\/?p=3222"},"modified":"2024-04-22T20:09:36","modified_gmt":"2024-04-22T20:09:36","slug":"cero-a-la-derecha-emision-10","status":"publish","type":"post","link":"https:\/\/stcmedios.com\/index.php\/2024\/04\/22\/cero-a-la-derecha-emision-10\/","title":{"rendered":"Cero a la derecha \/\/ Emisi\u00f3n 10"},"content":{"rendered":"<p><div class='wpo_youtube_preview_container'><img src=\"https:\/\/stcmedios.com\/wp-content\/cache\/wpo-youtube-thumbnails\/LbYZiVn2hLY-sddefault.jpg\" class=\"wpo_youtube_preview\" data-video-url=\"https:\/\/www.youtube.com\/embed\/LbYZiVn2hLY?feature=oembed\" alt=\"YouTube thumbnail\" data-iframe-attr=\"{&quot;loading&quot;:&quot;lazy&quot;,&quot;title&quot;:&quot;Institucional \\\/\\\/Cero a la Derecha \\\/\\\/ Tr\\u00e1mites de Migraci\\u00f3n Colombia II&quot;,&quot;width&quot;:&quot;640&quot;,&quot;height&quot;:&quot;360&quot;,&quot;src&quot;:&quot;https:\\\/\\\/www.youtube.com\\\/embed\\\/LbYZiVn2hLY?feature=oembed&quot;,&quot;frameborder&quot;:&quot;0&quot;,&quot;allow&quot;:&quot;accelerometer; autoplay; clipboard-write; encrypted-media; gyroscope; picture-in-picture; web-share&quot;,&quot;referrerpolicy&quot;:&quot;strict-origin-when-cross-origin&quot;,&quot;allowfullscreen&quot;:&quot;&quot;}\"\/><span class=\"wpo_youtube_preview_overlay\"><img src=\"https:\/\/stcmedios.com\/wp-content\/plugins\/wp-optimize-premium\/images\/icon\/icons8-youtube-96.svg\" alt=\"YouTube icon\"\/><\/span><\/div><\/p>\n<p><span class=\"yt-core-attributed-string yt-core-attributed-string--white-space-pre-wrap\"><span class=\"yt-core-attributed-string--link-inherit-color\">Institucional \/\/Cero a la Derecha \/\/ Tr\u00e1mites de Migraci\u00f3n Colombia II.<\/span><\/span><\/p>\n<p><span class=\"yt-core-attributed-string yt-core-attributed-string--white-space-pre-wrap\"><span class=\"yt-core-attributed-string--link-inherit-color\"> Hoy con Cesar Russi- Coordinador Nacional de Articulaci\u00f3n de Asuntos Especializados de la Sundirecci\u00f3n de Extranjer\u00eda y Alba Rada \u2013 Presidente Fundaci\u00f3n RadaBer. Con\u00e9ctese y participe. <\/span><span class=\"yt-core-attributed-string--link-inherit-color\"><a class=\"yt-core-attributed-string__link yt-core-attributed-string__link--display-type yt-core-attributed-string__link--call-to-action-color\" tabindex=\"0\" href=\"https:\/\/www.youtube.com\/hashtag\/fundacionradaber\" target=\"\" rel=\"nofollow noopener\">#fundacionradaber<\/a><\/span> <span class=\"yt-core-attributed-string--link-inherit-color\"><a class=\"yt-core-attributed-string__link yt-core-attributed-string__link--display-type yt-core-attributed-string__link--call-to-action-color\" tabindex=\"0\" href=\"https:\/\/www.youtube.com\/hashtag\/ceroaladerecha\" target=\"\" rel=\"nofollow noopener\">#ceroaladerecha<\/a><\/span> <span class=\"yt-core-attributed-string--link-inherit-color\"><a class=\"yt-core-attributed-string__link yt-core-attributed-string__link--display-type yt-core-attributed-string__link--call-to-action-color\" tabindex=\"0\" href=\"https:\/\/www.youtube.com\/hashtag\/stcmedios\" target=\"\" rel=\"nofollow noopener\">#stcmedios<\/a><\/span> <span class=\"yt-core-attributed-string--link-inherit-color\"><a class=\"yt-core-attributed-string__link yt-core-attributed-string__link--display-type yt-core-attributed-string__link--call-to-action-color\" tabindex=\"0\" href=\"https:\/\/www.youtube.com\/hashtag\/migracioncolombia\" target=\"\" rel=\"nofollow noopener\">#migracioncolombia<\/a><\/span><\/span><\/p>\n<div id=\"snippet\" class=\"style-scope ytd-text-inline-expander\"><\/div>\n","protected":false},"excerpt":{"rendered":"<p>Institucional \/\/Cero a la Derecha \/\/ Tr\u00e1mites de Migraci\u00f3n Colombia II. Hoy con Cesar Russi- Coordinador Nacional de Articulaci\u00f3n de Asuntos Especializados de la Sundirecci\u00f3n de Extranjer\u00eda y Alba Rada \u2013 Presidente Fundaci\u00f3n RadaBer. Con\u00e9ctese y participe. #fundacionradaber #ceroaladerecha #stcmedios #migracioncolombia<\/p>\n","protected":false},"author":1,"featured_media":3223,"comment_status":"open","ping_status":"open","sticky":false,"template":"","format":"standard","meta":{"rop_custom_images_group":[],"rop_custom_messages_group":[],"rop_publish_now":"initial","rop_publish_now_accounts":{"facebook_1821922728178256_102311254498371":""},"rop_publish_now_history":[],"rop_publish_now_status":"pending","footnotes":""},"categories":[5],"tags":[418],"class_list":["post-3222","post","type-post","status-publish","format-standard","has-post-thumbnail","hentry","category-cultura","tag-fundacion-radaber"],"_links":{"self":[{"href":"https:\/\/stcmedios.com\/index.php\/wp-json\/wp\/v2\/posts\/3222","targetHints":{"allow":["GET"]}}],"collection":[{"href":"https:\/\/stcmedios.com\/index.php\/wp-json\/wp\/v2\/posts"}],"about":[{"href":"https:\/\/stcmedios.com\/index.php\/wp-json\/wp\/v2\/types\/post"}],"author":[{"embeddable":true,"href":"https:\/\/stcmedios.com\/index.php\/wp-json\/wp\/v2\/users\/1"}],"replies":[{"embeddable":true,"href":"https:\/\/stcmedios.com\/index.php\/wp-json\/wp\/v2\/comments?post=3222"}],"version-history":[{"count":0,"href":"https:\/\/stcmedios.com\/index.php\/wp-json\/wp\/v2\/posts\/3222\/revisions"}],"wp:featuredmedia":[{"embeddable":true,"href":"https:\/\/stcmedios.com\/index.php\/wp-json\/wp\/v2\/media\/3223"}],"wp:attachment":[{"href":"https:\/\/stcmedios.com\/index.php\/wp-json\/wp\/v2\/media?parent=3222"}],"wp:term":[{"taxonomy":"category","embeddable":true,"href":"https:\/\/stcmedios.com\/index.php\/wp-json\/wp\/v2\/categories?post=3222"},{"taxonomy":"post_tag","embeddable":true,"href":"https:\/\/stcmedios.com\/index.php\/wp-json\/wp\/v2\/tags?post=3222"}],"curies":[{"name":"wp","href":"https:\/\/api.w.org\/{rel}","templated":true}]}}