{"id":3149,"date":"2024-03-15T20:51:02","date_gmt":"2024-03-15T20:51:02","guid":{"rendered":"https:\/\/stcmedios.com\/?p=3149"},"modified":"2024-03-16T02:27:19","modified_gmt":"2024-03-16T02:27:19","slug":"este-sabado-realizaran-una-jornada-de-vacunacion","status":"publish","type":"post","link":"https:\/\/stcmedios.com\/index.php\/2024\/03\/15\/este-sabado-realizaran-una-jornada-de-vacunacion\/","title":{"rendered":"Facatativ\u00e1. Realizar\u00e1n una jornada de vacunaci\u00f3n."},"content":{"rendered":"<p>&nbsp;<\/p>\n<p>La Secretar\u00eda de Salud de Facatativ\u00e1, Cundinamarca, anunci\u00f3 que este s\u00e1bado 16 de marzo realizar\u00e1n una jornada municipal de vacunaci\u00f3n.<\/p>\n<p>Se conoci\u00f3 que la actividad est\u00e1 prevista para realizarse entre la 1:00 p.m. y las 5 p.m. en los siguientes puntos: casa a casa, Polideportivo y Vereda Tribuna.<\/p>\n<p>La jornada est\u00e1 dirigida a ni\u00f1os menores de 06 a\u00f1os, gestantes y adultos. Para ni\u00f1os habr\u00e1 vacuna Covid-19, para ni\u00f1as de 9 a 17 a\u00f1os vacuna contra el VPH, y para ni\u00f1os de 9 a\u00f1os vacuna VPH.<\/p>\n<p>Requisitos: la presencia de un adulto responsable y el carnet de vacunaci\u00f3n.<\/p>\n<p>Fuente: Con datos Alcald\u00eda de Facatativ\u00e1.<\/p>\n<p>Por: Roy Salas Ad\u00e1n.<\/p>\n<p>Comunicador &#8211; Periodista.<\/p>\n<p>&nbsp;<\/p>\n","protected":false},"excerpt":{"rendered":"<p>&nbsp; La Secretar\u00eda de Salud de Facatativ\u00e1, Cundinamarca, anunci\u00f3 que este s\u00e1bado 16 de marzo realizar\u00e1n una jornada municipal de vacunaci\u00f3n. Se conoci\u00f3 que la actividad est\u00e1 prevista para realizarse entre la 1:00 p.m. y las 5 p.m. en los siguientes puntos: casa a casa, Polideportivo y Vereda Tribuna. La jornada est\u00e1 dirigida a ni\u00f1os [&hellip;]<\/p>\n","protected":false},"author":1,"featured_media":3150,"comment_status":"open","ping_status":"open","sticky":false,"template":"","format":"standard","meta":{"rop_custom_images_group":[],"rop_custom_messages_group":[],"rop_publish_now":"initial","rop_publish_now_accounts":{"facebook_1821922728178256_102311254498371":""},"rop_publish_now_history":[],"rop_publish_now_status":"pending","footnotes":""},"categories":[4],"tags":[410,117,294],"class_list":["post-3149","post","type-post","status-publish","format-standard","has-post-thumbnail","hentry","category-prensa","tag-facatativa","tag-salud","tag-vacunacion"],"_links":{"self":[{"href":"https:\/\/stcmedios.com\/index.php\/wp-json\/wp\/v2\/posts\/3149","targetHints":{"allow":["GET"]}}],"collection":[{"href":"https:\/\/stcmedios.com\/index.php\/wp-json\/wp\/v2\/posts"}],"about":[{"href":"https:\/\/stcmedios.com\/index.php\/wp-json\/wp\/v2\/types\/post"}],"author":[{"embeddable":true,"href":"https:\/\/stcmedios.com\/index.php\/wp-json\/wp\/v2\/users\/1"}],"replies":[{"embeddable":true,"href":"https:\/\/stcmedios.com\/index.php\/wp-json\/wp\/v2\/comments?post=3149"}],"version-history":[{"count":0,"href":"https:\/\/stcmedios.com\/index.php\/wp-json\/wp\/v2\/posts\/3149\/revisions"}],"wp:featuredmedia":[{"embeddable":true,"href":"https:\/\/stcmedios.com\/index.php\/wp-json\/wp\/v2\/media\/3150"}],"wp:attachment":[{"href":"https:\/\/stcmedios.com\/index.php\/wp-json\/wp\/v2\/media?parent=3149"}],"wp:term":[{"taxonomy":"category","embeddable":true,"href":"https:\/\/stcmedios.com\/index.php\/wp-json\/wp\/v2\/categories?post=3149"},{"taxonomy":"post_tag","embeddable":true,"href":"https:\/\/stcmedios.com\/index.php\/wp-json\/wp\/v2\/tags?post=3149"}],"curies":[{"name":"wp","href":"https:\/\/api.w.org\/{rel}","templated":true}]}}