{"id":3063,"date":"2024-01-22T18:20:44","date_gmt":"2024-01-22T18:20:44","guid":{"rendered":"https:\/\/stcmedios.com\/?p=3063"},"modified":"2025-12-12T21:01:27","modified_gmt":"2025-12-12T21:01:27","slug":"ambiente-colombia","status":"publish","type":"post","link":"https:\/\/stcmedios.com\/index.php\/2024\/01\/22\/ambiente-colombia\/","title":{"rendered":"Ambiente|| Colombia"},"content":{"rendered":"<p>Advierten amenaza de incendios forestales en municipios de Colombia.<\/p>\n<p>Defensor\u00eda del Pueblo conmina a alcaldes, gobernadores y autoridades a tomar medidas preventivas.<\/p>\n<p>El Defensor del Pueblo, Carlos Camargo Assis, exhort\u00f3 a los entes territoriales a concentrar esfuerzos en la implementaci\u00f3n de acciones que permitan contener el da\u00f1o ambiental.Debido a los 237 incendios forestales que han tenido lugar en varias regiones del pa\u00eds en lo que va del 2024.<\/p>\n<p>Camargo se\u00f1al\u00f3 \u201cla puesta en funcionamiento de planes efectivos por parte de alcaldes, gobernadores, Consejos Municipales y Departamentales de Gesti\u00f3n del Riesgo de Desastres y de todos aquellos que forman parte del Sistema Nacional de Gesti\u00f3n del Riesgo de Desastres ser\u00e1 crucial para evitar que El Ni\u00f1o haga desastres, especialmente en aquellas zonas donde el fen\u00f3meno cobra m\u00e1s fuerza\u201d.<\/p>\n<p>La Unidad Nacional para la Gesti\u00f3n del Riesgo de Desastres (UNGRD) emitio\u0301 a mediados de diciembre pasado la Circular 065 del 2023, \u2018Lineamientos para la preparacio\u0301n y alistamiento ante la primera temporada seca o de menos lluvias de 2024 bajo la incidencia del Feno\u0301meno El Nin\u0303o 2023-2024\u2019, como parte de las actividades de coordinaci\u00f3n que apunten a hacerles frente a los efectos originados por los eventos clim\u00e1ticos de esta \u00e9poca.<\/p>\n<p>\u201cUno de los prop\u00f3sitos primarios es cuidar nuestros bosques, pero tambi\u00e9n, salvaguardar la vida e integridad de las personas, que no vayan a ser presa de las llamas, raz\u00f3n por la que es fundamental atender lo contenido en la Circular 065, de manera particular, todo lo concerniente a las 16 orientaciones de preparaci\u00f3n y alistamiento\u201d, sostiene el defensor del pueblo.<\/p>\n<p>Colombia est\u00e1 presentando en algunas regiones altas temperaturas (iguales o superiores a 37 \u00b0C), por lo que es clave continuar con la activaci\u00f3n de las alertas frente a posibles incendios en la cobertura vegetal.<\/p>\n<p>Hoy en Colombia, de acuerdo con la UNGRD, hay incendios activos en los departamentos de Boyaca\u0301, Meta, Antioquia, Vichada, Cundinamarca y Cauca, y se pronostican m\u00e1s de 800 municipios de todo el pa\u00eds con amenaza por incendios de la cobertura vegetal.<\/p>\n<p>Evitar quemas sin supervisi\u00f3n, no arrojar material combustible o que tenga un efecto lupa sobre la vegetaci\u00f3n rural o urbana, revisar las condiciones de velocidad y direcci\u00f3n del viento, son algunas de las recomendaciones que hacen los especialistas para prevenir los incendios forestales.<\/p>\n<p>La Defensor\u00eda del Pueblo, a trav\u00e9s de su Delegada para la Prevenci\u00f3n y Atenci\u00f3n de Desastres, le hace un llamado a la comunidad, record\u00e1ndole que la gesti\u00f3n del riesgo es un proceso social que recae sobre todos los habitantes del territorio colombiano, al tiempo que acompa\u00f1a a las comunidades donde han sido reportadas conflagraciones potencialmente destructivas.<\/p>\n<p>Fuente: API (Agencia de Periodismo investigativo)<br \/>\nFoto: cortes\u00eda de API<\/p>\n<p>Por: Yessenia Pamela Torres<br \/>\nComunicador &#8211; Periodista<\/p>\n","protected":false},"excerpt":{"rendered":"<p>Advierten amenaza de incendios forestales en municipios de Colombia. Defensor\u00eda del Pueblo conmina a alcaldes, gobernadores y autoridades a tomar medidas preventivas. El Defensor del Pueblo, Carlos Camargo Assis, exhort\u00f3 a los entes territoriales a concentrar esfuerzos en la implementaci\u00f3n de acciones que permitan contener el da\u00f1o ambiental.Debido a los 237 incendios forestales que han [&hellip;]<\/p>\n","protected":false},"author":1,"featured_media":3064,"comment_status":"open","ping_status":"open","sticky":false,"template":"","format":"standard","meta":{"rop_custom_images_group":[],"rop_custom_messages_group":[],"rop_publish_now":"initial","rop_publish_now_accounts":{"facebook_1821922728178256_102311254498371":""},"rop_publish_now_history":[],"rop_publish_now_status":"pending","footnotes":""},"categories":[7],"tags":[],"class_list":["post-3063","post","type-post","status-publish","format-standard","has-post-thumbnail","hentry","category-ambiental"],"_links":{"self":[{"href":"https:\/\/stcmedios.com\/index.php\/wp-json\/wp\/v2\/posts\/3063","targetHints":{"allow":["GET"]}}],"collection":[{"href":"https:\/\/stcmedios.com\/index.php\/wp-json\/wp\/v2\/posts"}],"about":[{"href":"https:\/\/stcmedios.com\/index.php\/wp-json\/wp\/v2\/types\/post"}],"author":[{"embeddable":true,"href":"https:\/\/stcmedios.com\/index.php\/wp-json\/wp\/v2\/users\/1"}],"replies":[{"embeddable":true,"href":"https:\/\/stcmedios.com\/index.php\/wp-json\/wp\/v2\/comments?post=3063"}],"version-history":[{"count":0,"href":"https:\/\/stcmedios.com\/index.php\/wp-json\/wp\/v2\/posts\/3063\/revisions"}],"wp:featuredmedia":[{"embeddable":true,"href":"https:\/\/stcmedios.com\/index.php\/wp-json\/wp\/v2\/media\/3064"}],"wp:attachment":[{"href":"https:\/\/stcmedios.com\/index.php\/wp-json\/wp\/v2\/media?parent=3063"}],"wp:term":[{"taxonomy":"category","embeddable":true,"href":"https:\/\/stcmedios.com\/index.php\/wp-json\/wp\/v2\/categories?post=3063"},{"taxonomy":"post_tag","embeddable":true,"href":"https:\/\/stcmedios.com\/index.php\/wp-json\/wp\/v2\/tags?post=3063"}],"curies":[{"name":"wp","href":"https:\/\/api.w.org\/{rel}","templated":true}]}}