{"id":2867,"date":"2023-11-21T16:19:18","date_gmt":"2023-11-21T16:19:18","guid":{"rendered":"https:\/\/stcmedios.com\/?p=2867"},"modified":"2023-11-21T16:19:18","modified_gmt":"2023-11-21T16:19:18","slug":"la-camara-de-comercio-de-bogota-y-la-liga-colombiana-contra-el-cancer-firman-importante-acuerdo","status":"publish","type":"post","link":"https:\/\/stcmedios.com\/index.php\/2023\/11\/21\/la-camara-de-comercio-de-bogota-y-la-liga-colombiana-contra-el-cancer-firman-importante-acuerdo\/","title":{"rendered":"La C\u00e1mara de Comercio de Bogot\u00e1 y la Liga Colombiana  Contra el C\u00e1ncer firman importante acuerdo"},"content":{"rendered":"<ul>\n<li>La alianza, que llevar\u00e1 a cabo una prueba piloto dentro de la CCB, busca llevar a cabo jornadas de sensibilizaci\u00f3n sobre la importancia del tamizaje para el diagn\u00f3stico y la detecci\u00f3n temprana de esta patolog\u00eda.<\/li>\n<li>Una vez concluida la primera etapa de la prueba, se prev\u00e9 la elaboraci\u00f3n de un programa de promoci\u00f3n y prevenci\u00f3n, con diversas actividades a disposici\u00f3n de las empresas inscritas en la CCB.<\/li>\n<\/ul>\n<p><img loading=\"lazy\" decoding=\"async\" class=\"alignnone  wp-image-2869\" src=\"https:\/\/stcmedios.com\/wp-content\/uploads\/2023\/11\/1698682098504-300x200.jpg\" alt=\"\" width=\"392\" height=\"261\" srcset=\"https:\/\/stcmedios.com\/wp-content\/uploads\/2023\/11\/1698682098504-300x200.jpg 300w, https:\/\/stcmedios.com\/wp-content\/uploads\/2023\/11\/1698682098504-768x512.jpg 768w, https:\/\/stcmedios.com\/wp-content\/uploads\/2023\/11\/1698682098504.jpg 1024w\" sizes=\"auto, (max-width: 392px) 100vw, 392px\" \/><\/p>\n<p>La C\u00e1mara de Comercio de Bogot\u00e1 (CCB) y la Liga Colombiana Contra el C\u00e1ncer (LCCC) sellaron una alianza estrat\u00e9gica para realizar un programa piloto al interior de la CCB con el objetivo de resaltar la importancia que tiene la detecci\u00f3n temprana del c\u00e1ncer, pues seg\u00fan datos de Globocan, en Colombia para el 2020 el n\u00famero de nuevos casos de c\u00e1ncer fue de 113.221, con 54.987 fallecimientos.<\/p>\n<p>Esta alianza nace de la necesidad observada en las discusiones del Cl\u00faster de Salud de Bogot\u00e1 con todos los actores del ecosistema de salud, a ra\u00edz de la carga de la enfermedad que se observa despu\u00e9s de la pandemia. Se dispuso el programa piloto para los cerca de 800 colaboradores de la organizaci\u00f3n, que contar\u00e1 con distintas actividades como La Ruta Fucsia para promover h\u00e1bitos de prevenci\u00f3n del c\u00e1ncer de mama, acompa\u00f1amiento por parte del equipo de la LCCC a los pacientes con trato humanizado y apoyo psicol\u00f3gico, y jornadas de sensibilizaci\u00f3n, promoci\u00f3n y prevenci\u00f3n del c\u00e1ncer desde octubre de 2023.<\/p>\n<p><strong>Ovidio Claros, presidente ejecutivo de la CCB<\/strong> afirm\u00f3 que \u201c<em>en la C\u00e1mara de Comercio de Bogot\u00e1 estamos comprometidos con el bienestar de todos nuestros colaboradores y de los ciudadanos, raz\u00f3n por la cual llevamos a cabo distintas acciones que permiten mejorar su calidad de vida. Esta alianza con la LCCC es el primer paso para poder dise\u00f1ar m\u00e1s programas que se puedan compartir con las empresas registradas en la CCB, pues la detecci\u00f3n temprana del c\u00e1ncer es vital para todos. Debemos trabajar en conjunto para poder prevenir esta enfermedad que anualmente ataca a miles de personas en el mundo<\/em>\u201d.<\/p>\n<p><strong>Doctor Wilson Cubides, Director Ejecutivo de la Liga Colombiana Contra el C\u00e1ncer afirm\u00f3 que <\/strong>\u201c<em>Nos sentimos muy felices de haber cerrado este acuerdo con la C\u00e1mara de Comercio de Bogot\u00e1. Estamos seguros que los resultados de este piloto nos permitir\u00e1n llevar esta iniciativa a m\u00e1s organizaciones y, en consecuencia, concientizar a cada vez m\u00e1s personas sobre la importancia de la prevenci\u00f3n y detecci\u00f3n temprana del c\u00e1ncer<\/em>\u201d.<\/p>\n<p>De acuerdo con la Organizaci\u00f3n Panamericana de Salud (OPS) y la Organizaci\u00f3n Mundial de Salud (OMS), el c\u00e1ncer es la segunda causa de muerte en la regi\u00f3n latinoamericana. En el 2020, cerca de 4 millones de personas fueron diagnosticadas con c\u00e1ncer, presentando m\u00e1s de 1.4 millones de muertes, donde el 47% ocurri\u00f3 en personas de 69 a\u00f1os de edad. Adem\u00e1s, se espera que para el a\u00f1o 2040, se presenten alrededor de 6 millones de casos nuevos.<\/p>\n<p>La alianza se encuentra en sinton\u00eda con el avance del sistema de salud de acuerdo con el Plan Nacional de Desarrollo. Se focaliza en fortalecer la atenci\u00f3n primaria a trav\u00e9s de programas destinados a la promoci\u00f3n, prevenci\u00f3n y detecci\u00f3n temprana de enfermedades, haciendo especial hincapi\u00e9 en aquellas de naturaleza cr\u00f3nica y no transmisibles.<\/p>\n<p><strong>Sobre la Liga Colombiana Contra el C\u00e1ncer<\/strong><\/p>\n<p>Es una asociaci\u00f3n de derecho privado sin \u00e1nimo de lucro, de alcance nacional, creada el 23 de octubre de 1960 con el prop\u00f3sito de realizar acciones de educaci\u00f3n, prevenci\u00f3n y diagn\u00f3stico temprano de c\u00e1ncer con participaci\u00f3n del voluntariado. A lo largo de estos 63 a\u00f1os, se han creado m\u00e1s de 32 ligas seccionales y cap\u00edtulos en diferentes ciudades y municipios para acercarnos cada vez m\u00e1s a la comunidad. Para m\u00e1s informaci\u00f3n visita https:\/\/www.ligacancercolombia.org\/<\/p>\n<p><a href=\"https:\/\/www.paho.org\/es\/temas\/cancer\">https:\/\/www.paho.org\/es\/temas\/cancer<\/a><\/p>\n","protected":false},"excerpt":{"rendered":"<p>La alianza, que llevar\u00e1 a cabo una prueba piloto dentro de la CCB, busca llevar a cabo jornadas de sensibilizaci\u00f3n sobre la importancia del tamizaje para el diagn\u00f3stico y la detecci\u00f3n temprana de esta patolog\u00eda. Una vez concluida la primera etapa de la prueba, se prev\u00e9 la elaboraci\u00f3n de un programa de promoci\u00f3n y prevenci\u00f3n, [&hellip;]<\/p>\n","protected":false},"author":1,"featured_media":2868,"comment_status":"open","ping_status":"open","sticky":false,"template":"","format":"standard","meta":{"rop_custom_images_group":[],"rop_custom_messages_group":[],"rop_publish_now":"initial","rop_publish_now_accounts":{"facebook_1821922728178256_102311254498371":""},"rop_publish_now_history":[],"rop_publish_now_status":"pending","footnotes":""},"categories":[4],"tags":[147,17,38,15],"class_list":["post-2867","post","type-post","status-publish","format-standard","has-post-thumbnail","hentry","category-prensa","tag-camara-de-comercio-de-bogota","tag-cundinamarca","tag-gobernacion","tag-stcmedios"],"_links":{"self":[{"href":"https:\/\/stcmedios.com\/index.php\/wp-json\/wp\/v2\/posts\/2867","targetHints":{"allow":["GET"]}}],"collection":[{"href":"https:\/\/stcmedios.com\/index.php\/wp-json\/wp\/v2\/posts"}],"about":[{"href":"https:\/\/stcmedios.com\/index.php\/wp-json\/wp\/v2\/types\/post"}],"author":[{"embeddable":true,"href":"https:\/\/stcmedios.com\/index.php\/wp-json\/wp\/v2\/users\/1"}],"replies":[{"embeddable":true,"href":"https:\/\/stcmedios.com\/index.php\/wp-json\/wp\/v2\/comments?post=2867"}],"version-history":[{"count":0,"href":"https:\/\/stcmedios.com\/index.php\/wp-json\/wp\/v2\/posts\/2867\/revisions"}],"wp:featuredmedia":[{"embeddable":true,"href":"https:\/\/stcmedios.com\/index.php\/wp-json\/wp\/v2\/media\/2868"}],"wp:attachment":[{"href":"https:\/\/stcmedios.com\/index.php\/wp-json\/wp\/v2\/media?parent=2867"}],"wp:term":[{"taxonomy":"category","embeddable":true,"href":"https:\/\/stcmedios.com\/index.php\/wp-json\/wp\/v2\/categories?post=2867"},{"taxonomy":"post_tag","embeddable":true,"href":"https:\/\/stcmedios.com\/index.php\/wp-json\/wp\/v2\/tags?post=2867"}],"curies":[{"name":"wp","href":"https:\/\/api.w.org\/{rel}","templated":true}]}}