{"id":2863,"date":"2023-11-21T14:06:23","date_gmt":"2023-11-21T14:06:23","guid":{"rendered":"https:\/\/stcmedios.com\/?p=2863"},"modified":"2023-11-21T14:06:23","modified_gmt":"2023-11-21T14:06:23","slug":"dia-mundial-de-la-television-21-de-noviembre-de-2023","status":"publish","type":"post","link":"https:\/\/stcmedios.com\/index.php\/2023\/11\/21\/dia-mundial-de-la-television-21-de-noviembre-de-2023\/","title":{"rendered":"D\u00eda Mundial de la Televisi\u00f3n: 21 de noviembre de 2023"},"content":{"rendered":"<ul>\n<li><em>Se celebra: 21 de noviembre de 2023<\/em><\/li>\n<li><em>Proclama: Organizaci\u00f3n de las Naciones Unidas (ONU)<\/em><\/li>\n<li><em>Desde cuando se celebra: 1996<\/em><\/li>\n<\/ul>\n<p>21 de noviembre &#8211; D\u00eda Mundial de la Televisi\u00f3n, un evento promovido por la Organizaci\u00f3n de las Naciones Unidas desde 1996, que tiene como objetivo fomentar el uso responsable de la televisi\u00f3n como uno de los canales m\u00e1s importantes de informaci\u00f3n p\u00fablica.<\/p>\n<p>Aunque la generaci\u00f3n actual considera Internet como el principal medio de distribuci\u00f3n, Internet ha proporcionado a la televisi\u00f3n nuevas herramientas y recursos, como transmisiones en vivo que ha mejorado la televisi\u00f3n en lugar de reemplazarla.<\/p>\n<p style=\"text-align: center;\"><strong>\u00bfPor qu\u00e9 celebrar este d\u00eda?<\/strong><\/p>\n<p>La principal idea, aplicable a los medios de comunicaci\u00f3n, es que la televisi\u00f3n sirve como medio para difundir noticias e informaci\u00f3n relevantes y enriquecedoras a personas de todo el mundo con programas que promueve una cultura de paz, brinda educaci\u00f3n para incrementar el potencial de desarrollo econ\u00f3mico del pa\u00eds y brinda informaci\u00f3n real y confiable sobre eventos importantes.<\/p>\n<p>Los objetivos que se persiguen en un d\u00eda como hoy pretenden quitarle importancia a los programas de telebasura que suelen inundar las cadenas de televisi\u00f3n y que, lejos de enriquecer a las personas, solo sirven de entretenimiento de mala calidad.<\/p>\n<p>El d\u00eda de hoy no se trata solo de consumir horas de programas de televisi\u00f3n, sino de cambiar la cultura de los espectadores. Compartir informaci\u00f3n sobre programas de televisi\u00f3n o digitales que promuevan valores o desarrollen habilidades o conocimientos espec\u00edficos es parte de la celebraci\u00f3n.<\/p>\n<p>&nbsp;<\/p>\n<p>Por: Paula Alfonso<\/p>\n<p>Comunicadora \u2013 Periodista<\/p>\n<p>Fuente: diainternacionalde.com<\/p>\n<p>Imagen: Foto de Hu\u1ef3nh \u0110\u1ea1t: <a href=\"https:\/\/www.pexels.com\/es-es\/foto\/tv-crt-negra-2251206\/\">https:\/\/www.pexels.com\/es-es\/foto\/tv-crt-negra-2251206\/<\/a><\/p>\n","protected":false},"excerpt":{"rendered":"<p>Se celebra: 21 de noviembre de 2023 Proclama: Organizaci\u00f3n de las Naciones Unidas (ONU) Desde cuando se celebra: 1996 21 de noviembre &#8211; D\u00eda Mundial de la Televisi\u00f3n, un evento promovido por la Organizaci\u00f3n de las Naciones Unidas desde 1996, que tiene como objetivo fomentar el uso responsable de la televisi\u00f3n como uno de los [&hellip;]<\/p>\n","protected":false},"author":1,"featured_media":2864,"comment_status":"open","ping_status":"open","sticky":false,"template":"","format":"standard","meta":{"rop_custom_images_group":[],"rop_custom_messages_group":[],"rop_publish_now":"initial","rop_publish_now_accounts":{"facebook_1821922728178256_102311254498371":""},"rop_publish_now_history":[],"rop_publish_now_status":"pending","footnotes":""},"categories":[4],"tags":[317,363,9],"class_list":["post-2863","post","type-post","status-publish","format-standard","has-post-thumbnail","hentry","category-prensa","tag-dia-mundial","tag-organizacion-de-las-naciones-unidas","tag-television"],"_links":{"self":[{"href":"https:\/\/stcmedios.com\/index.php\/wp-json\/wp\/v2\/posts\/2863","targetHints":{"allow":["GET"]}}],"collection":[{"href":"https:\/\/stcmedios.com\/index.php\/wp-json\/wp\/v2\/posts"}],"about":[{"href":"https:\/\/stcmedios.com\/index.php\/wp-json\/wp\/v2\/types\/post"}],"author":[{"embeddable":true,"href":"https:\/\/stcmedios.com\/index.php\/wp-json\/wp\/v2\/users\/1"}],"replies":[{"embeddable":true,"href":"https:\/\/stcmedios.com\/index.php\/wp-json\/wp\/v2\/comments?post=2863"}],"version-history":[{"count":0,"href":"https:\/\/stcmedios.com\/index.php\/wp-json\/wp\/v2\/posts\/2863\/revisions"}],"wp:featuredmedia":[{"embeddable":true,"href":"https:\/\/stcmedios.com\/index.php\/wp-json\/wp\/v2\/media\/2864"}],"wp:attachment":[{"href":"https:\/\/stcmedios.com\/index.php\/wp-json\/wp\/v2\/media?parent=2863"}],"wp:term":[{"taxonomy":"category","embeddable":true,"href":"https:\/\/stcmedios.com\/index.php\/wp-json\/wp\/v2\/categories?post=2863"},{"taxonomy":"post_tag","embeddable":true,"href":"https:\/\/stcmedios.com\/index.php\/wp-json\/wp\/v2\/tags?post=2863"}],"curies":[{"name":"wp","href":"https:\/\/api.w.org\/{rel}","templated":true}]}}