{"id":2619,"date":"2023-11-01T21:33:37","date_gmt":"2023-11-01T21:33:37","guid":{"rendered":"https:\/\/stcmedios.com\/?p=2619"},"modified":"2023-11-01T21:33:37","modified_gmt":"2023-11-01T21:33:37","slug":"entregamos-una-car-mas-eficiente-sanabria","status":"publish","type":"post","link":"https:\/\/stcmedios.com\/index.php\/2023\/11\/01\/entregamos-una-car-mas-eficiente-sanabria\/","title":{"rendered":"Entregamos una CAR m\u00e1s eficiente: Sanabria"},"content":{"rendered":"<p>A pocos d\u00edas de terminar su gesti\u00f3n como director de la Corporaci\u00f3n Aut\u00f3noma Regional de Cundinamarca (CAR), la m\u00e1s grande del pa\u00eds, Luis Fernando Sanabria Mart\u00ednez, recibi\u00f3 dos gratas noticias que, seg\u00fan \u00e9l, demuestran el talante y la buena labor realizada durante los \u00faltimos cuatro a\u00f1os. La primera es el fenecimiento de la cuenta (por segundo a\u00f1o consecutivo) que realiz\u00f3 la Contralor\u00eda General de la Rep\u00fablica y la segunda un destacado segundo lugar entre las 41 entidades del sector Ambiente y Desarrollo Sostenible en la Medici\u00f3n del Desempe\u00f1o Institucional (MDI) que realiza el Departamento Administrativo de la Funci\u00f3n P\u00fablica.<br \/>\nSatisfecho por los logros alcanzados y seguro de haber contribuido en la construcci\u00f3n de un territorio ambientalmente sostenible, Sanabria comparti\u00f3 con el medio el balance de la entidad.<\/p>\n<p><img loading=\"lazy\" decoding=\"async\" class=\"alignnone  wp-image-2620\" src=\"https:\/\/stcmedios.com\/wp-content\/uploads\/2023\/11\/PRN-Vista-Hermosa-Monquentiva-300x150.jpeg\" alt=\"\" width=\"616\" height=\"308\" srcset=\"https:\/\/stcmedios.com\/wp-content\/uploads\/2023\/11\/PRN-Vista-Hermosa-Monquentiva-300x150.jpeg 300w, https:\/\/stcmedios.com\/wp-content\/uploads\/2023\/11\/PRN-Vista-Hermosa-Monquentiva-1024x512.jpeg 1024w, https:\/\/stcmedios.com\/wp-content\/uploads\/2023\/11\/PRN-Vista-Hermosa-Monquentiva-768x384.jpeg 768w, https:\/\/stcmedios.com\/wp-content\/uploads\/2023\/11\/PRN-Vista-Hermosa-Monquentiva.jpeg 1280w\" sizes=\"auto, (max-width: 616px) 100vw, 616px\" \/><\/p>\n<p>\u00bfCu\u00e1les son los principales logros de la CAR en estos cuatro a\u00f1os?<br \/>\nLuis Fernando Sanabria:<br \/>\nRecientemente recibimos dos muy buenas noticias que son reflejo, en buena medida, de la labor realizada. Por segundo a\u00f1o consecutivo la Contralor\u00eda General de la Rep\u00fablica nos feneci\u00f3 la cuenta lo que significa que el ente de control aval\u00f3 satisfactoriamente nuestra ejecuci\u00f3n presupuestal y la alta eficiencia en el manejo de sus recursos.<br \/>\nLa otra grata noticia es el segundo lugar que ocupamos entre las 41 entidades del sector Ambiente, incluyendo institutos parques y corporaciones, seg\u00fan los resultados de la Medici\u00f3n del Desempe\u00f1o Institucional (MDI) correspondientes al 2022 que realiza el Departamento Administrativo de la Funci\u00f3n P\u00fablica. Es decir, subimos 6 puestos con respecto al a\u00f1o anterior.<br \/>\nPara lograr estos resultados fortalecimos las metodolog\u00edas de evaluaci\u00f3n e incrementamos las auditor\u00edas internas, con un promedio de 42 evaluaciones por a\u00f1o para mejorar los procesos.<br \/>\nAdem\u00e1s, somos la primera corporaci\u00f3n aut\u00f3noma regional del pa\u00eds en recibir la Certificaci\u00f3n Carbono Neutral del ICONTEC, gracias a nuestras pol\u00edticas internas que contribuyen al desarrollo ambiental sostenible.<br \/>\nEs la primera vez en toda la historia de la CAR que logramos estos importantes resultados gracias al trabajo de todo el equipo de la entidad.<\/p>\n<p><img loading=\"lazy\" decoding=\"async\" class=\"alignnone  wp-image-2621\" src=\"https:\/\/stcmedios.com\/wp-content\/uploads\/2023\/11\/Laguna-de-Fuquene-300x200.jpg\" alt=\"\" width=\"622\" height=\"414\" srcset=\"https:\/\/stcmedios.com\/wp-content\/uploads\/2023\/11\/Laguna-de-Fuquene-300x200.jpg 300w, https:\/\/stcmedios.com\/wp-content\/uploads\/2023\/11\/Laguna-de-Fuquene-1024x683.jpg 1024w, https:\/\/stcmedios.com\/wp-content\/uploads\/2023\/11\/Laguna-de-Fuquene-768x512.jpg 768w, https:\/\/stcmedios.com\/wp-content\/uploads\/2023\/11\/Laguna-de-Fuquene-1536x1024.jpg 1536w, https:\/\/stcmedios.com\/wp-content\/uploads\/2023\/11\/Laguna-de-Fuquene-2048x1365.jpg 2048w\" sizes=\"auto, (max-width: 622px) 100vw, 622px\" \/>\u00a0 \u00a0 \u00a0 \u00a0 <img loading=\"lazy\" decoding=\"async\" class=\"alignnone  wp-image-2622\" src=\"https:\/\/stcmedios.com\/wp-content\/uploads\/2023\/11\/FUQUENE-300x200.jpg\" alt=\"\" width=\"625\" height=\"416\" srcset=\"https:\/\/stcmedios.com\/wp-content\/uploads\/2023\/11\/FUQUENE-300x200.jpg 300w, https:\/\/stcmedios.com\/wp-content\/uploads\/2023\/11\/FUQUENE-1024x683.jpg 1024w, https:\/\/stcmedios.com\/wp-content\/uploads\/2023\/11\/FUQUENE-768x512.jpg 768w, https:\/\/stcmedios.com\/wp-content\/uploads\/2023\/11\/FUQUENE-1536x1024.jpg 1536w, https:\/\/stcmedios.com\/wp-content\/uploads\/2023\/11\/FUQUENE-2048x1365.jpg 2048w\" sizes=\"auto, (max-width: 625px) 100vw, 625px\" \/><\/p>\n<p>El Medio: Uno de los temas controversiales tuvo que ver con la recuperaci\u00f3n de la Laguna de F\u00faquene, algunos lo critican por la intervenci\u00f3n con maquinaria.<br \/>\nL.F.S: Si no fuera por la intervenci\u00f3n con maquinaria la Laguna de F\u00faquene estar\u00eda casi que seca en su totalidad. Nosotros logramos revivir la Laguna y recuperamos m\u00e1s de 1.000 hect\u00e1reas de espejo de agua con el retiro de m\u00e1s de 10 millones de metros c\u00fabicos de sedimentos, adem\u00e1s de la puesta en marcha del proyecto de compostaje m\u00e1s grande del pa\u00eds, que tratar\u00e1 anualmente m\u00e1s de 2.800 toneladas de material retirado de la laguna para beneficiar a todos los habitantes del territorio. Esto ha permitido de la fauna retorne y vuelva a ser navegable la Laguna m\u00e1s importante de la regi\u00f3n. Tambi\u00e9n mejoramos la capacidad de regulaci\u00f3n h\u00eddrica mediante el retiro de la vegetaci\u00f3n acu\u00e1tica y sedimentos del lecho en las lagunas de Cucunub\u00e1 y Palacio donde hemos restaurado cerca de 50 hect\u00e1reas de espejo de agua con una remoci\u00f3n de sedimentos de casi un mill\u00f3n de metros c\u00fabicos.<br \/>\nEl Medio: Adem\u00e1s de la Laguna de F\u00faquene\u2026<\/p>\n<p>L.F.S: Construimos en Simijaca el Banco Municipal de Agua m\u00e1s grande del pa\u00eds, que almacenar\u00e1 m\u00e1s de 50.000 metros c\u00fabicos de agua, para beneficiar a m\u00e1s de 11 mil habitantes.<br \/>\nCofinanciamos m\u00e1s de 60 Plantas de Tratamiento de Aguas Residuales (PTAR) dom\u00e9sticas en los municipios del territorio.<br \/>\nBeneficiamos a 51 mil familias con la entrega de kits de nuestro programa Lluvia para la Vida, para que puedan hacer aprovechamiento de este recurso, y consolidamos 2.100 hogares sostenibles gracias a la construcci\u00f3n de 1.080 huertas familiares.<br \/>\nImplementamos el primer proyecto piloto de autorregulaci\u00f3n de fuentes m\u00f3viles en el municipio de Funza para reducir las emisiones de gases contaminantes, tambi\u00e9n el primer plan enfocado en garantizar la disponibilidad y calidad del agua en el municipio de La Calera, y el primer Plan de Acci\u00f3n para mejorar la calidad del aire en la localidad de Ciudad Bol\u00edvar (Bogot\u00e1).<\/p>\n<p>Atendimos m\u00e1s de 3.300 animales en el Centro de Atenci\u00f3n y Valoraci\u00f3n de Fauna Silvestre, ubicado en el municipio de Tocaima, un lugar dotado con tecnolog\u00eda de<br \/>\npunta y con un equipo profesional id\u00f3neo que ha logrado la rehabilitaci\u00f3n exitosa de 1.500 animales que pudieron regresar a la libertad.<br \/>\nEl Medio: En cuanto al megaproyecto de recuperaci\u00f3n del r\u00edo Bogot\u00e1, \u00bfqu\u00e9 balance hay?<br \/>\nL.F.S: Logramos la entrada en operaci\u00f3n de la PTAR Salitre, una megaobra que adelantamos con todo el respaldo del Banco Mundial, es la m\u00e1s grande de Colombia y la quinta de Latinoam\u00e9rica. Esta es una obra crucial en la descontaminaci\u00f3n del r\u00edo Bogot\u00e1, junto con la PTAR canoas que ya queda cofinanciada por parte de la CAR.<\/p>\n<p>Retiramos 12 millones de metros c\u00fabicos de sedimentos, residuos y basura del r\u00edo y ampliamos en 111 kil\u00f3metros el cauce para mitigar el riesgo de inundaci\u00f3n en temporada de lluvias, y avanzamos en la disponibilidad de los predios para realizar las obras de adecuaci\u00f3n hidr\u00e1ulica en la cuenca alta y otras complementarias en la cuenca media del afluente. Adem\u00e1s, trabajamos en la adecuaci\u00f3n hidr\u00e1ulica en el r\u00edo Soacha como parte de la recuperaci\u00f3n integral del r\u00edo Bogot\u00e1.<br \/>\nTambi\u00e9n habilitamos la navegaci\u00f3n guiada para toda la comunidad, realizamos cerca de 200 recorridos pedag\u00f3gicos no solo con actores locales, sino tambi\u00e9n nacionales e internacionales.<br \/>\nEl Medio: \u00bfC\u00f3mo recibe a la entidad el nuevo director?<br \/>\nL.F.S: Recibe una Corporaci\u00f3n m\u00e1s eficiente. Uno de los logros de nuestra administraci\u00f3n es la descongesti\u00f3n tr\u00e1mites: decidimos alrededor de 6.800 expedientes de fondo y redujimos tiempos de respuesta. Por ejemplo, tr\u00e1mites que antes se tardaban 510 d\u00edas ahora los redujimos a 230 d\u00edas o a 120 d\u00edas para el caso de los permisos aprovechamiento forestal. Al nuevo director le entregamos, adem\u00e1s, una entidad que trabaja de la mano con la gente, por la defensa de los recursos naturales, pero desde la educaci\u00f3n y el trabajo con la comunidad.<\/p>\n<p>Adem\u00e1s, dejamos lista la construcci\u00f3n, a partir de la participaci\u00f3n ciudadana, del nuevo Plan de Gesti\u00f3n Ambiental Territorial que ser\u00e1 la hoja de ruta para los pr\u00f3ximos doce (12) a\u00f1os.<\/p>\n","protected":false},"excerpt":{"rendered":"<p>A pocos d\u00edas de terminar su gesti\u00f3n como director de la Corporaci\u00f3n Aut\u00f3noma Regional de Cundinamarca (CAR), la m\u00e1s grande del pa\u00eds, Luis Fernando Sanabria Mart\u00ednez, recibi\u00f3 dos gratas noticias que, seg\u00fan \u00e9l, demuestran el talante y la buena labor realizada durante los \u00faltimos cuatro a\u00f1os. La primera es el fenecimiento de la cuenta (por [&hellip;]<\/p>\n","protected":false},"author":1,"featured_media":2623,"comment_status":"open","ping_status":"open","sticky":false,"template":"","format":"standard","meta":{"rop_custom_images_group":[],"rop_custom_messages_group":[],"rop_publish_now":"initial","rop_publish_now_accounts":{"facebook_1821922728178256_102311254498371":""},"rop_publish_now_history":[],"rop_publish_now_status":"pending","footnotes":""},"categories":[4],"tags":[],"class_list":["post-2619","post","type-post","status-publish","format-standard","has-post-thumbnail","hentry","category-prensa"],"_links":{"self":[{"href":"https:\/\/stcmedios.com\/index.php\/wp-json\/wp\/v2\/posts\/2619","targetHints":{"allow":["GET"]}}],"collection":[{"href":"https:\/\/stcmedios.com\/index.php\/wp-json\/wp\/v2\/posts"}],"about":[{"href":"https:\/\/stcmedios.com\/index.php\/wp-json\/wp\/v2\/types\/post"}],"author":[{"embeddable":true,"href":"https:\/\/stcmedios.com\/index.php\/wp-json\/wp\/v2\/users\/1"}],"replies":[{"embeddable":true,"href":"https:\/\/stcmedios.com\/index.php\/wp-json\/wp\/v2\/comments?post=2619"}],"version-history":[{"count":0,"href":"https:\/\/stcmedios.com\/index.php\/wp-json\/wp\/v2\/posts\/2619\/revisions"}],"wp:featuredmedia":[{"embeddable":true,"href":"https:\/\/stcmedios.com\/index.php\/wp-json\/wp\/v2\/media\/2623"}],"wp:attachment":[{"href":"https:\/\/stcmedios.com\/index.php\/wp-json\/wp\/v2\/media?parent=2619"}],"wp:term":[{"taxonomy":"category","embeddable":true,"href":"https:\/\/stcmedios.com\/index.php\/wp-json\/wp\/v2\/categories?post=2619"},{"taxonomy":"post_tag","embeddable":true,"href":"https:\/\/stcmedios.com\/index.php\/wp-json\/wp\/v2\/tags?post=2619"}],"curies":[{"name":"wp","href":"https:\/\/api.w.org\/{rel}","templated":true}]}}