{"id":2497,"date":"2023-10-24T16:13:47","date_gmt":"2023-10-24T16:13:47","guid":{"rendered":"https:\/\/stcmedios.com\/?p=2497"},"modified":"2023-10-24T16:13:47","modified_gmt":"2023-10-24T16:13:47","slug":"para-apoyar-la-educacion-de-los-ninos-de-cundinamarca-en-bogota-se-hara-un-concierto-de-opera-gratis","status":"publish","type":"post","link":"https:\/\/stcmedios.com\/index.php\/2023\/10\/24\/para-apoyar-la-educacion-de-los-ninos-de-cundinamarca-en-bogota-se-hara-un-concierto-de-opera-gratis\/","title":{"rendered":"Para apoyar la educaci\u00f3n de los ni\u00f1os de Cundinamarca, en Bogot\u00e1 se har\u00e1 un concierto de \u00f3pera gratis"},"content":{"rendered":"<ul>\n<li><em>Organizado por la Fundaci\u00f3n Universitaria Konrad Lorenz, Filarm\u00f3nica de Bogot\u00e1 y Ense\u00f1a por Colombia, el concierto tiene como objetivo la recolecci\u00f3n de \u00fatiles escolares para ni\u00f1os del municipio de Madrid, Cundinamarca.<\/em><\/li>\n<\/ul>\n<p>El pr\u00f3ximo 2 de noviembre, desde las 7:00 p.m., en el Auditorio Sonia Fajardo Forero de la Fundaci\u00f3n Universitaria Konrad Lorenz, se llevar\u00e1 a cabo un concierto de \u00f3pera para apoyar la educaci\u00f3n de ni\u00f1os y j\u00f3venes de nuestro pa\u00eds. La entrada al concierto es gratuita, s\u00f3lo es necesario llevar \u00fatiles escolares; todos los objetos recaudados durante el concierto ser\u00e1n donados a los ni\u00f1os de Madrid, en el departamento de Cundinamarca.<\/p>\n<p>Seg\u00fan El Espectador, Juan Sebasti\u00e1n Arag\u00f3n, director Art\u00edstico y Cultural del auditorio Sonia Fajardo Forero, explica \u201cqueremos brindar un espacio de cultura y arte. La invitaci\u00f3n es a que cada asistente done \u00fatiles escolares, colores, cartucheras, morrales, cuadernos, lo que est\u00e9 a su alcance\u201d.<\/p>\n<p>Organizado por la Fundaci\u00f3n Universitaria Konrad Lorenz, la Filarm\u00f3nica de Bogot\u00e1 y Ense\u00f1a por Colombia, el concierto ser\u00e1 dirigido por los ganadores del Concurso Ciudad L\u00edrica, Viviana Rojas y Javier Felipe Cevallos y el maestro Miguel Pinz\u00f3n.<\/p>\n<p>Los \u00fatiles recogidos ser\u00e1n entregados al Instituto Cooperativo Agroindustrial (ICTA) de Madrid en Cundinamarca, donde algunos estudiantes son miembros de la Fundaci\u00f3n San Pablo.<\/p>\n<p>&nbsp;<\/p>\n<p>Por: Paula Alfonso<\/p>\n<p>Comunicadora \u2013 Periodista<\/p>\n<p>Fuente: El Espectador<\/p>\n<p>Imagen: Foto de EKATERINA BOLOVTSOVA: <a href=\"https:\/\/www.pexels.com\/es-es\/foto\/borrador-colorido-lapices-naturaleza-muerta-6193089\/\">https:\/\/www.pexels.com\/es-es\/foto\/borrador-colorido-lapices-naturaleza-muerta-6193089\/<\/a><\/p>\n","protected":false},"excerpt":{"rendered":"<p>Organizado por la Fundaci\u00f3n Universitaria Konrad Lorenz, Filarm\u00f3nica de Bogot\u00e1 y Ense\u00f1a por Colombia, el concierto tiene como objetivo la recolecci\u00f3n de \u00fatiles escolares para ni\u00f1os del municipio de Madrid, Cundinamarca. El pr\u00f3ximo 2 de noviembre, desde las 7:00 p.m., en el Auditorio Sonia Fajardo Forero de la Fundaci\u00f3n Universitaria Konrad Lorenz, se llevar\u00e1 a [&hellip;]<\/p>\n","protected":false},"author":1,"featured_media":2498,"comment_status":"open","ping_status":"open","sticky":false,"template":"","format":"standard","meta":{"rop_custom_images_group":[],"rop_custom_messages_group":[],"rop_publish_now":"initial","rop_publish_now_accounts":{"facebook_1821922728178256_102311254498371":""},"rop_publish_now_history":[],"rop_publish_now_status":"pending","footnotes":""},"categories":[4],"tags":[17,91,304],"class_list":["post-2497","post","type-post","status-publish","format-standard","has-post-thumbnail","hentry","category-prensa","tag-cundinamarca","tag-educacion","tag-opera"],"_links":{"self":[{"href":"https:\/\/stcmedios.com\/index.php\/wp-json\/wp\/v2\/posts\/2497","targetHints":{"allow":["GET"]}}],"collection":[{"href":"https:\/\/stcmedios.com\/index.php\/wp-json\/wp\/v2\/posts"}],"about":[{"href":"https:\/\/stcmedios.com\/index.php\/wp-json\/wp\/v2\/types\/post"}],"author":[{"embeddable":true,"href":"https:\/\/stcmedios.com\/index.php\/wp-json\/wp\/v2\/users\/1"}],"replies":[{"embeddable":true,"href":"https:\/\/stcmedios.com\/index.php\/wp-json\/wp\/v2\/comments?post=2497"}],"version-history":[{"count":0,"href":"https:\/\/stcmedios.com\/index.php\/wp-json\/wp\/v2\/posts\/2497\/revisions"}],"wp:featuredmedia":[{"embeddable":true,"href":"https:\/\/stcmedios.com\/index.php\/wp-json\/wp\/v2\/media\/2498"}],"wp:attachment":[{"href":"https:\/\/stcmedios.com\/index.php\/wp-json\/wp\/v2\/media?parent=2497"}],"wp:term":[{"taxonomy":"category","embeddable":true,"href":"https:\/\/stcmedios.com\/index.php\/wp-json\/wp\/v2\/categories?post=2497"},{"taxonomy":"post_tag","embeddable":true,"href":"https:\/\/stcmedios.com\/index.php\/wp-json\/wp\/v2\/tags?post=2497"}],"curies":[{"name":"wp","href":"https:\/\/api.w.org\/{rel}","templated":true}]}}