{"id":2309,"date":"2023-10-13T22:25:31","date_gmt":"2023-10-13T22:25:31","guid":{"rendered":"https:\/\/stcmedios.com\/?p=2309"},"modified":"2023-10-13T22:25:31","modified_gmt":"2023-10-13T22:25:31","slug":"los-cinco-puntos-de-la-articulacion-entre-la-ccb-y-el-gobierno-nacional-para-el-desarrollo-empresarial-e-industrial-de-la-region","status":"publish","type":"post","link":"https:\/\/stcmedios.com\/index.php\/2023\/10\/13\/los-cinco-puntos-de-la-articulacion-entre-la-ccb-y-el-gobierno-nacional-para-el-desarrollo-empresarial-e-industrial-de-la-region\/","title":{"rendered":"Los cinco puntos de la articulaci\u00f3n entre la CCB y el Gobierno Nacional para el desarrollo empresarial e  industrial de la regi\u00f3n"},"content":{"rendered":"<p><img loading=\"lazy\" decoding=\"async\" class=\"alignnone size-medium wp-image-2310 lazyload\" src=\"data:image\/gif;base64,R0lGODlhAQABAAAAACH5BAEKAAEALAAAAAABAAEAAAICTAEAOw==\" alt=\"\" width=\"300\" height=\"200\" sizes=\"auto, (max-width: 300px) 100vw, 300px\" data-src=\"https:\/\/stcmedios.com\/wp-content\/uploads\/2023\/10\/Fotos-cortesia-de-la-CCB-2-1-300x200.jpeg\" data-srcset=\"https:\/\/stcmedios.com\/wp-content\/uploads\/2023\/10\/Fotos-cortesia-de-la-CCB-2-1-300x200.jpeg 300w, https:\/\/stcmedios.com\/wp-content\/uploads\/2023\/10\/Fotos-cortesia-de-la-CCB-2-1-1024x682.jpeg 1024w, https:\/\/stcmedios.com\/wp-content\/uploads\/2023\/10\/Fotos-cortesia-de-la-CCB-2-1-768x512.jpeg 768w, https:\/\/stcmedios.com\/wp-content\/uploads\/2023\/10\/Fotos-cortesia-de-la-CCB-2-1-1536x1023.jpeg 1536w, https:\/\/stcmedios.com\/wp-content\/uploads\/2023\/10\/Fotos-cortesia-de-la-CCB-2-1.jpeg 1600w\"><img loading=\"lazy\" decoding=\"async\" class=\"alignnone size-medium wp-image-2311 lazyload\" src=\"data:image\/gif;base64,R0lGODlhAQABAAAAACH5BAEKAAEALAAAAAABAAEAAAICTAEAOw==\" alt=\"\" width=\"300\" height=\"191\" sizes=\"auto, (max-width: 300px) 100vw, 300px\" data-src=\"https:\/\/stcmedios.com\/wp-content\/uploads\/2023\/10\/Jorge-Ivan-Gonzalez-Ovidio-Claros-Soraya-Caro-Vargas-300x191.jpeg\" data-srcset=\"https:\/\/stcmedios.com\/wp-content\/uploads\/2023\/10\/Jorge-Ivan-Gonzalez-Ovidio-Claros-Soraya-Caro-Vargas-300x191.jpeg 300w, https:\/\/stcmedios.com\/wp-content\/uploads\/2023\/10\/Jorge-Ivan-Gonzalez-Ovidio-Claros-Soraya-Caro-Vargas-1024x652.jpeg 1024w, https:\/\/stcmedios.com\/wp-content\/uploads\/2023\/10\/Jorge-Ivan-Gonzalez-Ovidio-Claros-Soraya-Caro-Vargas-768x489.jpeg 768w, https:\/\/stcmedios.com\/wp-content\/uploads\/2023\/10\/Jorge-Ivan-Gonzalez-Ovidio-Claros-Soraya-Caro-Vargas-1536x978.jpeg 1536w, https:\/\/stcmedios.com\/wp-content\/uploads\/2023\/10\/Jorge-Ivan-Gonzalez-Ovidio-Claros-Soraya-Caro-Vargas.jpeg 1600w\"><\/p>\n<p>En un trabajo conjunto con el fin de aumentar la prosperidad de los<br \/>\nhabitantes de Bogot\u00e1-Regi\u00f3n Metropolitana, a partir del fortalecimiento de las capacidades<br \/>\nempresariales y el apoyo al desarrollo de la pol\u00edtica de reindustrializaci\u00f3n, que incluye a la<br \/>\neconom\u00eda popular; el Presidente de la C\u00e1mara de Comercio de Bogot\u00e1, Ovidio Claros, se reuni\u00f3<br \/>\ncon el director del Departamento Nacional de Planeaci\u00f3n, Jorge Iv\u00e1n Gonz\u00e1lez y la Viceministra de<br \/>\nDesarrollo empresarial del Ministerio de Comercio, Industria y Turismo, Soraya Caro Vargas.<br \/>\nComo resultado de la reuni\u00f3n, se traz\u00f3 una hoja de ruta de articulaci\u00f3n y coordinaci\u00f3n de acciones<br \/>\nentre el Gobierno Nacional y la C\u00e1mara de Comercio de Bogot\u00e1 con los siguientes cinco puntos<br \/>\nclave:<br \/>\n1. Fortalecimiento de la econom\u00eda popular y de todos los sectores econ\u00f3micos (empresarios<br \/>\ny emprendedores).<br \/>\n2. Fortalecimiento del sistema empresarial y comercial a trav\u00e9s de la Pol\u00edtica de<br \/>\nReindustrializaci\u00f3n: diversificaci\u00f3n y sofisticaci\u00f3n de la oferta interna y exportable, y cierre<br \/>\nde brechas de productividad.<br \/>\n3. La CCB se dispone como aliada de la iniciativa del gobierno de los Centros de<br \/>\nReindustrializaci\u00f3n ZASCA e implementar como meta 10 centros en la regi\u00f3n.<br \/>\n4. La creaci\u00f3n y el desarrollo del Cl\u00faster de Seguridad Alimentaria.<br \/>\n5. La CCB como una aliada para el Fortalecimiento de la econom\u00eda popular en los campesinos<br \/>\ny tenderos (capacitaci\u00f3n, formalizaci\u00f3n, acceso a cr\u00e9dito y a mercados).<br \/>\nAs\u00ed mismo, el Presidente Ejecutivo solicit\u00f3 la inclusi\u00f3n de la C\u00e1mara de Comercio de Bogot\u00e1 como<br \/>\nrepresentante del orden territorial en el Consejo Nacional de Econom\u00eda Popular.<br \/>\nDesde la C\u00e1mara de Comercio de Bogot\u00e1 seguimos trabajando por el desarrollo y el<br \/>\nfortalecimiento de todos y cada uno de los empresarios de Bogot\u00e1 y los 59 municipios de nuestra<br \/>\njurisdicci\u00f3n.<\/p>\n","protected":false},"excerpt":{"rendered":"<p>En un trabajo conjunto con el fin de aumentar la prosperidad de los habitantes de Bogot\u00e1-Regi\u00f3n Metropolitana, a partir del fortalecimiento de las capacidades empresariales y el apoyo al desarrollo de la pol\u00edtica de reindustrializaci\u00f3n, que incluye a la econom\u00eda popular; el Presidente de la C\u00e1mara de Comercio de Bogot\u00e1, Ovidio Claros, se reuni\u00f3 con [&hellip;]<\/p>\n","protected":false},"author":1,"featured_media":2312,"comment_status":"open","ping_status":"open","sticky":false,"template":"","format":"standard","meta":{"rop_custom_images_group":[],"rop_custom_messages_group":[],"rop_publish_now":"initial","rop_publish_now_accounts":{"facebook_1821922728178256_102311254498371":""},"rop_publish_now_history":[],"rop_publish_now_status":"pending","footnotes":""},"categories":[4],"tags":[],"class_list":["post-2309","post","type-post","status-publish","format-standard","has-post-thumbnail","hentry","category-prensa"],"_links":{"self":[{"href":"https:\/\/stcmedios.com\/index.php\/wp-json\/wp\/v2\/posts\/2309","targetHints":{"allow":["GET"]}}],"collection":[{"href":"https:\/\/stcmedios.com\/index.php\/wp-json\/wp\/v2\/posts"}],"about":[{"href":"https:\/\/stcmedios.com\/index.php\/wp-json\/wp\/v2\/types\/post"}],"author":[{"embeddable":true,"href":"https:\/\/stcmedios.com\/index.php\/wp-json\/wp\/v2\/users\/1"}],"replies":[{"embeddable":true,"href":"https:\/\/stcmedios.com\/index.php\/wp-json\/wp\/v2\/comments?post=2309"}],"version-history":[{"count":0,"href":"https:\/\/stcmedios.com\/index.php\/wp-json\/wp\/v2\/posts\/2309\/revisions"}],"wp:featuredmedia":[{"embeddable":true,"href":"https:\/\/stcmedios.com\/index.php\/wp-json\/wp\/v2\/media\/2312"}],"wp:attachment":[{"href":"https:\/\/stcmedios.com\/index.php\/wp-json\/wp\/v2\/media?parent=2309"}],"wp:term":[{"taxonomy":"category","embeddable":true,"href":"https:\/\/stcmedios.com\/index.php\/wp-json\/wp\/v2\/categories?post=2309"},{"taxonomy":"post_tag","embeddable":true,"href":"https:\/\/stcmedios.com\/index.php\/wp-json\/wp\/v2\/tags?post=2309"}],"curies":[{"name":"wp","href":"https:\/\/api.w.org\/{rel}","templated":true}]}}